{"id":9856,"date":"2023-11-23T15:19:36","date_gmt":"2023-11-23T14:19:36","guid":{"rendered":"http:\/\/srhgx.be\/wordpress\/?p=9856"},"modified":"2023-11-23T15:19:38","modified_gmt":"2023-11-23T14:19:38","slug":"leau","status":"publish","type":"post","link":"http:\/\/srhgx.be\/wordpress\/leau\/","title":{"rendered":"L\u2019eau\u00a0\u00a0\u00a0\u00a0\u00a0\u00a0"},"content":{"rendered":"\n<p class=\"has-medium-font-size\"><strong>FAKE OR NOT\u00a0?<\/strong><\/p>\n\n\n\n<p class=\"has-nv-dark-bg-color has-text-color has-large-font-size\"><strong>Charl\u00e8ne DESCOLLONGES<\/strong><\/p>\n\n\n\n<p class=\"has-medium-font-size\"><strong>Mai 2023\u00a0\u00a0\u00a0\u00a0\u00a0\u00a0\u00a0\u00a0\u00a0\u00a0\u00a0\u00a0\u00a0\u00a0\u00a0 13,90 \u20ac\u00a0\u00a0\u00a0\u00a0\u00a0\u00a0\u00a0\u00a0\u00a0\u00a0\u00a0\u00a0\u00a0\u00a0\u00a0\u00a0\u00a0 <\/strong><\/p>\n\n\n\n<p class=\"has-medium-font-size\"><strong>\u00c9ditions\u00a0: Tana<\/strong>     <strong>ISBN\u00a0: 1030104816<\/strong><\/p>\n\n\n\n<figure class=\"wp-block-image size-full is-resized\"><img decoding=\"async\" width=\"122\" height=\"180\" src=\"http:\/\/srhgx.be\/wordpress\/wp-content\/uploads\/2023\/11\/image-45.png\" alt=\"\" class=\"wp-image-9857\" style=\"aspect-ratio:0.6777777777777778;width:183px;height:auto\"\/><\/figure>\n\n\n\n<p>A la base de toute forme de vie, l&rsquo;eau liquide est indispensable aux \u00e9cosyst\u00e8mes et \u00e0 l&rsquo;ensemble du vivant. L&rsquo;ing\u00e9nieure hydrologue alerte sur les cons\u00e9quences de son exploitation intensive et d\u00e9montre en quoi la gestion de cette ressource naturelle doit devenir collective et d\u00e9mocratique afin d&rsquo;\u00e9viter les p\u00e9nuries et les conflits, voire les guerres de l&rsquo;eau. \u00a9Electre 2023<\/p>\n\n\n\n<p><strong>L&rsquo;eau<\/strong><\/p>\n\n\n\n<p><strong>L&rsquo;eau est notre bien commun, indispensable aux humains<\/strong>, \u00e0 tous les \u00e9cosyst\u00e8mes et \u00e0 l&rsquo;ensemble du vivant. Naturellement, l&rsquo;eau chemine \u00e0 l&rsquo;int\u00e9rieur d&rsquo;un grand cycle ferm\u00e9 et infini. Mais \u00e7a, c&rsquo;\u00e9tait avant que les humains ne mettent \u00e0 leur service l&rsquo;eau douce partout sur la plan\u00e8te, l&rsquo;eau pour boire, l&rsquo;eau pour irriguer, l&rsquo;eau pour produire de l&rsquo;\u00e9nergie, l&rsquo;eau pour transformer ou fabriquer&#8230;<\/p>\n\n\n\n<p><strong>Alors, pour faire fonctionner notre syst\u00e8me \u00e9conomique, on pompe massivement<\/strong> et on rejette l\u00e0 o\u00f9 \u00e7a nous arrange, on d\u00e9tourne les cours de l&rsquo;eau, on endigue les rivi\u00e8res, on construit des barrages et des retenues, on b\u00e9tonne les zones humides, on d\u00e9foreste \u00e0 tour de bras, on pollue, on modifie le climat&#8230;<\/p>\n\n\n\n<p><strong>Il est urgent de regarder l&rsquo;eau douce autrement<\/strong> que comme une ressource \u00e0 contr\u00f4ler, \u00e9ternellement disponible. Enjeu politique, la gestion de l&rsquo;eau doit devenir collective et d\u00e9mocratique, sous peine de multiplier les conflits d&rsquo;usage, voire des guerres de l&rsquo;eau.<\/p>\n\n\n\n<p>Indispensable au vivant, \u00e0 l\u2019agriculture ou \u00e0 toute activit\u00e9 \u00e9conomique\u2026<\/p>\n\n\n\n<p>L\u2019eau est notre bien commun le plus pr\u00e9cieux. Pourtant, nous l\u2019avons tant d\u00e9tourn\u00e9 et pollu\u00e9 que son cycle naturel se disloque. Ressource de plus en plus fragile, l\u2019eau se rar\u00e9fie ou au contraire d\u00e9truit tout sur son passage. Interroger notre gestion de l\u2019eau est aujourd\u2019hui une n\u00e9cessit\u00e9 pour la pr\u00e9server.<\/p>\n\n\n\n<p>\u00ab La question de l\u2019eau est \u00e9minemment d\u00e9mocratique et politique. Nous&nbsp;devons apprendre \u00e0 la g\u00e9rer collectivement pour \u00e9viter les conflits,&nbsp;tout en y associant l\u2019ensemble du vivant. \u00bb<\/p>\n\n\n\n<p><em>Charl\u00e8ne Descollonges<\/em><\/p>\n\n\n\n<p><strong>Ing\u00e9nieure hydrologue sp\u00e9cialiste des questions du partage et de la gestion strat\u00e9gique de l&rsquo;eau, Charl\u00e8ne Descollonges<\/strong> d\u00e9m\u00eale le vrai du faux au sujet de cet enjeu \u00e9minemment politique.<br>Elle met en avant <strong>les cons\u00e9quences de l&rsquo;exploitation intensive de l&rsquo;eau sur son cycle naturel et sur notre plan\u00e8te<\/strong>, et d\u00e9montre en quoi <strong>la gestion de l&rsquo;eau doit devenir collective et d\u00e9mocratique afin d&rsquo;\u00e9viter les p\u00e9nuries, les conflits d&rsquo;usage, voire des guerres de l&rsquo;eau.<\/strong><\/p>\n<div style=\"display:flex; gap:10px;justify-content:center\" class=\"wps-pgfw-pdf-generate-icon__wrapper-frontend\">\n\t\t<a  href=\"http:\/\/srhgx.be\/wordpress\/wp-json\/wp\/v2\/posts\/9856?action=genpdf&amp;id=9856\" class=\"pgfw-single-pdf-download-button\" ><img src=\"http:\/\/srhgx.be\/wordpress\/wp-content\/plugins\/pdf-generator-for-wp\/admin\/src\/images\/PDF_Tray.svg\" title=\"G\u00e9n\u00e9rer un PDF\" style=\"width:auto; height:45px;\"><\/a>\n\t\t<\/div>","protected":false},"excerpt":{"rendered":"<p>FAKE OR NOT\u00a0? Charl\u00e8ne DESCOLLONGES Mai 2023\u00a0\u00a0\u00a0\u00a0\u00a0\u00a0\u00a0\u00a0\u00a0\u00a0\u00a0\u00a0\u00a0\u00a0\u00a0 13,90 \u20ac\u00a0\u00a0\u00a0\u00a0\u00a0\u00a0\u00a0\u00a0\u00a0\u00a0\u00a0\u00a0\u00a0\u00a0\u00a0\u00a0\u00a0 \u00c9ditions\u00a0: Tana ISBN\u00a0: 1030104816 A la base de toute forme de vie, l&rsquo;eau liquide est indispensable aux \u00e9cosyst\u00e8mes et \u00e0 l&rsquo;ensemble&hellip;&nbsp;<a href=\"http:\/\/srhgx.be\/wordpress\/leau\/\" rel=\"bookmark\">Lire la suite &raquo;<span class=\"screen-reader-text\">L\u2019eau\u00a0\u00a0\u00a0\u00a0\u00a0\u00a0<\/span><\/a><\/p>\n","protected":false},"author":10,"featured_media":478,"comment_status":"closed","ping_status":"closed","sticky":false,"template":"","format":"standard","meta":{"neve_meta_sidebar":"","neve_meta_container":"","neve_meta_enable_content_width":"","neve_meta_content_width":0,"neve_meta_title_alignment":"","neve_meta_author_avatar":"","neve_post_elements_order":"","neve_meta_disable_header":"","neve_meta_disable_footer":"","neve_meta_disable_title":"","footnotes":""},"categories":[146,110,1],"tags":[1031],"ppma_author":[447],"class_list":["post-9856","post","type-post","status-publish","format-standard","has-post-thumbnail","hentry","category-documents","category-livre","category-srhgx","tag-leau"],"publishpress_future_action":{"enabled":false,"date":"2026-05-04 19:59:58","action":"change-status","newStatus":"draft","terms":[],"taxonomy":"category","extraData":[]},"publishpress_future_workflow_manual_trigger":{"enabledWorkflows":[]},"authors":[{"term_id":447,"user_id":10,"is_guest":0,"slug":"cblancke","display_name":"Christine BLANCKE","avatar_url":"https:\/\/secure.gravatar.com\/avatar\/973b599229553ee0b848ec49ca3de61a676ccbea8c5d03d2f477ac1a73794615?s=96&d=mm&r=g","1":"","2":"","3":"","4":"","5":"","6":"","7":"","8":""}],"_links":{"self":[{"href":"http:\/\/srhgx.be\/wordpress\/wp-json\/wp\/v2\/posts\/9856","targetHints":{"allow":["GET"]}}],"collection":[{"href":"http:\/\/srhgx.be\/wordpress\/wp-json\/wp\/v2\/posts"}],"about":[{"href":"http:\/\/srhgx.be\/wordpress\/wp-json\/wp\/v2\/types\/post"}],"author":[{"embeddable":true,"href":"http:\/\/srhgx.be\/wordpress\/wp-json\/wp\/v2\/users\/10"}],"replies":[{"embeddable":true,"href":"http:\/\/srhgx.be\/wordpress\/wp-json\/wp\/v2\/comments?post=9856"}],"version-history":[{"count":2,"href":"http:\/\/srhgx.be\/wordpress\/wp-json\/wp\/v2\/posts\/9856\/revisions"}],"predecessor-version":[{"id":9915,"href":"http:\/\/srhgx.be\/wordpress\/wp-json\/wp\/v2\/posts\/9856\/revisions\/9915"}],"wp:featuredmedia":[{"embeddable":true,"href":"http:\/\/srhgx.be\/wordpress\/wp-json\/wp\/v2\/media\/478"}],"wp:attachment":[{"href":"http:\/\/srhgx.be\/wordpress\/wp-json\/wp\/v2\/media?parent=9856"}],"wp:term":[{"taxonomy":"category","embeddable":true,"href":"http:\/\/srhgx.be\/wordpress\/wp-json\/wp\/v2\/categories?post=9856"},{"taxonomy":"post_tag","embeddable":true,"href":"http:\/\/srhgx.be\/wordpress\/wp-json\/wp\/v2\/tags?post=9856"},{"taxonomy":"author","embeddable":true,"href":"http:\/\/srhgx.be\/wordpress\/wp-json\/wp\/v2\/ppma_author?post=9856"}],"curies":[{"name":"wp","href":"https:\/\/api.w.org\/{rel}","templated":true}]}}