{"id":9786,"date":"2023-11-17T11:36:29","date_gmt":"2023-11-17T10:36:29","guid":{"rendered":"http:\/\/srhgx.be\/wordpress\/?p=9786"},"modified":"2023-11-17T11:36:31","modified_gmt":"2023-11-17T10:36:31","slug":"le-jardin-de-cure","status":"publish","type":"post","link":"http:\/\/srhgx.be\/wordpress\/le-jardin-de-cure\/","title":{"rendered":"Le jardin de cur\u00e9"},"content":{"rendered":"\n<p class=\"has-medium-font-size\">\u00a0\u00a0\u00a0\u00a0\u00a0\u00a0<strong> R\u00e9jouir le corps et l\u2019esprit<\/strong><\/p>\n\n\n\n<p class=\"has-nv-dark-bg-color has-text-color has-large-font-size\"><strong>Xavier MATHIAS<\/strong><\/p>\n\n\n\n<p class=\"has-medium-font-size\"><strong>Mai 2023\u00a0\u00a0\u00a0\u00a0\u00a0\u00a0\u00a0\u00a0\u00a0 26,00 \u20ac\u00a0\u00a0\u00a0\u00a0\u00a0\u00a0\u00a0\u00a0\u00a0\u00a0\u00a0\u00a0\u00a0\u00a0\u00a0\u00a0\u00a0 <\/strong><\/p>\n\n\n\n<p class=\"has-medium-font-size\"><strong>\u00c9diteur\u00a0: Terre Vivante<\/strong>     <strong>ISBN\u00a0: 236098781X<\/strong><\/p>\n\n\n\n<figure class=\"wp-block-image size-full is-resized\"><img decoding=\"async\" width=\"140\" height=\"207\" src=\"http:\/\/srhgx.be\/wordpress\/wp-content\/uploads\/2023\/11\/image-18.png\" alt=\"\" class=\"wp-image-9788\" style=\"aspect-ratio:0.6763285024154589;width:264px;height:auto\"\/><\/figure>\n\n\n\n<p><strong>Le jardin de cur\u00e9, paradis du jardinier !<\/strong><br>Nourrir, soigner et r\u00e9jouir le corps et l\u2019\u00e2me. Voil\u00e0 le leitmotiv du jardin de cur\u00e9. On y retrouve donc les <strong>trois jardins distincts : potager\/fruitier, m\u00e9dicinal, bouquetier, ainsi qu\u2019un espace de m\u00e9ditation<\/strong>, et \u00e9ventuellement un <strong>petit \u00e9levage (poules, lapins\u2026).<\/strong> &nbsp;&nbsp;&nbsp;&nbsp;&nbsp;&nbsp;<\/p>\n\n\n\n<p><strong>Les techniques pour reproduire un jardin de cur\u00e9 chez soi<\/strong> : l&rsquo;adapter aux conditions locales (sol, climat&#8230;), le dessiner, l&rsquo;am\u00e9nager, choisir les pratiques jardini\u00e8res adapt\u00e9es (gestes, outils&#8230;) Les plantes du jardin de cur\u00e9 : bonnet d&rsquo;\u00e9v\u00eaque, chardon-Marie, concombre du diable, gant de Notre-Dame, larmes de Job, lys de la Madone, monnaie du pape, poire Cur\u00e9&#8230;<br>Sous la plume de Xavier Mathias et son in\u00e9galable \u00e9rudition jardini\u00e8re.<br><br><strong>De magnifiques photos r\u00e9alis\u00e9es dans le jardin du presbyt\u00e8re de Ch\u00e9digny, class\u00e9 village jardin remarquable.<br><\/strong><br>Le soutien de l&rsquo;Association des amis du jardin du presbyt\u00e8re de Ch\u00e9digny, village aux 100 000 visiteurs \/ an, qui sera un partenaire actif dans la commercialisation de l&rsquo;ouvrage. Le livre y sera notamment pr\u00e9sent\u00e9 lors du <strong>Festival des roses<\/strong>, qui se tient <strong>chaque ann\u00e9e \u00e0 la fin du mois de mai<\/strong> et accueille plus de 15 000 visiteurs.<br>Tout pour nourrir, soigner et r\u00e9jouir le corps et l&rsquo;\u00e2me : le leitmotiv du jardin de cur\u00e9 !<\/p>\n\n\n\n<p>&nbsp;Dans ce livre, Xavier Mathias nous parle d\u2019histoire, de techniques \u2013 <strong>comment reproduire un jardin de cur\u00e9 chez soi, sur l\u2019exemple du fameux jardin du presbyt\u00e8re de Ch\u00e9digny, et de plantes \u2013 potag\u00e8res, m\u00e9dicinales, aromatiques, fruiti\u00e8res, bouqueti\u00e8res<\/strong> \u2013 nous faisant profiter de son in\u00e9galable \u00e9rudition jardini\u00e8re.<\/p>\n\n\n\n<p>Xavier Mathias, mara\u00eecher de l\u00e9gumes anciens et oubli\u00e9s, auteur et enseignant au \u00ab&nbsp;potager du Roy&nbsp;\u00bb \u00e0 Versailles habite Ch\u00e9digny.&nbsp;<\/p>\n\n\n\n<p><strong>Presbyt\u00e8re de Ch\u00e9digny<\/strong><\/p>\n\n\n\n<p><strong>Ch\u00e9digny <\/strong>(37310) se trouve dans le <strong>d\u00e9partement Indre et Loire<\/strong> situ\u00e9 en r\u00e9gion Centre (<strong>Touraine<\/strong>), \u00e0 quelques kilom\u00e8tres du majestueux <strong>ch\u00e2teau de Chenonceau<\/strong> et de la Cit\u00e9 royale de <strong>Loches<\/strong><\/p>\n\n\n\n<p><strong>Dans le magnifique village de Ch\u00e9digny<\/strong>, <strong>le jardin de cur\u00e9 (labellis\u00e9 jardin remarquable en 2013)<\/strong> est une r\u00e9f\u00e9rence au niveau du fleurissement. Il a \u00e9t\u00e9 con\u00e7u avec la participation de sp\u00e9cialistes dans le domaine du jardin, dont Philippe Ferret et Denis Retournard pour le palissage des arbres fruitiers. Une \u00e9quipe de b\u00e9n\u00e9voles de l\u2019association Vignes et jardin de cur\u00e9 de Ch\u00e9digny entretient la vigne, organise des conf\u00e9rences et des promenades guid\u00e9es.<\/p>\n\n\n\n<p><a href=\"https:\/\/www.chedigny.fr\/le-jardin-du-presbytere-de-chedigny-article-9-0-106.html\">https:\/\/www.chedigny.fr\/le-jardin-du-presbytere-de-chedigny-article-9-0-106.html<\/a><\/p>\n\n\n\n<p>Depuis fort longtemps aucun investissement n\u2019avait \u00e9t\u00e9 r\u00e9alis\u00e9 dans le grand b\u00e2timent communal du presbyt\u00e8re, acquis une vingtaine d\u2019ann\u00e9es apr\u00e8s la R\u00e9volution. La toiture en tr\u00e8s mauvais \u00e9tat laissait passer l\u2019eau et il devenait urgent d\u2019intervenir. Ne pouvant se r\u00e9soudre \u00e0 perdre ce bel ensemble, la commune a fait le choix d\u2019en faire un h\u00e9bergement touristique, projet men\u00e9 de front avec la restauration du jardin.<\/p>\n\n\n\n<p>Cette restauration a \u00e9t\u00e9 possible gr\u00e2ce au soutien du Minist\u00e8re de l\u2019Environnement (dans le cadre de l\u2019appel \u00e0 projets Territoire \u00e0 \u00c9nergie Positive et \u00e0 Croissance verte), de la R\u00e9gion, du D\u00e9partement et de l\u2019association Roses de Ch\u00e9digny.<\/p>\n\n\n\n<p>&nbsp;Le jardin de cur\u00e9 a \u00e9t\u00e9 con\u00e7u avec l\u2019aide de consultants : Philippe Ferret et Aurore-Claudie Mangold (auteurs de \u00ab Jardins de Cur\u00e9 \u00bb &#8211; Ed. Flammarion), Denis Retournard, ancien responsable des collections fruiti\u00e8res du Jardin du Luxembourg, Xavier Mathias, auteur et enseignant au potager du Roy de Versailles, Claudine Cothet Couturier, paysagiste et l&rsquo;association les Croqueurs de pommes.<\/p>\n\n\n\n<p><strong>Il rassemble plusieurs vari\u00e9t\u00e9s de plantes vivaces et annuelles : d\u00e9coratives, m\u00e9dicinales, aromatiques,&nbsp; des arbustes, des arbres fruitiers et un arbre remarquable.<\/strong><\/p>\n\n\n\n<p>Le promeneur est invit\u00e9 \u00e0 cheminer sous une v\u00e9ritable nef v\u00e9g\u00e9tale de fruitiers et rosiers grimpants puis d\u00e9couvre \u00ab le carr\u00e9 de l\u2019apothicaire \u00bb ou jardin des simples avec son bassin. Suivent le jardin de la croix, le bosquet sacr\u00e9, le verger, le jardin liturgique, le potager\u2026<\/p>\n\n\n\n<p>Ce jardin de l\u2019excellence est un lieu de visite et de formation du \u00ab savoir-faire \u00bb du jardinier, transmis&nbsp; par le centre de formation Cl\u00e9ome, lors de stages pratiques destin\u00e9s aux jardiniers amateurs ou professionnels.<\/p>\n\n\n\n<p><strong>DESCRIPTION&nbsp;<\/strong><\/p>\n\n\n\n<p>Le jardin rassemble diff\u00e9rentes vari\u00e9t\u00e9s : <strong>l\u00e9gumes anciens, fleurs annuelles et vivaces, plantes m\u00e9dicinales et auxiliaires, verger.<\/strong><\/p>\n\n\n\n<p>La vo\u00fbte est fleurie de rosiers et cl\u00e9matites paliss\u00e9s par quelques croisillons de fil de fer ce qui permet d\u2019obtenir un effet vitrail. Au centre de la vo\u00fbte, des pommiers et poiriers paliss\u00e9s.<\/p>\n\n\n\n<p>Le promeneur est invit\u00e9 \u00e0 traverser cette <strong>longue vo\u00fbte fleurie et gourmande<\/strong> pour d\u00e9couvrir le <strong>\u00ab carr\u00e9 de l\u2019apothicaire \u00bb ou le jardin des simples<\/strong> (le cur\u00e9 utilisait fr\u00e9quemment les plantes officinales pour soigner). Au centre, un <strong>bassin <\/strong>\u00e9voque le <strong>baptist\u00e8re <\/strong>en accueillant l\u2019eau et les cieux. La <strong>pergola <\/strong>pr\u00e9sente, de ce c\u00f4t\u00e9, des perc\u00e9es en forme d\u2019arches \u00e9voquant un clo\u00eetre m\u00e9di\u00e9val.<\/p>\n\n\n\n<p>Puis s\u2019offre au regard le <strong>jardin de la croix<\/strong> hautement symbolique, quintessence du jardin de cur\u00e9 avec son compagnonnage bon enfant de fleurs famili\u00e8res, <strong>roses anciennes et moussues, plantes utilitaires<\/strong>. Pour se nourrir y sont cultiv\u00e9s <strong>l\u00e9gumes, petits fruits et condimentaires<\/strong>. En son c\u0153ur est \u00e9rig\u00e9e une haute croix de m\u00e9tal ouvrag\u00e9e.<\/p>\n\n\n\n<p>Puis vous d\u00e9couvrez de <strong>longues plates-bandes foisonnantes et vari\u00e9es<\/strong>. Du plantain \u00e0 fleurs de rose, des primev\u00e8res doubles, du muguet double constituent un v\u00e9ritable cabinet de curiosit\u00e9s v\u00e9g\u00e9tales. S\u2019y trouvent \u00e9galement des plantes rapport\u00e9es des croisades comme le lis de la Madone ainsi que des introductions exotiques, faites par les missionnaires j\u00e9suites : catalpa, rosier souleiana, osmanthe de Chine,&nbsp;<\/p>\n\n\n\n<p><strong>Plate-bande d\u00e9ambulatoire&nbsp;:<\/strong><\/p>\n\n\n\n<p>Le long du mur orient\u00e9 au sud-ouest, \u00e0 proximit\u00e9 du clos de la Vierge, sont plant\u00e9s <strong>douze euonymus<\/strong> Benkomasaki (topiaires naturelles),&nbsp;symbolisant les douze ap\u00f4tres.<\/p>\n\n\n\n<p>La glycine bleue est conserv\u00e9e sur le mur, elle sera conduite en frise sur le fa\u00eete du mur de part et d\u2019autre de son pied. Ce mur est garni de fruitiers (\u00e0 noyau) et de quelques rosiers grimpants.<\/p>\n\n\n\n<p><strong>&nbsp;Jardin de la croix&nbsp;:<\/strong><\/p>\n\n\n\n<p>Un rosier remontant rouge \u00e0 fleur simple, Chinensis sanguinea Bengale, est plant\u00e9 au pied de la croix, il symbolise par sa couleur le sang du Christ et par ses \u00e9pines sa couronne d&rsquo;\u00e9pines.<\/p>\n\n\n\n<p>Dans ce jardin se trouve un <strong>m\u00e9lange de l\u00e9gumes perp\u00e9tuels, fleurs vivaces, emplacements pour saisonni\u00e8res bulbeuses de printemps et bisannuelles puis bulbeuses d\u2019\u00e9t\u00e9 (dahlias), annuelles et condimentaires.<\/strong><\/p>\n\n\n\n<p>Les angles sont marqu\u00e9s de <strong>topiaires<\/strong>.<\/p>\n\n\n\n<p>L\u2019ensemble est compos\u00e9 d&rsquo;une gamme de couleurs vives et vari\u00e9es avec une pr\u00e9dominance de tons anciens pourpre, violet, vieil or.<\/p>\n\n\n\n<p><strong>All\u00e9e de la terrasse en direction du puits :<\/strong><\/p>\n\n\n\n<p>C&rsquo;est une all\u00e9e ponctu\u00e9e de <strong>six topiaires<\/strong> bas identiques, en sym\u00e9trie afin d\u2019accentuer la perspective.<\/p>\n\n\n\n<p><strong>Plates-bandes en bas de la terrasse :<\/strong><\/p>\n\n\n\n<p>Pas de bordure uniforme, les plantes d\u2019autrefois y sont en m\u00e9lange. Ces&nbsp; plates-bandes constituent un vrai cabinet de curiosit\u00e9 (plantes introduites par les missionnaires, condimentaires\u2026).&nbsp;<\/p>\n\n\n\n<p><strong>Jardin de l\u2019apothicaire<\/strong><\/p>\n\n\n\n<p><strong>Ce carr\u00e9 se caract\u00e9rise par son dynamisme, sa l\u00e9g\u00e8ret\u00e9, sa fra\u00eecheur, douceur, et par l&rsquo;alternance des couleurs qui donne du mouvement \u00e0 ce jardin.<\/strong><strong><\/strong><\/p>\n\n\n\n<p>Les bordures de santolines grises sont taill\u00e9es dans les parties rectilignes. Dans les parties courbes vers le baptist\u00e8re ce sont des bordures d\u2019alch\u00e9milles. Au centre du carr\u00e9, le bassin en forme de baptist\u00e8re.<\/p>\n\n\n\n<p><strong>Verger :<\/strong><\/p>\n\n\n\n<p>Il est form\u00e9 d&rsquo;une rang\u00e9e de fruitiers en contre-espaliers obliques en croisillons, bord\u00e9e de fraisiers comme autrefois.<\/p>\n\n\n\n<p><strong>Jardin sacr\u00e9<\/strong><\/p>\n\n\n\n<p>A gauche des buis, <strong>le clos de la Vierge<\/strong> : celle-ci est fix\u00e9e sur un pi\u00e9destal \u00e0 la base duquel grimpent des plantes en friselis.&nbsp;<br>Ce lieu est plant\u00e9 d\u2019une v\u00e9g\u00e9tation arbustive et herbac\u00e9e \u00e0 <strong>fleurs blanches et pointe de bleu clair<\/strong><\/p>\n\n\n\n<p>A droite des buis, <strong>le coin du cur\u00e9<\/strong> : il est clos d\u2019une barri\u00e8re basse en bois rustique. On peut imaginer le cur\u00e9 lisant son br\u00e9viaire et m\u00e9ditant dans cette partie naturelle et ombrag\u00e9e du jardin.<\/p>\n\n\n\n<p>Le <strong>carr\u00e9 des petits fruits<\/strong> o\u00f9 poussent des framboisiers en ligne parall\u00e8le \u00e0 la vo\u00fbte fleurie.&nbsp;<\/p>\n\n\n\n<p>Cette vo\u00fbte fleurie de rosiers et cl\u00e9matites \u00e0 ses extr\u00e9mit\u00e9s, au centre de la vo\u00fbte, des pommiers et poiriers paliss\u00e9s.<\/p>\n\n\n\n<p><strong>Contre le mur de la rue :<\/strong><\/p>\n\n\n\n<p>Une palissade rustique en ch\u00e2taignier soutient les <strong>fruitiers et les vignes<\/strong> conduits en arcures. Diverses vari\u00e9t\u00e9s de vignes sont paliss\u00e9es en bas du potager.<\/p>\n\n\n\n<p>Le jardin potager d\u00e9roule ses multiples planches de l\u00e9gumes, m\u00e9connus et savoureux.<\/p>\n\n\n\n<p><strong>Xavier Mathias, jardinier convaincu et visionnaire<\/strong><\/p>\n\n\n\n<p><a href=\"https:\/\/www.lanouvellerepublique.fr\/indre-et-loire\/commune\/chedigny\/indre-et-loire-xavier-mathias-jardinier-convaincu-et-visionnaire\">https:\/\/www.lanouvellerepublique.fr\/indre-et-loire\/commune\/chedigny\/indre-et-loire-xavier-mathias-jardinier-convaincu-et-visionnaire<\/a><\/p>\n\n\n\n<p><strong>Quand Ch\u00e9digny devint\u2026 le village des roses !<\/strong><\/p>\n\n\n\n<figure class=\"wp-block-embed is-type-wp-embed is-provider-touraine-val-de-loire-adt-de-la-touraine wp-block-embed-touraine-val-de-loire-adt-de-la-touraine\"><div class=\"wp-block-embed__wrapper\">\n<blockquote class=\"wp-embedded-content\" data-secret=\"QRrR52JVh7\"><a href=\"https:\/\/www.touraineloirevalley.com\/village-jardin-de-chedigny\/\">Le village-jardin de Ch\u00e9digny<\/a><\/blockquote><iframe class=\"wp-embedded-content\" sandbox=\"allow-scripts\" security=\"restricted\" style=\"position: absolute; clip: rect(1px, 1px, 1px, 1px);\" title=\"\u00ab\u00a0Le village-jardin de Ch\u00e9digny\u00a0\u00bb &#8212; Touraine Val de Loire - ADT de la Touraine\" src=\"https:\/\/www.touraineloirevalley.com\/village-jardin-de-chedigny\/embed\/#?secret=1W1fXC34KF#?secret=QRrR52JVh7\" data-secret=\"QRrR52JVh7\" width=\"600\" height=\"338\" frameborder=\"0\" marginwidth=\"0\" marginheight=\"0\" scrolling=\"no\"><\/iframe>\n<\/div><\/figure>\n<div style=\"display:flex; gap:10px;justify-content:center\" class=\"wps-pgfw-pdf-generate-icon__wrapper-frontend\">\n\t\t<a  href=\"http:\/\/srhgx.be\/wordpress\/wp-json\/wp\/v2\/posts\/9786?action=genpdf&amp;id=9786\" class=\"pgfw-single-pdf-download-button\" ><img src=\"http:\/\/srhgx.be\/wordpress\/wp-content\/plugins\/pdf-generator-for-wp\/admin\/src\/images\/PDF_Tray.svg\" title=\"G\u00e9n\u00e9rer un PDF\" style=\"width:auto; height:45px;\"><\/a>\n\t\t<\/div>","protected":false},"excerpt":{"rendered":"<p>\u00a0\u00a0\u00a0\u00a0\u00a0\u00a0 R\u00e9jouir le corps et l\u2019esprit Xavier MATHIAS Mai 2023\u00a0\u00a0\u00a0\u00a0\u00a0\u00a0\u00a0\u00a0\u00a0 26,00 \u20ac\u00a0\u00a0\u00a0\u00a0\u00a0\u00a0\u00a0\u00a0\u00a0\u00a0\u00a0\u00a0\u00a0\u00a0\u00a0\u00a0\u00a0 \u00c9diteur\u00a0: Terre Vivante ISBN\u00a0: 236098781X Le jardin de cur\u00e9, paradis du jardinier !Nourrir, soigner et r\u00e9jouir le corps&hellip;&nbsp;<a href=\"http:\/\/srhgx.be\/wordpress\/le-jardin-de-cure\/\" rel=\"bookmark\">Lire la suite &raquo;<span class=\"screen-reader-text\">Le jardin de cur\u00e9<\/span><\/a><\/p>\n","protected":false},"author":10,"featured_media":9788,"comment_status":"closed","ping_status":"closed","sticky":false,"template":"","format":"standard","meta":{"neve_meta_sidebar":"","neve_meta_container":"","neve_meta_enable_content_width":"","neve_meta_content_width":0,"neve_meta_title_alignment":"","neve_meta_author_avatar":"","neve_post_elements_order":"","neve_meta_disable_header":"","neve_meta_disable_footer":"","neve_meta_disable_title":"","footnotes":""},"categories":[146,110,1],"tags":[1019,112,789,169,559],"ppma_author":[447],"class_list":["post-9786","post","type-post","status-publish","format-standard","has-post-thumbnail","hentry","category-documents","category-livre","category-srhgx","tag-chedigny","tag-jardin","tag-jardin-du-cure","tag-jardinier","tag-roses"],"publishpress_future_action":{"enabled":false,"date":"2026-05-04 21:27:55","action":"change-status","newStatus":"draft","terms":[],"taxonomy":"category","extraData":[]},"publishpress_future_workflow_manual_trigger":{"enabledWorkflows":[]},"authors":[{"term_id":447,"user_id":10,"is_guest":0,"slug":"cblancke","display_name":"Christine BLANCKE","avatar_url":"https:\/\/secure.gravatar.com\/avatar\/973b599229553ee0b848ec49ca3de61a676ccbea8c5d03d2f477ac1a73794615?s=96&d=mm&r=g","1":"","2":"","3":"","4":"","5":"","6":"","7":"","8":""}],"_links":{"self":[{"href":"http:\/\/srhgx.be\/wordpress\/wp-json\/wp\/v2\/posts\/9786","targetHints":{"allow":["GET"]}}],"collection":[{"href":"http:\/\/srhgx.be\/wordpress\/wp-json\/wp\/v2\/posts"}],"about":[{"href":"http:\/\/srhgx.be\/wordpress\/wp-json\/wp\/v2\/types\/post"}],"author":[{"embeddable":true,"href":"http:\/\/srhgx.be\/wordpress\/wp-json\/wp\/v2\/users\/10"}],"replies":[{"embeddable":true,"href":"http:\/\/srhgx.be\/wordpress\/wp-json\/wp\/v2\/comments?post=9786"}],"version-history":[{"count":2,"href":"http:\/\/srhgx.be\/wordpress\/wp-json\/wp\/v2\/posts\/9786\/revisions"}],"predecessor-version":[{"id":9841,"href":"http:\/\/srhgx.be\/wordpress\/wp-json\/wp\/v2\/posts\/9786\/revisions\/9841"}],"wp:featuredmedia":[{"embeddable":true,"href":"http:\/\/srhgx.be\/wordpress\/wp-json\/wp\/v2\/media\/9788"}],"wp:attachment":[{"href":"http:\/\/srhgx.be\/wordpress\/wp-json\/wp\/v2\/media?parent=9786"}],"wp:term":[{"taxonomy":"category","embeddable":true,"href":"http:\/\/srhgx.be\/wordpress\/wp-json\/wp\/v2\/categories?post=9786"},{"taxonomy":"post_tag","embeddable":true,"href":"http:\/\/srhgx.be\/wordpress\/wp-json\/wp\/v2\/tags?post=9786"},{"taxonomy":"author","embeddable":true,"href":"http:\/\/srhgx.be\/wordpress\/wp-json\/wp\/v2\/ppma_author?post=9786"}],"curies":[{"name":"wp","href":"https:\/\/api.w.org\/{rel}","templated":true}]}}