{"id":9780,"date":"2023-11-23T15:28:39","date_gmt":"2023-11-23T14:28:39","guid":{"rendered":"http:\/\/srhgx.be\/wordpress\/?p=9780"},"modified":"2025-05-22T08:16:59","modified_gmt":"2025-05-22T06:16:59","slug":"stephane-marie-laureat-du-prix-saint-fiacre-2023","status":"publish","type":"post","link":"http:\/\/srhgx.be\/wordpress\/stephane-marie-laureat-du-prix-saint-fiacre-2023\/","title":{"rendered":"St\u00e9phane Marie, laur\u00e9at du Prix Saint-Fiacre 2023"},"content":{"rendered":"\n<p>L\u2019<strong>Association des Journalistes du Jardin et de l\u2019Horticulture (AJJH) a d\u00e9cern\u00e9 son Prix Saint-Fiacre 2023 \u00e0 St\u00e9phane Marie, Dany Sautot et Pascaline Noack pour La Maubrairie, jardins du bocage.<\/strong><\/p>\n\n\n\n<p>St\u00e9phane Marie a d\u00e9j\u00e0 \u00e9crit de nombreux ouvrages, mais c\u2019est sans doute dans ce dernier livre qu\u2019il se livre le plus. En effet, s\u2019il nous pr\u00e9sente ses jardins de la Maubrairie, son propos est d\u2019exprimer combien ces cr\u00e9ations sont ancr\u00e9es \u00e0 la fois dans la tradition familiale et surtout dans le paysage normand qui l\u2019a vu na\u00eetre&nbsp;: le bocage.<\/p>\n\n\n\n<p>Pendant deux ans, <strong>avec ses fid\u00e8les complices, Dany et Pascaline, l\u2019autrice des superbes images<\/strong>, il a arpent\u00e9 en toutes saisons les jardins, initi\u00e9s depuis 30 ans et le paysage environnant dans lequel ils sont si bien int\u00e9gr\u00e9s.<\/p>\n\n\n\n<p>Enfant, St\u00e9phane parcourait chaque semaine ce<strong> bocage typique<\/strong> pour retrouver sa grand-m\u00e8re et y avait d\u00e9couvert au fil des saisons, les plantes locales, dont certaines, trouveront place dans ses jardins, en haie (aub\u00e9pines, h\u00eatres) ou en sous-bois (primev\u00e8res, jonquilles).<\/p>\n\n\n\n<figure class=\"wp-block-image size-full is-resized\"><img decoding=\"async\" width=\"155\" height=\"198\" src=\"http:\/\/srhgx.be\/wordpress\/wp-content\/uploads\/2023\/11\/image-16.png\" alt=\"\" class=\"wp-image-9781\" style=\"aspect-ratio:0.7828282828282829;width:261px;height:auto\"\/><\/figure>\n\n\n\n<p>Pascaline Noack, photographe, a re\u00e7u le prix Saint-Fiacre. St\u00e9phane Marie \u00e9tait dans son jardin abim\u00e9 par la temp\u00eate Ciaran \u00a9S. Gerbault<\/p>\n\n\n\n<p>La d\u00e9couverte commence par :<\/p>\n\n\n\n<ul class=\"wp-block-list\">\n<li>Le <strong>Jardin du matin<\/strong>, le premier r\u00e9alis\u00e9, et qui, en l\u00e9ger surplomb de la maison, \u00e9voque une sc\u00e8ne de th\u00e9\u00e2tre, univers dans lequel St\u00e9phane a commenc\u00e9 sa vie professionnelle\u00a0! Cette sc\u00e8ne assez close a peu \u00e0 peu abrit\u00e9 toute <strong>une collection v\u00e9g\u00e9tale, int\u00e9ressante toute l\u2019ann\u00e9e<\/strong>.<\/li>\n<\/ul>\n\n\n\n<ul class=\"wp-block-list\">\n<li>Deuxi\u00e8me \u00e9tape, le <strong>Jardin du midi<\/strong>, largement ouvert sur le paysage et marqu\u00e9 par une pi\u00e8ce d\u2019eau au tr\u00e8s sobre dessin, un jardin de gravier pr\u00e8s de la maison et toute une s\u00e9rie d\u2019arbustes le long des deux all\u00e9es qui conduisent au<\/li>\n<\/ul>\n\n\n\n<ul class=\"wp-block-list\">\n<li><strong>Jardin du soir<\/strong>. Au d\u00e9but, on ne pouvait y acc\u00e9der que par une chasse (chemin creux) descendant de la maison, ce qui lui conf\u00e9rait un attrait compl\u00e9mentaire.<\/li>\n<\/ul>\n\n\n\n<p>Ce jardin s\u2019ach\u00e8ve par une <strong>vaste perspective ouverte vers l\u2019horizon<\/strong>.<\/p>\n\n\n\n<p>Et, un peu plus bas encore, vraiment <strong>nich\u00e9 dans le bocage, le nouveau potager<\/strong>. <\/p>\n\n\n\n<p><a href=\"https:\/\/www.france.tv\/france-5\/silence-ca-pousse\/\">https:\/\/www.france.tv\/france-5\/silence-ca-pousse\/<\/a><\/p>\n<div style=\"display:flex; gap:10px;justify-content:center\" class=\"wps-pgfw-pdf-generate-icon__wrapper-frontend\">\n\t\t<a  href=\"http:\/\/srhgx.be\/wordpress\/wp-json\/wp\/v2\/posts\/9780?action=genpdf&amp;id=9780\" class=\"pgfw-single-pdf-download-button\" ><img src=\"http:\/\/srhgx.be\/wordpress\/wp-content\/plugins\/pdf-generator-for-wp\/admin\/src\/images\/PDF_Tray.svg\" title=\"G\u00e9n\u00e9rer un PDF\" style=\"width:auto; height:45px;\"><\/a>\n\t\t<\/div>","protected":false},"excerpt":{"rendered":"<p>L\u2019Association des Journalistes du Jardin et de l\u2019Horticulture (AJJH) a d\u00e9cern\u00e9 son Prix Saint-Fiacre 2023 \u00e0 St\u00e9phane Marie, Dany Sautot et Pascaline Noack pour La Maubrairie, jardins du bocage. St\u00e9phane&hellip;&nbsp;<a href=\"http:\/\/srhgx.be\/wordpress\/stephane-marie-laureat-du-prix-saint-fiacre-2023\/\" rel=\"bookmark\">Lire la suite &raquo;<span class=\"screen-reader-text\">St\u00e9phane Marie, laur\u00e9at du Prix Saint-Fiacre 2023<\/span><\/a><\/p>\n","protected":false},"author":10,"featured_media":783,"comment_status":"closed","ping_status":"closed","sticky":false,"template":"","format":"standard","meta":{"neve_meta_sidebar":"","neve_meta_container":"","neve_meta_enable_content_width":"","neve_meta_content_width":0,"neve_meta_title_alignment":"","neve_meta_author_avatar":"","neve_post_elements_order":"","neve_meta_disable_header":"","neve_meta_disable_footer":"","neve_meta_disable_title":"","footnotes":""},"categories":[146,110,1],"tags":[112,1035],"ppma_author":[447],"class_list":["post-9780","post","type-post","status-publish","format-standard","has-post-thumbnail","hentry","category-documents","category-livre","category-srhgx","tag-jardin","tag-stephane-marie"],"publishpress_future_action":{"enabled":false,"date":"2026-05-06 14:27:37","action":"change-status","newStatus":"draft","terms":[],"taxonomy":"category","extraData":[]},"publishpress_future_workflow_manual_trigger":{"enabledWorkflows":[]},"authors":[{"term_id":447,"user_id":10,"is_guest":0,"slug":"cblancke","display_name":"Christine BLANCKE","avatar_url":"https:\/\/secure.gravatar.com\/avatar\/973b599229553ee0b848ec49ca3de61a676ccbea8c5d03d2f477ac1a73794615?s=96&d=mm&r=g","1":"","2":"","3":"","4":"","5":"","6":"","7":"","8":""}],"_links":{"self":[{"href":"http:\/\/srhgx.be\/wordpress\/wp-json\/wp\/v2\/posts\/9780","targetHints":{"allow":["GET"]}}],"collection":[{"href":"http:\/\/srhgx.be\/wordpress\/wp-json\/wp\/v2\/posts"}],"about":[{"href":"http:\/\/srhgx.be\/wordpress\/wp-json\/wp\/v2\/types\/post"}],"author":[{"embeddable":true,"href":"http:\/\/srhgx.be\/wordpress\/wp-json\/wp\/v2\/users\/10"}],"replies":[{"embeddable":true,"href":"http:\/\/srhgx.be\/wordpress\/wp-json\/wp\/v2\/comments?post=9780"}],"version-history":[{"count":4,"href":"http:\/\/srhgx.be\/wordpress\/wp-json\/wp\/v2\/posts\/9780\/revisions"}],"predecessor-version":[{"id":12659,"href":"http:\/\/srhgx.be\/wordpress\/wp-json\/wp\/v2\/posts\/9780\/revisions\/12659"}],"wp:featuredmedia":[{"embeddable":true,"href":"http:\/\/srhgx.be\/wordpress\/wp-json\/wp\/v2\/media\/783"}],"wp:attachment":[{"href":"http:\/\/srhgx.be\/wordpress\/wp-json\/wp\/v2\/media?parent=9780"}],"wp:term":[{"taxonomy":"category","embeddable":true,"href":"http:\/\/srhgx.be\/wordpress\/wp-json\/wp\/v2\/categories?post=9780"},{"taxonomy":"post_tag","embeddable":true,"href":"http:\/\/srhgx.be\/wordpress\/wp-json\/wp\/v2\/tags?post=9780"},{"taxonomy":"author","embeddable":true,"href":"http:\/\/srhgx.be\/wordpress\/wp-json\/wp\/v2\/ppma_author?post=9780"}],"curies":[{"name":"wp","href":"https:\/\/api.w.org\/{rel}","templated":true}]}}