{"id":9741,"date":"2023-11-12T10:11:44","date_gmt":"2023-11-12T09:11:44","guid":{"rendered":"http:\/\/srhgx.be\/wordpress\/?p=9741"},"modified":"2023-11-12T10:11:46","modified_gmt":"2023-11-12T09:11:46","slug":"lintelligence-des-arbres","status":"publish","type":"post","link":"http:\/\/srhgx.be\/wordpress\/lintelligence-des-arbres\/","title":{"rendered":"L&rsquo;intelligence des arbres"},"content":{"rendered":"\n<p class=\"has-medium-font-size\"><strong>20 novembre 2023 \u00e0 19h30 dans la salle du Conseil communal, Avenue des Combattants, 35 \u00e0 1340 Ottignies<\/strong><\/p>\n\n\n\n<figure class=\"wp-block-image size-full\"><img decoding=\"async\" src=\"http:\/\/srhgx.be\/wordpress\/wp-content\/uploads\/2023\/11\/image-3.png\" alt=\"\" class=\"wp-image-9742\"\/><\/figure>\n\n\n\n<p><strong>Projection du documentaire<\/strong> <strong><em>\u00ab L&rsquo;Intelligence des Arbres \u00bb<\/em><\/strong> r\u00e9alis\u00e9 par Julia Dordel et Guido T\u00f6lk (80 min) suivi de <strong>l\u2019intervention d\u2019Olivier Baudry<\/strong>, chercheur en \u00e9cologie et de gestion foresti\u00e8re \u00e0 l\u2019UCLouvain.<\/p>\n\n\n\n<p>Ce documentaire <em>montre le travail minutieux et passionnant des scientifiques, n\u00e9cessaire \u00e0 la compr\u00e9hension des interactions entre les arbres ainsi que les cons\u00e9quences de cette d\u00e9couverte.<\/em><\/p>\n\n\n\n<p>Un forestier en Allemagne, <strong>Peter Wohlleben<\/strong>, a observ\u00e9 que les arbres communiquent les uns avec les autres en s&rsquo;occupant avec amour de leur prog\u00e9niture, de leurs anciens et des arbres voisins quand ils sont malades.<br>Il a \u00e9crit le bestseller \u00ab\u00a0<strong><em>La Vie Secr\u00e8te des Arbres<\/em><\/strong>\u00a0\u00bb (vendu \u00e0 plus d&rsquo;1 million d&rsquo;exemplaires) qui a \u00e9merveill\u00e9 les amoureux de la nature. Ses affirmations ont \u00e9t\u00e9 confirm\u00e9es par des scientifiques, dont Suzanne Simard, \u00e0 l&rsquo;Universit\u00e9 du \u00ab\u00a0British Columbia\u00a0\u00bb au Canada.<br>Ce documentaire montre le travail minutieux et passionnant des scientifiques, n\u00e9cessaire \u00e0 la compr\u00e9hension des interactions entre les arbres ainsi que les cons\u00e9quences de cette d\u00e9couverte.<br><strong>Ce savoir va changer votre regard sur le vivant, les arbres et les for\u00eats.<\/strong><\/p>\n\n\n\n<p><em><strong>L\u2019intelligence des arbres<\/strong><\/em> <strong>fait suite \u00e0 l\u2019ouvrage de Peter Wohlleben, <em>La vie secr\u00e8te des arbres<\/em>.<\/strong> <strong>Un livre ph\u00e9nom\u00e8ne<\/strong>, encens\u00e9 par la critique, traduit en 32 langues.<\/p>\n\n\n\n<p>Pour y participer, vous pouvez envoyer un <strong>mail \u00e0 environnement@olln.be<\/strong> ou <strong>t\u00e9l\u00e9phoner au 010\/43 62 50 (en pr\u00e9cisant votre nom et le nombre de participants).<\/strong> Le <strong>nombre de places est limit\u00e9 \u00e0 100 personnes<\/strong>.<\/p>\n\n\n\n<p><a href=\"https:\/\/www.rtbf.be\/article\/l-intelligence-des-arbres-toute-une-vie-secrete-mise-en-lumiere-10424622\">https:\/\/www.rtbf.be\/article\/l-intelligence-des-arbres-toute-une-vie-secrete-mise-en-lumiere-1042462<\/a>  <\/p>\n\n\n\n<figure class=\"wp-block-image size-full\"><img fetchpriority=\"high\" decoding=\"async\" width=\"340\" height=\"340\" src=\"http:\/\/srhgx.be\/wordpress\/wp-content\/uploads\/2023\/11\/image-5.png\" alt=\"\" class=\"wp-image-9744\" srcset=\"http:\/\/srhgx.be\/wordpress\/wp-content\/uploads\/2023\/11\/image-5.png 340w, http:\/\/srhgx.be\/wordpress\/wp-content\/uploads\/2023\/11\/image-5-300x300.png 300w, http:\/\/srhgx.be\/wordpress\/wp-content\/uploads\/2023\/11\/image-5-150x150.png 150w, http:\/\/srhgx.be\/wordpress\/wp-content\/uploads\/2023\/11\/image-5-200x200.png 200w\" sizes=\"(max-width: 340px) 100vw, 340px\" \/><\/figure>\n\n\n\n<figure class=\"wp-block-image size-full\"><img decoding=\"async\" width=\"215\" height=\"234\" src=\"http:\/\/srhgx.be\/wordpress\/wp-content\/uploads\/2023\/11\/image-6.png\" alt=\"\" class=\"wp-image-9745\" srcset=\"http:\/\/srhgx.be\/wordpress\/wp-content\/uploads\/2023\/11\/image-6.png 215w, http:\/\/srhgx.be\/wordpress\/wp-content\/uploads\/2023\/11\/image-6-200x218.png 200w\" sizes=\"(max-width: 215px) 100vw, 215px\" \/><\/figure>\n<div style=\"display:flex; gap:10px;justify-content:center\" class=\"wps-pgfw-pdf-generate-icon__wrapper-frontend\">\n\t\t<a  href=\"http:\/\/srhgx.be\/wordpress\/wp-json\/wp\/v2\/posts\/9741?action=genpdf&amp;id=9741\" class=\"pgfw-single-pdf-download-button\" ><img src=\"http:\/\/srhgx.be\/wordpress\/wp-content\/plugins\/pdf-generator-for-wp\/admin\/src\/images\/PDF_Tray.svg\" title=\"G\u00e9n\u00e9rer un PDF\" style=\"width:auto; height:45px;\"><\/a>\n\t\t<\/div>","protected":false},"excerpt":{"rendered":"<p>20 novembre 2023 \u00e0 19h30 dans la salle du Conseil communal, Avenue des Combattants, 35 \u00e0 1340 Ottignies Projection du documentaire \u00ab L&rsquo;Intelligence des Arbres \u00bb r\u00e9alis\u00e9 par Julia Dordel&hellip;&nbsp;<a href=\"http:\/\/srhgx.be\/wordpress\/lintelligence-des-arbres\/\" rel=\"bookmark\">Lire la suite &raquo;<span class=\"screen-reader-text\">L&rsquo;intelligence des arbres<\/span><\/a><\/p>\n","protected":false},"author":10,"featured_media":9743,"comment_status":"closed","ping_status":"closed","sticky":false,"template":"","format":"standard","meta":{"neve_meta_sidebar":"","neve_meta_container":"","neve_meta_enable_content_width":"","neve_meta_content_width":0,"neve_meta_title_alignment":"","neve_meta_author_avatar":"","neve_post_elements_order":"","neve_meta_disable_header":"","neve_meta_disable_footer":"","neve_meta_disable_title":"","footnotes":""},"categories":[146,420,1],"tags":[259,1015,1016],"ppma_author":[447],"class_list":["post-9741","post","type-post","status-publish","format-standard","has-post-thumbnail","hentry","category-documents","category-spectacles-expositions","category-srhgx","tag-arbres","tag-intelligence","tag-vie-secrete"],"publishpress_future_action":{"enabled":false,"date":"2026-05-04 21:31:21","action":"change-status","newStatus":"draft","terms":[],"taxonomy":"category","extraData":[]},"publishpress_future_workflow_manual_trigger":{"enabledWorkflows":[]},"authors":[{"term_id":447,"user_id":10,"is_guest":0,"slug":"cblancke","display_name":"Christine BLANCKE","avatar_url":"https:\/\/secure.gravatar.com\/avatar\/973b599229553ee0b848ec49ca3de61a676ccbea8c5d03d2f477ac1a73794615?s=96&d=mm&r=g","1":"","2":"","3":"","4":"","5":"","6":"","7":"","8":""}],"_links":{"self":[{"href":"http:\/\/srhgx.be\/wordpress\/wp-json\/wp\/v2\/posts\/9741","targetHints":{"allow":["GET"]}}],"collection":[{"href":"http:\/\/srhgx.be\/wordpress\/wp-json\/wp\/v2\/posts"}],"about":[{"href":"http:\/\/srhgx.be\/wordpress\/wp-json\/wp\/v2\/types\/post"}],"author":[{"embeddable":true,"href":"http:\/\/srhgx.be\/wordpress\/wp-json\/wp\/v2\/users\/10"}],"replies":[{"embeddable":true,"href":"http:\/\/srhgx.be\/wordpress\/wp-json\/wp\/v2\/comments?post=9741"}],"version-history":[{"count":2,"href":"http:\/\/srhgx.be\/wordpress\/wp-json\/wp\/v2\/posts\/9741\/revisions"}],"predecessor-version":[{"id":9754,"href":"http:\/\/srhgx.be\/wordpress\/wp-json\/wp\/v2\/posts\/9741\/revisions\/9754"}],"wp:featuredmedia":[{"embeddable":true,"href":"http:\/\/srhgx.be\/wordpress\/wp-json\/wp\/v2\/media\/9743"}],"wp:attachment":[{"href":"http:\/\/srhgx.be\/wordpress\/wp-json\/wp\/v2\/media?parent=9741"}],"wp:term":[{"taxonomy":"category","embeddable":true,"href":"http:\/\/srhgx.be\/wordpress\/wp-json\/wp\/v2\/categories?post=9741"},{"taxonomy":"post_tag","embeddable":true,"href":"http:\/\/srhgx.be\/wordpress\/wp-json\/wp\/v2\/tags?post=9741"},{"taxonomy":"author","embeddable":true,"href":"http:\/\/srhgx.be\/wordpress\/wp-json\/wp\/v2\/ppma_author?post=9741"}],"curies":[{"name":"wp","href":"https:\/\/api.w.org\/{rel}","templated":true}]}}