{"id":9523,"date":"2023-10-21T13:12:16","date_gmt":"2023-10-21T11:12:16","guid":{"rendered":"http:\/\/srhgx.be\/wordpress\/?p=9523"},"modified":"2023-10-21T13:12:18","modified_gmt":"2023-10-21T11:12:18","slug":"almanach-du-jardinier-2024","status":"publish","type":"post","link":"http:\/\/srhgx.be\/wordpress\/almanach-du-jardinier-2024\/","title":{"rendered":"Almanach du jardinier 2024"},"content":{"rendered":"\n<p class=\"has-nv-dark-bg-color has-text-color has-large-font-size\"><strong>Collectif<\/strong><\/p>\n\n\n\n<p class=\"has-medium-font-size\"><strong>Septembre 2023\u00a0\u00a0\u00a0\u00a0\u00a0\u00a0\u00a0 14,90 \u20ac\u00a0\u00a0\u00a0 <\/strong><\/p>\n\n\n\n<p class=\"has-medium-font-size\"><strong>\u00c9ditions\u00a0: Artemis<\/strong>     <strong>ISBN\u00a0: 2816021858<\/strong><\/p>\n\n\n\n<figure class=\"wp-block-image size-full is-resized\"><img decoding=\"async\" width=\"141\" height=\"180\" src=\"http:\/\/srhgx.be\/wordpress\/wp-content\/uploads\/2023\/10\/image-24.png\" alt=\"\" class=\"wp-image-9524\" style=\"aspect-ratio:0.7833333333333333;width:335px;height:auto\"\/><\/figure>\n\n\n\n<p>Cet almanach tr\u00e8s complet sera votre alli\u00e9 indispensable au jardin ! &nbsp;&nbsp;&nbsp;&nbsp;&nbsp;&nbsp;&nbsp;&nbsp;&nbsp;&nbsp;&nbsp;&nbsp;&nbsp;&nbsp;&nbsp;&nbsp;&nbsp;&nbsp;&nbsp;&nbsp;&nbsp;&nbsp;&nbsp;&nbsp;<\/p>\n\n\n\n<p>D\u00e9couvrez chaque mois :<\/p>\n\n\n\n<p>&#8211; un calendrier pour bien vous organiser<\/p>\n\n\n\n<p>&#8211; les fruits et l\u00e9gumes de saison<\/p>\n\n\n\n<p>&#8211; les t\u00e2ches \u00e0 accomplir au jardin, au potager et en int\u00e9rieur<\/p>\n\n\n\n<p>&#8211; un zoom sur un fruit ou un l\u00e9gume \u00e0 semer au cours du mois<\/p>\n\n\n\n<p>&#8211; des conseils pour bien entretenir votre pelouse<\/p>\n\n\n\n<p>&#8211; une recette \u00e0 r\u00e9aliser avec les r\u00e9coltes du potager<\/p>\n\n\n\n<p>&#8211; un focus sur une maladie ou un parasite ainsi que ses traitements<\/p>\n\n\n\n<p>&#8211; et bien d&rsquo;autres astuces pour soigner vos plantes, pr\u00e9server vos outils, travailler en harmonie avec la nature, pr\u00e9voir la m\u00e9t\u00e9o, g\u00e9rer vos ressources en eau, etc.<\/p>\n<div style=\"display:flex; gap:10px;justify-content:center\" class=\"wps-pgfw-pdf-generate-icon__wrapper-frontend\">\n\t\t<a  href=\"http:\/\/srhgx.be\/wordpress\/wp-json\/wp\/v2\/posts\/9523?action=genpdf&amp;id=9523\" class=\"pgfw-single-pdf-download-button\" ><img src=\"http:\/\/srhgx.be\/wordpress\/wp-content\/plugins\/pdf-generator-for-wp\/admin\/src\/images\/PDF_Tray.svg\" title=\"G\u00e9n\u00e9rer un PDF\" style=\"width:auto; height:45px;\"><\/a>\n\t\t<\/div>","protected":false},"excerpt":{"rendered":"<p>Collectif Septembre 2023\u00a0\u00a0\u00a0\u00a0\u00a0\u00a0\u00a0 14,90 \u20ac\u00a0\u00a0\u00a0 \u00c9ditions\u00a0: Artemis ISBN\u00a0: 2816021858 Cet almanach tr\u00e8s complet sera votre alli\u00e9 indispensable au jardin ! &nbsp;&nbsp;&nbsp;&nbsp;&nbsp;&nbsp;&nbsp;&nbsp;&nbsp;&nbsp;&nbsp;&nbsp;&nbsp;&nbsp;&nbsp;&nbsp;&nbsp;&nbsp;&nbsp;&nbsp;&nbsp;&nbsp;&nbsp;&nbsp; D\u00e9couvrez chaque mois : &#8211; un calendrier pour bien&hellip;&nbsp;<a href=\"http:\/\/srhgx.be\/wordpress\/almanach-du-jardinier-2024\/\" rel=\"bookmark\">Lire la suite &raquo;<span class=\"screen-reader-text\">Almanach du jardinier 2024<\/span><\/a><\/p>\n","protected":false},"author":10,"featured_media":478,"comment_status":"closed","ping_status":"closed","sticky":false,"template":"","format":"standard","meta":{"neve_meta_sidebar":"","neve_meta_container":"","neve_meta_enable_content_width":"","neve_meta_content_width":0,"neve_meta_title_alignment":"","neve_meta_author_avatar":"","neve_post_elements_order":"","neve_meta_disable_header":"","neve_meta_disable_footer":"","neve_meta_disable_title":"","footnotes":""},"categories":[146,110,1],"tags":[944,982,983,169],"ppma_author":[447],"class_list":["post-9523","post","type-post","status-publish","format-standard","has-post-thumbnail","hentry","category-documents","category-livre","category-srhgx","tag-944","tag-aganda","tag-almanach","tag-jardinier"],"publishpress_future_action":{"enabled":false,"date":"2026-05-04 22:56:57","action":"change-status","newStatus":"draft","terms":[],"taxonomy":"category","extraData":[]},"publishpress_future_workflow_manual_trigger":{"enabledWorkflows":[]},"authors":[{"term_id":447,"user_id":10,"is_guest":0,"slug":"cblancke","display_name":"Christine BLANCKE","avatar_url":"https:\/\/secure.gravatar.com\/avatar\/973b599229553ee0b848ec49ca3de61a676ccbea8c5d03d2f477ac1a73794615?s=96&d=mm&r=g","1":"","2":"","3":"","4":"","5":"","6":"","7":"","8":""}],"_links":{"self":[{"href":"http:\/\/srhgx.be\/wordpress\/wp-json\/wp\/v2\/posts\/9523","targetHints":{"allow":["GET"]}}],"collection":[{"href":"http:\/\/srhgx.be\/wordpress\/wp-json\/wp\/v2\/posts"}],"about":[{"href":"http:\/\/srhgx.be\/wordpress\/wp-json\/wp\/v2\/types\/post"}],"author":[{"embeddable":true,"href":"http:\/\/srhgx.be\/wordpress\/wp-json\/wp\/v2\/users\/10"}],"replies":[{"embeddable":true,"href":"http:\/\/srhgx.be\/wordpress\/wp-json\/wp\/v2\/comments?post=9523"}],"version-history":[{"count":2,"href":"http:\/\/srhgx.be\/wordpress\/wp-json\/wp\/v2\/posts\/9523\/revisions"}],"predecessor-version":[{"id":9604,"href":"http:\/\/srhgx.be\/wordpress\/wp-json\/wp\/v2\/posts\/9523\/revisions\/9604"}],"wp:featuredmedia":[{"embeddable":true,"href":"http:\/\/srhgx.be\/wordpress\/wp-json\/wp\/v2\/media\/478"}],"wp:attachment":[{"href":"http:\/\/srhgx.be\/wordpress\/wp-json\/wp\/v2\/media?parent=9523"}],"wp:term":[{"taxonomy":"category","embeddable":true,"href":"http:\/\/srhgx.be\/wordpress\/wp-json\/wp\/v2\/categories?post=9523"},{"taxonomy":"post_tag","embeddable":true,"href":"http:\/\/srhgx.be\/wordpress\/wp-json\/wp\/v2\/tags?post=9523"},{"taxonomy":"author","embeddable":true,"href":"http:\/\/srhgx.be\/wordpress\/wp-json\/wp\/v2\/ppma_author?post=9523"}],"curies":[{"name":"wp","href":"https:\/\/api.w.org\/{rel}","templated":true}]}}