{"id":9520,"date":"2023-10-21T17:39:28","date_gmt":"2023-10-21T15:39:28","guid":{"rendered":"http:\/\/srhgx.be\/wordpress\/?p=9520"},"modified":"2023-10-21T17:39:29","modified_gmt":"2023-10-21T15:39:29","slug":"agenda-du-jardinier-2024-365-conseils-pour-reussir-son-jardin","status":"publish","type":"post","link":"http:\/\/srhgx.be\/wordpress\/agenda-du-jardinier-2024-365-conseils-pour-reussir-son-jardin\/","title":{"rendered":"Agenda du jardinier 2024 : 365 conseils pour r\u00e9ussir son jardin"},"content":{"rendered":"\n<p class=\"has-nv-dark-bg-color has-text-color has-large-font-size\"><strong>Thomas ALAMY<\/strong><\/p>\n\n\n\n<p class=\"has-medium-font-size\"><strong>Septembre 2023\u00a0\u00a0\u00a0\u00a0\u00a0\u00a0\u00a0 15,00 \u20ac\u00a0\u00a0\u00a0\u00a0\u00a0\u00a0\u00a0\u00a0\u00a0\u00a0 <\/strong><\/p>\n\n\n\n<p class=\"has-medium-font-size\"><strong>\u00c9diteur\u00a0: Ouest France <\/strong>          <strong>ISBN\u00a0: 2737389089<\/strong><\/p>\n\n\n\n<figure class=\"wp-block-image size-full is-resized\"><img decoding=\"async\" width=\"125\" height=\"180\" src=\"http:\/\/srhgx.be\/wordpress\/wp-content\/uploads\/2023\/10\/image-23.png\" alt=\"\" class=\"wp-image-9521\" style=\"aspect-ratio:0.6944444444444444;width:246px;height:auto\"\/><\/figure>\n\n\n\n<p>L&rsquo;agenda pr\u00e9sente :<\/p>\n\n\n\n<p>&#8211; <strong>Calendrier 2024<\/strong> avec jours f\u00e9ri\u00e9s, phases de la lune et vacances scolaires.<\/p>\n\n\n\n<p>&#8211; <strong>Jardiner avec la lune<\/strong> avec des explications.<\/p>\n\n\n\n<p>&#8211; <strong>12 ouvertures<\/strong>, 1 par mois avec \u00e0 chaque fois 1 photo et un court texte.<\/p>\n\n\n\n<p>&#8211; <strong>Une double-page par semaine<\/strong>.<\/p>\n\n\n\n<p>&#8211; <strong>Eph\u00e9m\u00e9ride avec les 7 jours de la semaine<\/strong> : f\u00eates, heures de lever et coucher du soleil, rep\u00e8res pour jardiner avec la lune<\/p>\n\n\n\n<p>&#8211; <strong>Une citation<\/strong> en lien avec le jardin, un jour de la semaine.<\/p>\n\n\n\n<p>&#8211; Le <strong>conseil ou l\u2019astuce de la semaine<\/strong>.<\/p>\n\n\n\n<p>&#8211; Les <strong>gestes de la semaine au potager et au verger<\/strong>.<\/p>\n\n\n\n<p>&#8211; Portrait de <strong>la plante de la semaine<\/strong> (fleur, arbuste, l\u00e9gume ou fruit) : texte, infos pratiques et photo.<\/p>\n\n\n\n<p>&#8211; Les <strong>r\u00e9ponses aux questions que l&rsquo;on se pose au jardin<\/strong>.<\/p>\n\n\n\n<p>&#8211; <strong>Calendrier des semis, plantations et r\u00e9coltes au potager<\/strong>.<\/p>\n\n\n\n<p>&#8211; Des <strong>pages de notes<\/strong>.<\/p>\n\n\n\n<p>&#8211; <strong>Calendrier 2025<\/strong>.<\/p>\n<div style=\"display:flex; gap:10px;justify-content:center\" class=\"wps-pgfw-pdf-generate-icon__wrapper-frontend\">\n\t\t<a  href=\"http:\/\/srhgx.be\/wordpress\/wp-json\/wp\/v2\/posts\/9520?action=genpdf&amp;id=9520\" class=\"pgfw-single-pdf-download-button\" ><img src=\"http:\/\/srhgx.be\/wordpress\/wp-content\/plugins\/pdf-generator-for-wp\/admin\/src\/images\/PDF_Tray.svg\" title=\"G\u00e9n\u00e9rer un PDF\" style=\"width:auto; height:45px;\"><\/a>\n\t\t<\/div>","protected":false},"excerpt":{"rendered":"<p>Thomas ALAMY Septembre 2023\u00a0\u00a0\u00a0\u00a0\u00a0\u00a0\u00a0 15,00 \u20ac\u00a0\u00a0\u00a0\u00a0\u00a0\u00a0\u00a0\u00a0\u00a0\u00a0 \u00c9diteur\u00a0: Ouest France ISBN\u00a0: 2737389089 L&rsquo;agenda pr\u00e9sente : &#8211; Calendrier 2024 avec jours f\u00e9ri\u00e9s, phases de la lune et vacances scolaires. &#8211; Jardiner avec&hellip;&nbsp;<a href=\"http:\/\/srhgx.be\/wordpress\/agenda-du-jardinier-2024-365-conseils-pour-reussir-son-jardin\/\" rel=\"bookmark\">Lire la suite &raquo;<span class=\"screen-reader-text\">Agenda du jardinier 2024 : 365 conseils pour r\u00e9ussir son jardin<\/span><\/a><\/p>\n","protected":false},"author":10,"featured_media":478,"comment_status":"closed","ping_status":"closed","sticky":false,"template":"","format":"standard","meta":{"neve_meta_sidebar":"","neve_meta_container":"","neve_meta_enable_content_width":"","neve_meta_content_width":0,"neve_meta_title_alignment":"","neve_meta_author_avatar":"","neve_post_elements_order":"","neve_meta_disable_header":"","neve_meta_disable_footer":"","neve_meta_disable_title":"","footnotes":""},"categories":[146,110,1],"tags":[944,355,169],"ppma_author":[447],"class_list":["post-9520","post","type-post","status-publish","format-standard","has-post-thumbnail","hentry","category-documents","category-livre","category-srhgx","tag-944","tag-agenda","tag-jardinier"],"publishpress_future_action":{"enabled":false,"date":"2026-05-04 23:06:17","action":"change-status","newStatus":"draft","terms":[],"taxonomy":"category","extraData":[]},"publishpress_future_workflow_manual_trigger":{"enabledWorkflows":[]},"authors":[{"term_id":447,"user_id":10,"is_guest":0,"slug":"cblancke","display_name":"Christine BLANCKE","avatar_url":"https:\/\/secure.gravatar.com\/avatar\/973b599229553ee0b848ec49ca3de61a676ccbea8c5d03d2f477ac1a73794615?s=96&d=mm&r=g","1":"","2":"","3":"","4":"","5":"","6":"","7":"","8":""}],"_links":{"self":[{"href":"http:\/\/srhgx.be\/wordpress\/wp-json\/wp\/v2\/posts\/9520","targetHints":{"allow":["GET"]}}],"collection":[{"href":"http:\/\/srhgx.be\/wordpress\/wp-json\/wp\/v2\/posts"}],"about":[{"href":"http:\/\/srhgx.be\/wordpress\/wp-json\/wp\/v2\/types\/post"}],"author":[{"embeddable":true,"href":"http:\/\/srhgx.be\/wordpress\/wp-json\/wp\/v2\/users\/10"}],"replies":[{"embeddable":true,"href":"http:\/\/srhgx.be\/wordpress\/wp-json\/wp\/v2\/comments?post=9520"}],"version-history":[{"count":2,"href":"http:\/\/srhgx.be\/wordpress\/wp-json\/wp\/v2\/posts\/9520\/revisions"}],"predecessor-version":[{"id":9613,"href":"http:\/\/srhgx.be\/wordpress\/wp-json\/wp\/v2\/posts\/9520\/revisions\/9613"}],"wp:featuredmedia":[{"embeddable":true,"href":"http:\/\/srhgx.be\/wordpress\/wp-json\/wp\/v2\/media\/478"}],"wp:attachment":[{"href":"http:\/\/srhgx.be\/wordpress\/wp-json\/wp\/v2\/media?parent=9520"}],"wp:term":[{"taxonomy":"category","embeddable":true,"href":"http:\/\/srhgx.be\/wordpress\/wp-json\/wp\/v2\/categories?post=9520"},{"taxonomy":"post_tag","embeddable":true,"href":"http:\/\/srhgx.be\/wordpress\/wp-json\/wp\/v2\/tags?post=9520"},{"taxonomy":"author","embeddable":true,"href":"http:\/\/srhgx.be\/wordpress\/wp-json\/wp\/v2\/ppma_author?post=9520"}],"curies":[{"name":"wp","href":"https:\/\/api.w.org\/{rel}","templated":true}]}}