{"id":9513,"date":"2023-10-21T17:43:02","date_gmt":"2023-10-21T15:43:02","guid":{"rendered":"http:\/\/srhgx.be\/wordpress\/?p=9513"},"modified":"2023-10-21T17:43:03","modified_gmt":"2023-10-21T15:43:03","slug":"le-grand-double-almanach-belge-dit-de-liege-2024","status":"publish","type":"post","link":"http:\/\/srhgx.be\/wordpress\/le-grand-double-almanach-belge-dit-de-liege-2024\/","title":{"rendered":"Le Grand double almanach belge, dit de Li\u00e8ge 2024"},"content":{"rendered":"\n<p class=\"has-medium-font-size\"><strong>Octobre 2023\u00a0\u00a0\u00a0\u00a0\u00a0\u00a0\u00a0\u00a0\u00a0\u00a0 5,95 \u20ac\u00a0\u00a0\u00a0\u00a0\u00a0\u00a0\u00a0\u00a0\u00a0\u00a0\u00a0\u00a0 <\/strong><\/p>\n\n\n\n<p class=\"has-medium-font-size\"><strong>\u00c9diteur\u00a0: Casterman<\/strong>      <strong>ISBN\u00a0: 2203251093<\/strong><\/p>\n\n\n\n<figure class=\"wp-block-image size-full is-resized\"><img decoding=\"async\" width=\"145\" height=\"189\" src=\"http:\/\/srhgx.be\/wordpress\/wp-content\/uploads\/2023\/10\/image-20.png\" alt=\"\" class=\"wp-image-9514\" style=\"aspect-ratio:0.7671957671957672;width:288px;height:auto\"\/><\/figure>\n\n\n\n<p><strong>\u00c9dit\u00e9 depuis 1825,<\/strong> le Grand double Almanach, dit de Li\u00e8ge, f\u00eate <strong>en 2024 sa 200e \u00e9dition<\/strong>.<br><strong>D\u00e9tenteur d&rsquo;une sagesse ancestrale<\/strong>, cet ouvrage a \u00e9volu\u00e9 tout au long de ses 2 si\u00e8cles d&rsquo;existence.<br>Fid\u00e8le \u00e0 sa tradition <strong>d&rsquo;ami du cultivateur et du jardinier<\/strong>, il plaira \u00e9galement aux citadins soucieux de se rapprocher de la nature et du terroir belge. &nbsp;<br>Cette \u00e9dition anniversaire parcourt l&rsquo;histoire de l&rsquo;Europe en 1825 et \u00e9voque les grands noms qui ont marqu\u00e9 la Belgique au cours des 2 si\u00e8cles \u00e9coul\u00e9s. &nbsp;<br>Une mine d&rsquo;informations, \u00e0 mettre dans toutes les poches !<\/p>\n<div style=\"display:flex; gap:10px;justify-content:center\" class=\"wps-pgfw-pdf-generate-icon__wrapper-frontend\">\n\t\t<a  href=\"http:\/\/srhgx.be\/wordpress\/wp-json\/wp\/v2\/posts\/9513?action=genpdf&amp;id=9513\" class=\"pgfw-single-pdf-download-button\" ><img src=\"http:\/\/srhgx.be\/wordpress\/wp-content\/plugins\/pdf-generator-for-wp\/admin\/src\/images\/PDF_Tray.svg\" title=\"G\u00e9n\u00e9rer un PDF\" style=\"width:auto; height:45px;\"><\/a>\n\t\t<\/div>","protected":false},"excerpt":{"rendered":"<p>Octobre 2023\u00a0\u00a0\u00a0\u00a0\u00a0\u00a0\u00a0\u00a0\u00a0\u00a0 5,95 \u20ac\u00a0\u00a0\u00a0\u00a0\u00a0\u00a0\u00a0\u00a0\u00a0\u00a0\u00a0\u00a0 \u00c9diteur\u00a0: Casterman ISBN\u00a0: 2203251093 \u00c9dit\u00e9 depuis 1825, le Grand double Almanach, dit de Li\u00e8ge, f\u00eate en 2024 sa 200e \u00e9dition.D\u00e9tenteur d&rsquo;une sagesse ancestrale, cet ouvrage a&hellip;&nbsp;<a href=\"http:\/\/srhgx.be\/wordpress\/le-grand-double-almanach-belge-dit-de-liege-2024\/\" rel=\"bookmark\">Lire la suite &raquo;<span class=\"screen-reader-text\">Le Grand double almanach belge, dit de Li\u00e8ge 2024<\/span><\/a><\/p>\n","protected":false},"author":10,"featured_media":478,"comment_status":"closed","ping_status":"closed","sticky":false,"template":"","format":"standard","meta":{"neve_meta_sidebar":"","neve_meta_container":"","neve_meta_enable_content_width":"","neve_meta_content_width":0,"neve_meta_title_alignment":"","neve_meta_author_avatar":"","neve_post_elements_order":"","neve_meta_disable_header":"","neve_meta_disable_footer":"","neve_meta_disable_title":"","footnotes":""},"categories":[146,110,1],"tags":[944,355,983,169],"ppma_author":[447],"class_list":["post-9513","post","type-post","status-publish","format-standard","has-post-thumbnail","hentry","category-documents","category-livre","category-srhgx","tag-944","tag-agenda","tag-almanach","tag-jardinier"],"publishpress_future_action":{"enabled":false,"date":"2026-05-04 23:18:13","action":"change-status","newStatus":"draft","terms":[],"taxonomy":"category","extraData":[]},"publishpress_future_workflow_manual_trigger":{"enabledWorkflows":[]},"authors":[{"term_id":447,"user_id":10,"is_guest":0,"slug":"cblancke","display_name":"Christine BLANCKE","avatar_url":"https:\/\/secure.gravatar.com\/avatar\/973b599229553ee0b848ec49ca3de61a676ccbea8c5d03d2f477ac1a73794615?s=96&d=mm&r=g","1":"","2":"","3":"","4":"","5":"","6":"","7":"","8":""}],"_links":{"self":[{"href":"http:\/\/srhgx.be\/wordpress\/wp-json\/wp\/v2\/posts\/9513","targetHints":{"allow":["GET"]}}],"collection":[{"href":"http:\/\/srhgx.be\/wordpress\/wp-json\/wp\/v2\/posts"}],"about":[{"href":"http:\/\/srhgx.be\/wordpress\/wp-json\/wp\/v2\/types\/post"}],"author":[{"embeddable":true,"href":"http:\/\/srhgx.be\/wordpress\/wp-json\/wp\/v2\/users\/10"}],"replies":[{"embeddable":true,"href":"http:\/\/srhgx.be\/wordpress\/wp-json\/wp\/v2\/comments?post=9513"}],"version-history":[{"count":2,"href":"http:\/\/srhgx.be\/wordpress\/wp-json\/wp\/v2\/posts\/9513\/revisions"}],"predecessor-version":[{"id":9617,"href":"http:\/\/srhgx.be\/wordpress\/wp-json\/wp\/v2\/posts\/9513\/revisions\/9617"}],"wp:featuredmedia":[{"embeddable":true,"href":"http:\/\/srhgx.be\/wordpress\/wp-json\/wp\/v2\/media\/478"}],"wp:attachment":[{"href":"http:\/\/srhgx.be\/wordpress\/wp-json\/wp\/v2\/media?parent=9513"}],"wp:term":[{"taxonomy":"category","embeddable":true,"href":"http:\/\/srhgx.be\/wordpress\/wp-json\/wp\/v2\/categories?post=9513"},{"taxonomy":"post_tag","embeddable":true,"href":"http:\/\/srhgx.be\/wordpress\/wp-json\/wp\/v2\/tags?post=9513"},{"taxonomy":"author","embeddable":true,"href":"http:\/\/srhgx.be\/wordpress\/wp-json\/wp\/v2\/ppma_author?post=9513"}],"curies":[{"name":"wp","href":"https:\/\/api.w.org\/{rel}","templated":true}]}}