{"id":9510,"date":"2023-10-21T17:45:39","date_gmt":"2023-10-21T15:45:39","guid":{"rendered":"http:\/\/srhgx.be\/wordpress\/?p=9510"},"modified":"2023-10-21T17:45:40","modified_gmt":"2023-10-21T15:45:40","slug":"almanach-du-potager-2024","status":"publish","type":"post","link":"http:\/\/srhgx.be\/wordpress\/almanach-du-potager-2024\/","title":{"rendered":"Almanach du potager 2024"},"content":{"rendered":"\n<p class=\"has-nv-dark-bg-color has-text-color has-large-font-size\"><strong>Christian BENZ<\/strong><\/p>\n\n\n\n<p class=\"has-medium-font-size\"><strong>Septembre 2023\u00a0\u00a0\u00a0\u00a0\u00a0\u00a0\u00a0 12,90 \u20ac\u00a0\u00a0\u00a0\u00a0\u00a0\u00a0\u00a0\u00a0\u00a0\u00a0\u00a0\u00a0\u00a0\u00a0\u00a0\u00a0\u00a0 <\/strong><\/p>\n\n\n\n<p class=\"has-medium-font-size\"><strong>\u00c9diteur\u00a0: P\u00e9lican<\/strong>      <strong>ISBN-10 \u200f : \u200e 2374007693<\/strong><\/p>\n\n\n\n<figure class=\"wp-block-image size-full is-resized\"><img decoding=\"async\" width=\"162\" height=\"223\" src=\"http:\/\/srhgx.be\/wordpress\/wp-content\/uploads\/2023\/10\/image-19.png\" alt=\"\" class=\"wp-image-9511\" style=\"aspect-ratio:0.726457399103139;width:295px;height:auto\"\/><\/figure>\n\n\n\n<p>L\u2019Almanach du potager vous donne des <strong>conseils pour cr\u00e9er un potager capable de nourrir votre famille.<\/strong> Le plaisir de voir germer les graines, de les regarder pousser, de r\u00e9colter le fruit de votre travail. Printemps, \u00e9t\u00e9, automne, hiver. \u00a0\u00a0\u00a0\u00a0\u00a0\u00a0\u00a0\u00a0\u00a0\u00a0\u00a0\u00a0\u00a0\u00a0\u00a0\u00a0\u00a0\u00a0\u00a0\u00a0\u00a0\u00a0\u00a0\u00a0\u00a0\u00a0\u00a0\u00a0\u00a0\u00a0\u00a0\u00a0\u00a0\u00a0\u00a0\u00a0\u00a0\u00a0\u00a0\u00a0\u00a0\u00a0\u00a0\u00a0\u00a0\u00a0\u00a0\u00a0\u00a0\u00a0\u00a0\u00a0\u00a0\u00a0\u00a0\u00a0\u00a0\u00a0\u00a0\u00a0\u00a0\u00a0\u00a0\u00a0\u00a0\u00a0\u00a0\u00a0\u00a0\u00a0\u00a0\u00a0\u00a0\u00a0\u00a0\u00a0\u00a0\u00a0\u00a0\u00a0\u00a0\u00a0\u00a0\u00a0\u00a0\u00a0<\/p>\n\n\n\n<p><strong>\u00c0 chaque saison, il y a quelque chose \u00e0 faire au potager.<br><\/strong><\/p>\n\n\n\n<p>Vous trouverez dans cet almanach le <strong>calendrier lunaire<\/strong> et comment proc\u00e9der pour jardiner en fonction de la lune, ainsi qu\u2019un <strong>calendrier<\/strong> vous indiquant les dates auxquelles il faut semer, la fr\u00e9quence \u00e0 laquelle vous devez repiquer et le moment o\u00f9 il faut r\u00e9colter.<\/p>\n<div style=\"display:flex; gap:10px;justify-content:center\" class=\"wps-pgfw-pdf-generate-icon__wrapper-frontend\">\n\t\t<a  href=\"http:\/\/srhgx.be\/wordpress\/wp-json\/wp\/v2\/posts\/9510?action=genpdf&amp;id=9510\" class=\"pgfw-single-pdf-download-button\" ><img src=\"http:\/\/srhgx.be\/wordpress\/wp-content\/plugins\/pdf-generator-for-wp\/admin\/src\/images\/PDF_Tray.svg\" title=\"G\u00e9n\u00e9rer un PDF\" style=\"width:auto; height:45px;\"><\/a>\n\t\t<\/div>","protected":false},"excerpt":{"rendered":"<p>Christian BENZ Septembre 2023\u00a0\u00a0\u00a0\u00a0\u00a0\u00a0\u00a0 12,90 \u20ac\u00a0\u00a0\u00a0\u00a0\u00a0\u00a0\u00a0\u00a0\u00a0\u00a0\u00a0\u00a0\u00a0\u00a0\u00a0\u00a0\u00a0 \u00c9diteur\u00a0: P\u00e9lican ISBN-10 \u200f : \u200e 2374007693 L\u2019Almanach du potager vous donne des conseils pour cr\u00e9er un potager capable de nourrir votre famille. Le&hellip;&nbsp;<a href=\"http:\/\/srhgx.be\/wordpress\/almanach-du-potager-2024\/\" rel=\"bookmark\">Lire la suite &raquo;<span class=\"screen-reader-text\">Almanach du potager 2024<\/span><\/a><\/p>\n","protected":false},"author":10,"featured_media":783,"comment_status":"closed","ping_status":"closed","sticky":false,"template":"","format":"standard","meta":{"neve_meta_sidebar":"","neve_meta_container":"","neve_meta_enable_content_width":"","neve_meta_content_width":0,"neve_meta_title_alignment":"","neve_meta_author_avatar":"","neve_post_elements_order":"","neve_meta_disable_header":"","neve_meta_disable_footer":"","neve_meta_disable_title":"","footnotes":""},"categories":[146,110,1],"tags":[944,355,983,169],"ppma_author":[447],"class_list":["post-9510","post","type-post","status-publish","format-standard","has-post-thumbnail","hentry","category-documents","category-livre","category-srhgx","tag-944","tag-agenda","tag-almanach","tag-jardinier"],"publishpress_future_action":{"enabled":false,"date":"2026-05-04 22:56:52","action":"change-status","newStatus":"draft","terms":[],"taxonomy":"category","extraData":[]},"publishpress_future_workflow_manual_trigger":{"enabledWorkflows":[]},"authors":[{"term_id":447,"user_id":10,"is_guest":0,"slug":"cblancke","display_name":"Christine BLANCKE","avatar_url":"https:\/\/secure.gravatar.com\/avatar\/973b599229553ee0b848ec49ca3de61a676ccbea8c5d03d2f477ac1a73794615?s=96&d=mm&r=g","1":"","2":"","3":"","4":"","5":"","6":"","7":"","8":""}],"_links":{"self":[{"href":"http:\/\/srhgx.be\/wordpress\/wp-json\/wp\/v2\/posts\/9510","targetHints":{"allow":["GET"]}}],"collection":[{"href":"http:\/\/srhgx.be\/wordpress\/wp-json\/wp\/v2\/posts"}],"about":[{"href":"http:\/\/srhgx.be\/wordpress\/wp-json\/wp\/v2\/types\/post"}],"author":[{"embeddable":true,"href":"http:\/\/srhgx.be\/wordpress\/wp-json\/wp\/v2\/users\/10"}],"replies":[{"embeddable":true,"href":"http:\/\/srhgx.be\/wordpress\/wp-json\/wp\/v2\/comments?post=9510"}],"version-history":[{"count":2,"href":"http:\/\/srhgx.be\/wordpress\/wp-json\/wp\/v2\/posts\/9510\/revisions"}],"predecessor-version":[{"id":9619,"href":"http:\/\/srhgx.be\/wordpress\/wp-json\/wp\/v2\/posts\/9510\/revisions\/9619"}],"wp:featuredmedia":[{"embeddable":true,"href":"http:\/\/srhgx.be\/wordpress\/wp-json\/wp\/v2\/media\/783"}],"wp:attachment":[{"href":"http:\/\/srhgx.be\/wordpress\/wp-json\/wp\/v2\/media?parent=9510"}],"wp:term":[{"taxonomy":"category","embeddable":true,"href":"http:\/\/srhgx.be\/wordpress\/wp-json\/wp\/v2\/categories?post=9510"},{"taxonomy":"post_tag","embeddable":true,"href":"http:\/\/srhgx.be\/wordpress\/wp-json\/wp\/v2\/tags?post=9510"},{"taxonomy":"author","embeddable":true,"href":"http:\/\/srhgx.be\/wordpress\/wp-json\/wp\/v2\/ppma_author?post=9510"}],"curies":[{"name":"wp","href":"https:\/\/api.w.org\/{rel}","templated":true}]}}