{"id":9499,"date":"2023-10-21T17:54:47","date_gmt":"2023-10-21T15:54:47","guid":{"rendered":"http:\/\/srhgx.be\/wordpress\/?p=9499"},"modified":"2023-10-21T17:54:49","modified_gmt":"2023-10-21T15:54:49","slug":"calendrier-biodynamique-2024-2","status":"publish","type":"post","link":"http:\/\/srhgx.be\/wordpress\/calendrier-biodynamique-2024-2\/","title":{"rendered":"Calendrier biodynamique 2024"},"content":{"rendered":"\n<p class=\"has-medium-font-size\"><strong>Calendrier lunaire et plan\u00e9taire d&rsquo;apr\u00e8s Maria Thun, depuis 1963<\/strong><\/p>\n\n\n\n<p class=\"has-nv-dark-bg-color has-text-color has-large-font-size\"><strong>Maria THUN &nbsp;<\/strong><\/p>\n\n\n\n<p class=\"has-medium-font-size\"><strong>Juillet 2023\u00a0\u00a0\u00a0\u00a0\u00a0\u00a0 \u00a0\u00a0\u00a0\u00a0\u00a0\u00a0 10,00 \u20ac\u00a0\u00a0\u00a0 \u00a0\u00a0\u00a0\u00a0\u00a0\u00a0 <\/strong><\/p>\n\n\n\n<p class=\"has-medium-font-size\"><strong>\u00c9diteur :\u00a0Bio-dynamique<\/strong>      <strong>ISBN\u00a0: 2913927769<\/strong><\/p>\n\n\n\n<figure class=\"wp-block-image size-full is-resized\"><img decoding=\"async\" width=\"126\" height=\"180\" src=\"http:\/\/srhgx.be\/wordpress\/wp-content\/uploads\/2023\/10\/image-16.png\" alt=\"\" class=\"wp-image-9500\" style=\"aspect-ratio:0.7;width:242px;height:auto\"\/><\/figure>\n\n\n\n<p><strong>Tenir compte des rythmes lunaires et plan\u00e9taires<\/strong>, gr\u00e2ce au <strong>Calendrier biodynamique<\/strong>, permet d&rsquo;obtenir de fa\u00e7on naturelle des plantes plus r\u00e9sistantes et des l\u00e9gumes plus savoureux.&nbsp;<\/p>\n\n\n\n<p>On y trouvera les dates favorables pour les semis, les repiquages, les r\u00e9coltes et tous les travaux concernant les fruits et l\u00e9gumes mais aussi des indications pour l&rsquo;apiculture, la viticulture et toute l&rsquo;agriculture.&nbsp;<\/p>\n\n\n\n<p>Le Calendrier biodynamique pr\u00e9sente \u00e9galement de nombreux articles permettant une r\u00e9elle compr\u00e9hension des rythmes cosmiques et de leur influence sur le monde v\u00e9g\u00e9tal, animal et sur la m\u00e9t\u00e9orologie.<\/p>\n\n\n\n<p><strong>Maria Thun<\/strong> (1922 \u2013 2012) est consid\u00e9r\u00e9e comme une <strong>pionni\u00e8re de l&rsquo;agriculture biodynamique<\/strong>. Elle avait en effet 2 ans en juin 1924, lorsque l\u2019anthroposophe <strong>Rudolf Steiner<\/strong> th\u00e9orisait l\u2019agriculture biodynamique \u00e0 Koberzyce (actuelle Pologne). N\u00e9e dans une ferme allemande, elle \u00e9tait infirmi\u00e8re durant la seconde Guerre Mondiale. C\u2019est pendant cette p\u00e9riode qu\u2019elle rencontra et \u00e9pousa <strong>Walter Thun<\/strong>, professeur d\u2019art \u00e0 Waldorf, dans une \u00e9cole appliquant les pr\u00e9ceptes de <strong>Rudolf Steiner<\/strong>.<\/p>\n\n\n\n<p><strong>Suite \u00e0 des ann\u00e9es d\u2019observations, ils \u00e9tablissent en 1952 des corr\u00e9lations entre la croissance des radis et la position de la lune par rapport au zodiaque<\/strong>. L\u2019id\u00e9e de formaliser ces interactions entre les plantes, les \u00e9l\u00e9ments et le calendrier lunaire na\u00eet \u00e0 ce moment. <strong>Le <em>Calendrier des semis de Maria Thun<\/em> est publi\u00e9 pour la premi\u00e8re fois en 1963.<\/strong> Cet outil c\u00e9l\u00e8bre cette ann\u00e9e sa soixanti\u00e8me \u00e9dition, il existe aujourd\u2019hui en 30 langues. Le calendrier de <strong>Maria Thun<\/strong> rend compte de la position des astres et d\u00e9termine ainsi les jours favorables aux diff\u00e9rents travaux (travail du sol en jour racine, taille en jour feuille, etc.). <strong>Aussi bien utilis\u00e9 en jardinage qu&rsquo;en viticulture, ce calendrier est le livre de base de tout bio dynamicien.<\/strong><\/p>\n\n\n\n<p><strong>Ce calendrier fait cependant partie des \u00e9l\u00e9ments controvers\u00e9s de la biodynamie, suscitant le rejet des scientifiques et des vignerons conventionnels.<\/strong> La prise en compte des alignements plan\u00e9taires et des interactions zodiacales semble en effet passablement \u00e9sot\u00e9rique. Les vignerons bio dynamiciens pr\u00e9cisent cependant que les jours feuille, fruit, racine et fleur d\u00e9termin\u00e9s par le calendrier ne dictent par leurs travaux, mais les conseillent.<\/p>\n<div style=\"display:flex; gap:10px;justify-content:center\" class=\"wps-pgfw-pdf-generate-icon__wrapper-frontend\">\n\t\t<a  href=\"http:\/\/srhgx.be\/wordpress\/wp-json\/wp\/v2\/posts\/9499?action=genpdf&amp;id=9499\" class=\"pgfw-single-pdf-download-button\" ><img src=\"http:\/\/srhgx.be\/wordpress\/wp-content\/plugins\/pdf-generator-for-wp\/admin\/src\/images\/PDF_Tray.svg\" title=\"G\u00e9n\u00e9rer un PDF\" style=\"width:auto; height:45px;\"><\/a>\n\t\t<\/div>","protected":false},"excerpt":{"rendered":"<p>Calendrier lunaire et plan\u00e9taire d&rsquo;apr\u00e8s Maria Thun, depuis 1963 Maria THUN &nbsp; Juillet 2023\u00a0\u00a0\u00a0\u00a0\u00a0\u00a0 \u00a0\u00a0\u00a0\u00a0\u00a0\u00a0 10,00 \u20ac\u00a0\u00a0\u00a0 \u00a0\u00a0\u00a0\u00a0\u00a0\u00a0 \u00c9diteur :\u00a0Bio-dynamique ISBN\u00a0: 2913927769 Tenir compte des rythmes lunaires et plan\u00e9taires, gr\u00e2ce&hellip;&nbsp;<a href=\"http:\/\/srhgx.be\/wordpress\/calendrier-biodynamique-2024-2\/\" rel=\"bookmark\">Lire la suite &raquo;<span class=\"screen-reader-text\">Calendrier biodynamique 2024<\/span><\/a><\/p>\n","protected":false},"author":10,"featured_media":478,"comment_status":"closed","ping_status":"closed","sticky":false,"template":"","format":"standard","meta":{"neve_meta_sidebar":"","neve_meta_container":"","neve_meta_enable_content_width":"","neve_meta_content_width":0,"neve_meta_title_alignment":"","neve_meta_author_avatar":"","neve_post_elements_order":"","neve_meta_disable_header":"","neve_meta_disable_footer":"","neve_meta_disable_title":"","footnotes":""},"categories":[146,110,1],"tags":[944,355,987,169,363],"ppma_author":[447],"class_list":["post-9499","post","type-post","status-publish","format-standard","has-post-thumbnail","hentry","category-documents","category-livre","category-srhgx","tag-944","tag-agenda","tag-biodynamique","tag-jardinier","tag-lune"],"publishpress_future_action":{"enabled":false,"date":"2026-05-04 23:05:27","action":"change-status","newStatus":"draft","terms":[],"taxonomy":"category","extraData":[]},"publishpress_future_workflow_manual_trigger":{"enabledWorkflows":[]},"authors":[{"term_id":447,"user_id":10,"is_guest":0,"slug":"cblancke","display_name":"Christine BLANCKE","avatar_url":"https:\/\/secure.gravatar.com\/avatar\/973b599229553ee0b848ec49ca3de61a676ccbea8c5d03d2f477ac1a73794615?s=96&d=mm&r=g","1":"","2":"","3":"","4":"","5":"","6":"","7":"","8":""}],"_links":{"self":[{"href":"http:\/\/srhgx.be\/wordpress\/wp-json\/wp\/v2\/posts\/9499","targetHints":{"allow":["GET"]}}],"collection":[{"href":"http:\/\/srhgx.be\/wordpress\/wp-json\/wp\/v2\/posts"}],"about":[{"href":"http:\/\/srhgx.be\/wordpress\/wp-json\/wp\/v2\/types\/post"}],"author":[{"embeddable":true,"href":"http:\/\/srhgx.be\/wordpress\/wp-json\/wp\/v2\/users\/10"}],"replies":[{"embeddable":true,"href":"http:\/\/srhgx.be\/wordpress\/wp-json\/wp\/v2\/comments?post=9499"}],"version-history":[{"count":2,"href":"http:\/\/srhgx.be\/wordpress\/wp-json\/wp\/v2\/posts\/9499\/revisions"}],"predecessor-version":[{"id":9627,"href":"http:\/\/srhgx.be\/wordpress\/wp-json\/wp\/v2\/posts\/9499\/revisions\/9627"}],"wp:featuredmedia":[{"embeddable":true,"href":"http:\/\/srhgx.be\/wordpress\/wp-json\/wp\/v2\/media\/478"}],"wp:attachment":[{"href":"http:\/\/srhgx.be\/wordpress\/wp-json\/wp\/v2\/media?parent=9499"}],"wp:term":[{"taxonomy":"category","embeddable":true,"href":"http:\/\/srhgx.be\/wordpress\/wp-json\/wp\/v2\/categories?post=9499"},{"taxonomy":"post_tag","embeddable":true,"href":"http:\/\/srhgx.be\/wordpress\/wp-json\/wp\/v2\/tags?post=9499"},{"taxonomy":"author","embeddable":true,"href":"http:\/\/srhgx.be\/wordpress\/wp-json\/wp\/v2\/ppma_author?post=9499"}],"curies":[{"name":"wp","href":"https:\/\/api.w.org\/{rel}","templated":true}]}}