{"id":9033,"date":"2023-08-03T10:30:45","date_gmt":"2023-08-03T08:30:45","guid":{"rendered":"http:\/\/srhgx.be\/wordpress\/?p=9033"},"modified":"2025-05-26T09:54:46","modified_gmt":"2025-05-26T07:54:46","slug":"yes-we-plant","status":"publish","type":"post","link":"http:\/\/srhgx.be\/wordpress\/yes-we-plant\/","title":{"rendered":"Yes We Plant"},"content":{"rendered":"\n<figure class=\"wp-block-image size-full\"><img decoding=\"async\" width=\"180\" height=\"180\" src=\"http:\/\/srhgx.be\/wordpress\/wp-content\/uploads\/2023\/08\/image-1.png\" alt=\"\" class=\"wp-image-9034\" srcset=\"http:\/\/srhgx.be\/wordpress\/wp-content\/uploads\/2023\/08\/image-1.png 180w, http:\/\/srhgx.be\/wordpress\/wp-content\/uploads\/2023\/08\/image-1-150x150.png 150w\" sizes=\"(max-width: 180px) 100vw, 180px\" \/><\/figure>\n\n\n\n<p>Le <strong>SPW Agriculture, Ressources naturelles, Environnement<\/strong> a en charge le programme <strong>\u00ab Yes We Plant \u00bb,<\/strong> qui permettra d\u2019atteindre les objectifs de <strong>400 km de haies et\/ou 1 million d\u2019arbres.<\/strong><\/p>\n\n\n\n<p>Un service gratuit d\u2019accompagnement personnalis\u00e9 \u00e0 la plantation a \u00e9t\u00e9 lanc\u00e9 r\u00e9cemment : <strong>les Conseil\u2019Haies<\/strong>.<\/p>\n\n\n\n<p>Ceci concerne tous types de publics.<\/p>\n\n\n\n<p>Cette \u00e9quipe d\u2019experts \u00e0 la plantation peut <strong>r\u00e9pondre \u00e0 des questions li\u00e9es aux techniques de plantation<\/strong> mais aussi \u00e0 des questions de planification, d\u2019organisation de chantiers, d\u2019administration, \u2026 ceci afin de faciliter les projets de plantation.<\/p>\n\n\n\n<p>Plus d\u2019infos : 081 64 96 40 &nbsp;&nbsp;&nbsp;&nbsp;&nbsp;&nbsp; ou&nbsp;                        <a rel=\"noreferrer noopener\" href=\"https:\/\/yesweplant.wallonie.be\/?fbclid=IwAR0syQzo7nS1UDJHTCzfm64TW7knrc0j8LImIUOQ5b__uzZ8a-wvpQtK5mc\" target=\"_blank\">https:\/\/yesweplant.wallonie.be<\/a> <\/p>\n<div style=\"display:flex; gap:10px;justify-content:center\" class=\"wps-pgfw-pdf-generate-icon__wrapper-frontend\">\n\t\t<a  href=\"http:\/\/srhgx.be\/wordpress\/wp-json\/wp\/v2\/posts\/9033?action=genpdf&amp;id=9033\" class=\"pgfw-single-pdf-download-button\" ><img src=\"http:\/\/srhgx.be\/wordpress\/wp-content\/plugins\/pdf-generator-for-wp\/admin\/src\/images\/PDF_Tray.svg\" title=\"G\u00e9n\u00e9rer un PDF\" style=\"width:auto; height:45px;\"><\/a>\n\t\t<\/div>","protected":false},"excerpt":{"rendered":"<p>Le SPW Agriculture, Ressources naturelles, Environnement a en charge le programme \u00ab Yes We Plant \u00bb, qui permettra d\u2019atteindre les objectifs de 400 km de haies et\/ou 1 million d\u2019arbres.&hellip;&nbsp;<a href=\"http:\/\/srhgx.be\/wordpress\/yes-we-plant\/\" rel=\"bookmark\">Lire la suite &raquo;<span class=\"screen-reader-text\">Yes We Plant<\/span><\/a><\/p>\n","protected":false},"author":10,"featured_media":0,"comment_status":"closed","ping_status":"closed","sticky":false,"template":"","format":"standard","meta":{"neve_meta_sidebar":"","neve_meta_container":"","neve_meta_enable_content_width":"","neve_meta_content_width":0,"neve_meta_title_alignment":"","neve_meta_author_avatar":"","neve_post_elements_order":"","neve_meta_disable_header":"","neve_meta_disable_footer":"","neve_meta_disable_title":"","footnotes":""},"categories":[1],"tags":[259,383,706,937,543],"ppma_author":[447],"class_list":["post-9033","post","type-post","status-publish","format-standard","hentry","category-srhgx","tag-arbres","tag-haies","tag-plantation","tag-region-wallonne","tag-yes-we-plant"],"publishpress_future_action":{"enabled":false,"date":"2026-05-05 05:32:06","action":"change-status","newStatus":"draft","terms":[],"taxonomy":"category","extraData":[]},"publishpress_future_workflow_manual_trigger":{"enabledWorkflows":[]},"authors":[{"term_id":447,"user_id":10,"is_guest":0,"slug":"cblancke","display_name":"Christine BLANCKE","avatar_url":"https:\/\/secure.gravatar.com\/avatar\/973b599229553ee0b848ec49ca3de61a676ccbea8c5d03d2f477ac1a73794615?s=96&d=mm&r=g","1":"","2":"","3":"","4":"","5":"","6":"","7":"","8":""}],"_links":{"self":[{"href":"http:\/\/srhgx.be\/wordpress\/wp-json\/wp\/v2\/posts\/9033","targetHints":{"allow":["GET"]}}],"collection":[{"href":"http:\/\/srhgx.be\/wordpress\/wp-json\/wp\/v2\/posts"}],"about":[{"href":"http:\/\/srhgx.be\/wordpress\/wp-json\/wp\/v2\/types\/post"}],"author":[{"embeddable":true,"href":"http:\/\/srhgx.be\/wordpress\/wp-json\/wp\/v2\/users\/10"}],"replies":[{"embeddable":true,"href":"http:\/\/srhgx.be\/wordpress\/wp-json\/wp\/v2\/comments?post=9033"}],"version-history":[{"count":2,"href":"http:\/\/srhgx.be\/wordpress\/wp-json\/wp\/v2\/posts\/9033\/revisions"}],"predecessor-version":[{"id":9064,"href":"http:\/\/srhgx.be\/wordpress\/wp-json\/wp\/v2\/posts\/9033\/revisions\/9064"}],"wp:attachment":[{"href":"http:\/\/srhgx.be\/wordpress\/wp-json\/wp\/v2\/media?parent=9033"}],"wp:term":[{"taxonomy":"category","embeddable":true,"href":"http:\/\/srhgx.be\/wordpress\/wp-json\/wp\/v2\/categories?post=9033"},{"taxonomy":"post_tag","embeddable":true,"href":"http:\/\/srhgx.be\/wordpress\/wp-json\/wp\/v2\/tags?post=9033"},{"taxonomy":"author","embeddable":true,"href":"http:\/\/srhgx.be\/wordpress\/wp-json\/wp\/v2\/ppma_author?post=9033"}],"curies":[{"name":"wp","href":"https:\/\/api.w.org\/{rel}","templated":true}]}}