{"id":8983,"date":"2023-08-01T18:30:01","date_gmt":"2023-08-01T16:30:01","guid":{"rendered":"http:\/\/srhgx.be\/wordpress\/?p=8983"},"modified":"2023-08-01T18:30:03","modified_gmt":"2023-08-01T16:30:03","slug":"a-lombre-des-arbres-planter-la-ville-pour-demain","status":"publish","type":"post","link":"http:\/\/srhgx.be\/wordpress\/a-lombre-des-arbres-planter-la-ville-pour-demain\/","title":{"rendered":"\u00c0 l&rsquo;ombre des arbres. Planter la ville pour demain"},"content":{"rendered":"\n<p class=\"has-nv-dark-bg-color has-text-color has-large-font-size\"><strong>Caroline MOLLIE<\/strong><\/p>\n\n\n\n<p class=\"has-medium-font-size\"><strong>Mai 2023\u00a0\u00a0\u00a0\u00a0\u00a0\u00a0\u00a0\u00a0\u00a0 \u00a0\u00a0\u00a0\u00a0\u00a0\u00a0 27,00 \u20ac\u00a0\u00a0\u00a0 \u00a0\u00a0\u00a0\u00a0\u00a0\u00a0 <\/strong><\/p>\n\n\n\n<p class=\"has-medium-font-size\"><strong>\u00c9diteur\u00a0: Delachaux et Niestl\u00e9<\/strong>     <strong>ISBN\u00a0: 2603030078<\/strong><\/p>\n\n\n\n<figure class=\"wp-block-image size-full is-resized\"><img fetchpriority=\"high\" decoding=\"async\" src=\"http:\/\/srhgx.be\/wordpress\/wp-content\/uploads\/2023\/07\/image-25.png\" alt=\"\" class=\"wp-image-8984\" width=\"338\" height=\"338\" srcset=\"http:\/\/srhgx.be\/wordpress\/wp-content\/uploads\/2023\/07\/image-25.png 180w, http:\/\/srhgx.be\/wordpress\/wp-content\/uploads\/2023\/07\/image-25-150x150.png 150w\" sizes=\"(max-width: 338px) 100vw, 338px\" \/><\/figure>\n\n\n\n<p><strong>Les arbres au secours de nos villes<\/strong><\/p>\n\n\n\n<p>\u00c0 l\u2019heure du r\u00e9chauffement climatique, des \u00e9t\u00e9s caniculaires, l\u2019arbre est devenu un enjeu vital et politique, autant qu\u2019esth\u00e9tique, pour nos villes et territoires urbanis\u00e9s. <strong>Les appels \u00e0 planter se multiplient<\/strong> : for\u00eats urbaines, densification, transplantation de vieux arbres, etc. R\u00e9alis\u00e9s dans la pr\u00e9cipitation, ces projets de verdissement sont trop souvent nocifs pour les arbres et contre-productifs pour nos villes.<\/p>\n\n\n\n<p><strong>DE L\u2019AIR, DE LA TERRE, DU TEMPS<\/strong> ! Cet ouvrage nous invite \u00e0 mieux comprendre le r\u00f4le et les exigences de nos arbres de compagnie. Il donne les cl\u00e9s pour r\u00e9agir aux effets de mode, afin de ramener du bon sens dans notre rapport aux arbres. Il est urgent d\u2019agir en toute connaissance pour que nos arbres s\u2019\u00e9panouissent sans entraves, donnent le meilleur d\u2019eux-m\u00eames et fassent patrimoine.<\/p>\n\n\n\n<p><strong>Caroline Mollie<\/strong> est <strong>architecte-paysagiste<\/strong> et <strong>sp\u00e9cialiste de l\u2019urbanisme v\u00e9g\u00e9tal<\/strong>. Elle a conduit, pendant dix ans au minist\u00e8re de l\u2019Environnement, un programme de protection et de valorisation des arbres en ville. Elle est l\u2019auteure de l\u2019ouvrage \u00ab&nbsp;<em>Des arbres dans la ville&nbsp;\u00bb<\/em>, qui fait r\u00e9f\u00e9rence aupr\u00e8s des professionnels de l\u2019am\u00e9nagement en France et \u00e0 l\u2019\u00e9tranger (Actes Sud, 2009), et est membre d\u2019honneur de la f\u00e9d\u00e9ration fran\u00e7aise du Paysage dont elle a \u00e9t\u00e9 pr\u00e9sidente pendant dix ans.<\/p>\n\n\n\n<p><br><strong>Corinne Bourgery <\/strong>est <strong>ing\u00e9nieure agronome, urbaniste et sp\u00e9cialiste de l\u2019arbre<\/strong>. Elle intervient depuis 25 ans comme expert ind\u00e9pendant, pour diagnostiquer l\u2019\u00e9tat des arbres, vulgariser et former aux bonnes pratiques de pr\u00e9servation.<\/p>\n<div style=\"display:flex; gap:10px;justify-content:center\" class=\"wps-pgfw-pdf-generate-icon__wrapper-frontend\">\n\t\t<a  href=\"http:\/\/srhgx.be\/wordpress\/wp-json\/wp\/v2\/posts\/8983?action=genpdf&amp;id=8983\" class=\"pgfw-single-pdf-download-button\" ><img src=\"http:\/\/srhgx.be\/wordpress\/wp-content\/plugins\/pdf-generator-for-wp\/admin\/src\/images\/PDF_Tray.svg\" title=\"G\u00e9n\u00e9rer un PDF\" style=\"width:auto; height:45px;\"><\/a>\n\t\t<\/div>","protected":false},"excerpt":{"rendered":"<p>Caroline MOLLIE Mai 2023\u00a0\u00a0\u00a0\u00a0\u00a0\u00a0\u00a0\u00a0\u00a0 \u00a0\u00a0\u00a0\u00a0\u00a0\u00a0 27,00 \u20ac\u00a0\u00a0\u00a0 \u00a0\u00a0\u00a0\u00a0\u00a0\u00a0 \u00c9diteur\u00a0: Delachaux et Niestl\u00e9 ISBN\u00a0: 2603030078 Les arbres au secours de nos villes \u00c0 l\u2019heure du r\u00e9chauffement climatique, des \u00e9t\u00e9s caniculaires, l\u2019arbre&hellip;&nbsp;<a href=\"http:\/\/srhgx.be\/wordpress\/a-lombre-des-arbres-planter-la-ville-pour-demain\/\" rel=\"bookmark\">Lire la suite &raquo;<span class=\"screen-reader-text\">\u00c0 l&rsquo;ombre des arbres. Planter la ville pour demain<\/span><\/a><\/p>\n","protected":false},"author":10,"featured_media":783,"comment_status":"closed","ping_status":"closed","sticky":false,"template":"","format":"standard","meta":{"neve_meta_sidebar":"","neve_meta_container":"","neve_meta_enable_content_width":"","neve_meta_content_width":0,"neve_meta_title_alignment":"","neve_meta_author_avatar":"","neve_post_elements_order":"","neve_meta_disable_header":"","neve_meta_disable_footer":"","neve_meta_disable_title":"","footnotes":""},"categories":[146,110,1],"tags":[259,918,662],"ppma_author":[447],"class_list":["post-8983","post","type-post","status-publish","format-standard","has-post-thumbnail","hentry","category-documents","category-livre","category-srhgx","tag-arbres","tag-foret-urbaine","tag-ville"],"publishpress_future_action":{"enabled":false,"date":"2026-05-05 05:59:25","action":"change-status","newStatus":"draft","terms":[],"taxonomy":"category","extraData":[]},"publishpress_future_workflow_manual_trigger":{"enabledWorkflows":[]},"authors":[{"term_id":447,"user_id":10,"is_guest":0,"slug":"cblancke","display_name":"Christine BLANCKE","avatar_url":"https:\/\/secure.gravatar.com\/avatar\/973b599229553ee0b848ec49ca3de61a676ccbea8c5d03d2f477ac1a73794615?s=96&d=mm&r=g","1":"","2":"","3":"","4":"","5":"","6":"","7":"","8":""}],"_links":{"self":[{"href":"http:\/\/srhgx.be\/wordpress\/wp-json\/wp\/v2\/posts\/8983","targetHints":{"allow":["GET"]}}],"collection":[{"href":"http:\/\/srhgx.be\/wordpress\/wp-json\/wp\/v2\/posts"}],"about":[{"href":"http:\/\/srhgx.be\/wordpress\/wp-json\/wp\/v2\/types\/post"}],"author":[{"embeddable":true,"href":"http:\/\/srhgx.be\/wordpress\/wp-json\/wp\/v2\/users\/10"}],"replies":[{"embeddable":true,"href":"http:\/\/srhgx.be\/wordpress\/wp-json\/wp\/v2\/comments?post=8983"}],"version-history":[{"count":2,"href":"http:\/\/srhgx.be\/wordpress\/wp-json\/wp\/v2\/posts\/8983\/revisions"}],"predecessor-version":[{"id":9003,"href":"http:\/\/srhgx.be\/wordpress\/wp-json\/wp\/v2\/posts\/8983\/revisions\/9003"}],"wp:featuredmedia":[{"embeddable":true,"href":"http:\/\/srhgx.be\/wordpress\/wp-json\/wp\/v2\/media\/783"}],"wp:attachment":[{"href":"http:\/\/srhgx.be\/wordpress\/wp-json\/wp\/v2\/media?parent=8983"}],"wp:term":[{"taxonomy":"category","embeddable":true,"href":"http:\/\/srhgx.be\/wordpress\/wp-json\/wp\/v2\/categories?post=8983"},{"taxonomy":"post_tag","embeddable":true,"href":"http:\/\/srhgx.be\/wordpress\/wp-json\/wp\/v2\/tags?post=8983"},{"taxonomy":"author","embeddable":true,"href":"http:\/\/srhgx.be\/wordpress\/wp-json\/wp\/v2\/ppma_author?post=8983"}],"curies":[{"name":"wp","href":"https:\/\/api.w.org\/{rel}","templated":true}]}}