{"id":8759,"date":"2023-06-23T08:39:15","date_gmt":"2023-06-23T06:39:15","guid":{"rendered":"http:\/\/srhgx.be\/wordpress\/?p=8759"},"modified":"2023-06-23T08:39:16","modified_gmt":"2023-06-23T06:39:16","slug":"une-histoire-des-jardins-potagers-2","status":"publish","type":"post","link":"http:\/\/srhgx.be\/wordpress\/une-histoire-des-jardins-potagers-2\/","title":{"rendered":"Une histoire des jardins potagers"},"content":{"rendered":"\n<p class=\"has-nv-dark-bg-color has-text-color has-large-font-size\"><strong>Yves-Marie ALLAIN<\/strong><\/p>\n\n\n\n<p class=\"has-medium-font-size\"><strong>Septembre 2022 \u00a0\u00a0\u00a0\u00a0\u00a0\u00a0 26 \u20ac\u00a0\u00a0\u00a0\u00a0\u00a0\u00a0\u00a0 <\/strong><\/p>\n\n\n\n<p class=\"has-medium-font-size\"><strong>\u00c9ditions Qu\u00e6<\/strong>     <strong>EAN\u00a0: 9782759235780<\/strong><\/p>\n\n\n\n<figure class=\"wp-block-image size-full is-resized\"><img fetchpriority=\"high\" decoding=\"async\" src=\"http:\/\/srhgx.be\/wordpress\/wp-content\/uploads\/2023\/06\/image-18.png\" alt=\"\" class=\"wp-image-8760\" width=\"314\" height=\"353\"\/><\/figure>\n\n\n\n<p>Sous la treille de l\u2019entr\u00e9e du jardin potager, un panier offre au regard moult fruits et l\u00e9gumes. Mais qui se soucie de leur origine ? Comment, apr\u00e8s leur domestication, ont-ils \u00e9t\u00e9 cultiv\u00e9s et am\u00e9lior\u00e9s au fil des mill\u00e9naires ? Jardin vivrier, jardin nourricier, jardin l\u00e9gumier, jardin potager, fruitier-potager, potager-fruitier, cultures mara\u00eech\u00e8res&#8230; autant de mots qui d\u00e9signent le jardin ou la parcelle consacr\u00e9s \u00e0 la culture de plantes alimentaires.<br>Depuis le Moyen \u00c2ge, le jardin potager a \u00e9t\u00e9 tant\u00f4t glorifi\u00e9 et admir\u00e9, tant\u00f4t d\u00e9class\u00e9, m\u00e9pris\u00e9 et rejet\u00e9, pour finalement dispara\u00eetre, avant de r\u00e9appara\u00eetre sous des formes multiples depuis quelques d\u00e9cennies. L\u2019\u00e9volution de sa perception et de sa place se retrouve depuis les jardins seigneuriaux comme Villandry, Valmer ou la Roche-Guyon&#8230; sans oublier le Potager du roi \u00e0 Versailles, jusqu\u2019aux jardins de la bourgeoisie, en passant par les jardins ouvriers ou familiaux apparus au XIX<sup>e<\/sup> si\u00e8cle, ou les jardins partag\u00e9s de la fin du XX<sup>e<\/sup> si\u00e8cle. Le jardin potager a sa propre personnalit\u00e9, sa propre fonctionnalit\u00e9. C\u2019est cette histoire complexe entre des plantes et un lieu, entre une qu\u00eate de nourriture et une recherche d\u2019esth\u00e9tisme, qui nous est cont\u00e9e ici avec passion.<br>Sans toutes ces transformations formelles, ces introductions de plantes, cette diversit\u00e9 de formes, de volumes, de textures, de couleurs, nos jardins potagers-fruitiers-bouquetiers d\u2019aujourd\u2019hui n\u2019auraient pas gagn\u00e9 toute leur place dans notre quotidien.<\/p>\n\n\n\n<p><strong>Consulter la pr\u00e9face d&rsquo;Alain Baraton, jardinier en chef du domaine de Trianon,&nbsp;du Grand Parc de Versailles et des jardins de Marly, et&nbsp;Chroniqueur sur France Inter.<\/strong><\/p>\n\n\n\n<p>Le jardin potager est de retour, il a retrouv\u00e9 ses lettres de noblesse, mais quel fut son parcours et quelle place lui a-t-on octroy\u00e9 au cours des si\u00e8cles, depuis le Moyen-\u00e2ge ? C&rsquo;est cette histoire complexe entre des plantes et un lieu, entre une qu\u00eate de nourriture et une recherche d&rsquo;esth\u00e9\u00adtisme qui nous est cont\u00e9e ici avec passion.<\/p>\n<div style=\"display:flex; gap:10px;justify-content:center\" class=\"wps-pgfw-pdf-generate-icon__wrapper-frontend\">\n\t\t<a  href=\"http:\/\/srhgx.be\/wordpress\/wp-json\/wp\/v2\/posts\/8759?action=genpdf&amp;id=8759\" class=\"pgfw-single-pdf-download-button\" ><img src=\"http:\/\/srhgx.be\/wordpress\/wp-content\/plugins\/pdf-generator-for-wp\/admin\/src\/images\/PDF_Tray.svg\" title=\"G\u00e9n\u00e9rer un PDF\" style=\"width:auto; height:45px;\"><\/a>\n\t\t<\/div>","protected":false},"excerpt":{"rendered":"<p>Yves-Marie ALLAIN Septembre 2022 \u00a0\u00a0\u00a0\u00a0\u00a0\u00a0 26 \u20ac\u00a0\u00a0\u00a0\u00a0\u00a0\u00a0\u00a0 \u00c9ditions Qu\u00e6 EAN\u00a0: 9782759235780 Sous la treille de l\u2019entr\u00e9e du jardin potager, un panier offre au regard moult fruits et l\u00e9gumes. Mais qui&hellip;&nbsp;<a href=\"http:\/\/srhgx.be\/wordpress\/une-histoire-des-jardins-potagers-2\/\" rel=\"bookmark\">Lire la suite &raquo;<span class=\"screen-reader-text\">Une histoire des jardins potagers<\/span><\/a><\/p>\n","protected":false},"author":10,"featured_media":783,"comment_status":"closed","ping_status":"closed","sticky":false,"template":"","format":"standard","meta":{"neve_meta_sidebar":"","neve_meta_container":"","neve_meta_enable_content_width":"","neve_meta_content_width":0,"neve_meta_title_alignment":"","neve_meta_author_avatar":"","neve_post_elements_order":"","neve_meta_disable_header":"","neve_meta_disable_footer":"","neve_meta_disable_title":"","footnotes":""},"categories":[146,110,1],"tags":[679,112,891,53],"ppma_author":[447],"class_list":["post-8759","post","type-post","status-publish","format-standard","has-post-thumbnail","hentry","category-documents","category-livre","category-srhgx","tag-histoire","tag-jardin","tag-jardin-potager-2","tag-potager"],"publishpress_future_action":{"enabled":false,"date":"2026-05-04 01:36:40","action":"change-status","newStatus":"draft","terms":[],"taxonomy":"category","extraData":[]},"publishpress_future_workflow_manual_trigger":{"enabledWorkflows":[]},"authors":[{"term_id":447,"user_id":10,"is_guest":0,"slug":"cblancke","display_name":"Christine BLANCKE","avatar_url":"https:\/\/secure.gravatar.com\/avatar\/973b599229553ee0b848ec49ca3de61a676ccbea8c5d03d2f477ac1a73794615?s=96&d=mm&r=g","1":"","2":"","3":"","4":"","5":"","6":"","7":"","8":""}],"_links":{"self":[{"href":"http:\/\/srhgx.be\/wordpress\/wp-json\/wp\/v2\/posts\/8759","targetHints":{"allow":["GET"]}}],"collection":[{"href":"http:\/\/srhgx.be\/wordpress\/wp-json\/wp\/v2\/posts"}],"about":[{"href":"http:\/\/srhgx.be\/wordpress\/wp-json\/wp\/v2\/types\/post"}],"author":[{"embeddable":true,"href":"http:\/\/srhgx.be\/wordpress\/wp-json\/wp\/v2\/users\/10"}],"replies":[{"embeddable":true,"href":"http:\/\/srhgx.be\/wordpress\/wp-json\/wp\/v2\/comments?post=8759"}],"version-history":[{"count":2,"href":"http:\/\/srhgx.be\/wordpress\/wp-json\/wp\/v2\/posts\/8759\/revisions"}],"predecessor-version":[{"id":8775,"href":"http:\/\/srhgx.be\/wordpress\/wp-json\/wp\/v2\/posts\/8759\/revisions\/8775"}],"wp:featuredmedia":[{"embeddable":true,"href":"http:\/\/srhgx.be\/wordpress\/wp-json\/wp\/v2\/media\/783"}],"wp:attachment":[{"href":"http:\/\/srhgx.be\/wordpress\/wp-json\/wp\/v2\/media?parent=8759"}],"wp:term":[{"taxonomy":"category","embeddable":true,"href":"http:\/\/srhgx.be\/wordpress\/wp-json\/wp\/v2\/categories?post=8759"},{"taxonomy":"post_tag","embeddable":true,"href":"http:\/\/srhgx.be\/wordpress\/wp-json\/wp\/v2\/tags?post=8759"},{"taxonomy":"author","embeddable":true,"href":"http:\/\/srhgx.be\/wordpress\/wp-json\/wp\/v2\/ppma_author?post=8759"}],"curies":[{"name":"wp","href":"https:\/\/api.w.org\/{rel}","templated":true}]}}