{"id":7860,"date":"2023-03-22T14:42:31","date_gmt":"2023-03-22T13:42:31","guid":{"rendered":"http:\/\/srhgx.be\/wordpress\/?p=7860"},"modified":"2023-03-22T14:42:33","modified_gmt":"2023-03-22T13:42:33","slug":"petite-et-grande-histoire-des-legumes","status":"publish","type":"post","link":"http:\/\/srhgx.be\/wordpress\/petite-et-grande-histoire-des-legumes\/","title":{"rendered":"Petite et grande histoire des l\u00e9gumes"},"content":{"rendered":"\n<p class=\"has-nv-dark-bg-color has-text-color has-large-font-size\"><strong>\u00c9ric BIRLOUEZ<\/strong><\/p>\n\n\n\n<p class=\"has-medium-font-size\"><strong>Septembre 2020\u00a0\u00a0\u00a0\u00a0\u00a0\u00a0\u00a0 22,00 \u20ac\u00a0\u00a0\u00a0\u00a0\u00a0\u00a0\u00a0\u00a0\u00a0\u00a0 <\/strong><\/p>\n\n\n\n<p class=\"has-medium-font-size\"><strong>\u00c9ditions\u00a0: Quae<\/strong>      <strong>EAN13 :<\/strong> <strong>9782759231966<\/strong><\/p>\n\n\n\n<figure class=\"wp-block-image size-full is-resized\"><img fetchpriority=\"high\" decoding=\"async\" src=\"http:\/\/srhgx.be\/wordpress\/wp-content\/uploads\/2023\/03\/image-18.png\" alt=\"\" class=\"wp-image-7861\" width=\"288\" height=\"384\"\/><\/figure>\n\n\n\n<p>Les l\u00e9gumes n\u2019auraient qu\u2019un int\u00e9r\u00eat nutritionnel ou gastronomique ?<\/p>\n\n\n\n<p>Que nenni ! Ils sont porteurs d\u2019une histoire qui plonge aux racines m\u00eames de notre humanit\u00e9.<\/p>\n\n\n\n<p>\u00c9ric Birlouez nous invite \u00e0 un voyage dans le temps et dans l\u2019espace.<\/p>\n\n\n\n<p><strong>L\u2019histoire des l\u00e9gumes, depuis leur domestication jusqu\u2019\u00e0 nos jours<\/strong>, transporte le lecteur dans l\u2019Antiquit\u00e9, le Moyen \u00c2ge, la Renaissance ou l\u2019\u00e9poque industrielle.<\/p>\n\n\n\n<p>Elle montre l\u2019impact profond qu\u2019a eu, sur notre alimentation de tous les jours, la <strong>d\u00e9couverte il y a cinq si\u00e8cles, dans le Nouveau Monde, de la pomme de terre, de la tomate, des piments, des haricots\u2026.<\/strong><\/p>\n\n\n\n<p>Le statut des l\u00e9gumes \u2013 aliments convoit\u00e9s ou m\u00e9pris\u00e9s \u2013 a beaucoup vari\u00e9 au cours des si\u00e8cles.<\/p>\n\n\n\n<p>Les dimensions culturelles et symboliques, les usages courants en m\u00e9decine et en cuisine notamment, les atouts en termes de nutrition et de sant\u00e9 ainsi que l\u2019\u00e9conomie ne sont pas oubli\u00e9s pour autant.<\/p>\n\n\n\n<p>Cette saga des l\u00e9gumes nous parle aussi de l\u2019obstination des premiers horticulteurs \u00e0 \u00ab domestiquer \u00bb les esp\u00e8ces sauvages et de l\u2019invention de la cuisson ou de la fermentation qui ont permis de rendre comestibles des v\u00e9g\u00e9taux souvent toxiques \u00e0 l\u2019\u00e9tat sauvage.<\/p>\n\n\n\n<p>De l\u2019exotisme \u00e0 l\u2019intime, partons ensemble \u00e0 la d\u00e9couverte de la petite et grande histoire des l\u00e9gumes.<\/p>\n\n\n\n<p>La porte du potager s\u2019ouvre \u00e0 vous !<\/p>\n\n\n\n<p><strong>Sommaire<\/strong><\/p>\n\n\n\n<p>Les l\u00e9gumes, fruits de la terre et du g\u00e9nie de l\u2019homme&nbsp;<\/p>\n\n\n\n<p><strong>Le go\u00fbt des l\u00e9gumes, une tr\u00e8s longue histoire&nbsp;<\/strong><\/p>\n\n\n\n<p>Vous avez dit l\u00e9gume\u2026 ?<\/p>\n\n\n\n<p>Retour aux origines<\/p>\n\n\n\n<p>Naturellement sauvages et toxiques<\/p>\n\n\n\n<p>La cuisson, puis la domestication, \u00e9largissent la palette consommable<\/p>\n\n\n\n<p>L\u2019agriculture et les berceaux l\u00e9gumiers<\/p>\n\n\n\n<p>Les l\u00e9gumes dans l\u2019Histoire<\/p>\n\n\n\n<p>La production et la consommation fran\u00e7aises de l\u00e9gumes&nbsp;<\/p>\n\n\n\n<p><strong>Une fabuleuse diversit\u00e9&nbsp;<\/strong><\/p>\n\n\n\n<p>Des fruits ? Des l\u00e9gumes ? Ou les deux ?&nbsp;<\/p>\n\n\n\n<p>Dites-le avec des (l\u00e9gumes)-fleurs&nbsp;<\/p>\n\n\n\n<p>Les l\u00e9gumes-feuilles, l\u00e9gers mais nutritifs&nbsp;<\/p>\n\n\n\n<p>Dans la famille des l\u00e9gumes, je demande\u2026 les bulbes<\/p>\n\n\n\n<p>Les l\u00e9gumes-racines : savoir distinguer le vrai du faux<\/p>\n\n\n\n<p>Tiges gourmandes&nbsp;<\/p>\n\n\n\n<p>Les l\u00e9gumes \u00e0 cosse : un exemple, le petit pois<\/p>\n\n\n\n<p><strong>Ces l\u00e9gumes que nous devons au Nouveau Monde&nbsp;<\/strong><\/p>\n\n\n\n<p>La pomme de terre : arme anti-famine<\/p>\n\n\n\n<p>Incontournable tomate<\/p>\n\n\n\n<p>Piments et poivrons : chaudes couleurs&nbsp;<\/p>\n\n\n\n<p>Potiron, citrouille et autres courges<\/p>\n\n\n\n<p>Le haricot vert : du grain \u00e0 la gousse<\/p>\n\n\n\n<p><strong>L\u00e9gumes d\u2019hier et d\u2019ailleurs.&nbsp;&nbsp;<\/strong><\/p>\n\n\n\n<p>Le panais\u2026 ou la r\u00e9habilitation d\u2019une \u00ab nourriture de cochons \u00bb<\/p>\n\n\n\n<p>&nbsp;Le topinambour, un cousin canadien du tournesol&nbsp;<\/p>\n\n\n\n<p>Le rutabaga, fils du chou et du navet&nbsp;<\/p>\n\n\n\n<p>Le crosne du Japon, un l\u00e9gume\u2026 chinois<\/p>\n\n\n\n<p>Salsifis ou scorson\u00e8re ?&nbsp;<\/p>\n\n\n\n<p>Persil et cerfeuil\u2026 mais tub\u00e9reux&nbsp;<\/p>\n\n\n\n<p>La capucine tub\u00e9reuse, la fleur des cimes andines<\/p>\n\n\n\n<p>L\u2019oca et l\u2019ulluco du P\u00e9rou, au menu des paysans des Andes<\/p>\n\n\n\n<p>L\u00e9gumes-feuilles de jadis<\/p>\n\n\n\n<p>La vogue des l\u00e9gumes sauvages comestibles<\/p>\n\n\n\n<p>La patate douce : une douceur tropicale cosmopolite<\/p>\n\n\n\n<p>Le manioc : la racine dont on fait du pain<\/p>\n\n\n\n<p>L\u2019igname : une production tr\u00e8s africaine<\/p>\n\n\n\n<p>Le taro : une autre source tropicale d\u2019amidon<\/p>\n\n\n\n<p>Exub\u00e9rante chayotte<\/p>\n\n\n\n<p>Le gombo : des fruits verts \u00e0 tout faire<\/p>\n\n\n\n<p>Des bienfaits pour le corps et\u2026 l\u2019esprit&nbsp;<\/p>\n\n\n\n<p>Bibliographie&nbsp;<\/p>\n\n\n\n<p><a href=\"https:\/\/www.quae.com\/produit\/1648\/9782759231973\/petite-et-grande-histoire-des-legumes#placeholder_429\"><\/a><\/p>\n<div style=\"display:flex; gap:10px;justify-content:center\" class=\"wps-pgfw-pdf-generate-icon__wrapper-frontend\">\n\t\t<a  href=\"http:\/\/srhgx.be\/wordpress\/wp-json\/wp\/v2\/posts\/7860?action=genpdf&amp;id=7860\" class=\"pgfw-single-pdf-download-button\" ><img src=\"http:\/\/srhgx.be\/wordpress\/wp-content\/plugins\/pdf-generator-for-wp\/admin\/src\/images\/PDF_Tray.svg\" title=\"G\u00e9n\u00e9rer un PDF\" style=\"width:auto; height:45px;\"><\/a>\n\t\t<\/div>","protected":false},"excerpt":{"rendered":"<p>\u00c9ric BIRLOUEZ Septembre 2020\u00a0\u00a0\u00a0\u00a0\u00a0\u00a0\u00a0 22,00 \u20ac\u00a0\u00a0\u00a0\u00a0\u00a0\u00a0\u00a0\u00a0\u00a0\u00a0 \u00c9ditions\u00a0: Quae EAN13 : 9782759231966 Les l\u00e9gumes n\u2019auraient qu\u2019un int\u00e9r\u00eat nutritionnel ou gastronomique ? Que nenni ! Ils sont porteurs d\u2019une histoire qui plonge&hellip;&nbsp;<a href=\"http:\/\/srhgx.be\/wordpress\/petite-et-grande-histoire-des-legumes\/\" rel=\"bookmark\">Lire la suite &raquo;<span class=\"screen-reader-text\">Petite et grande histoire des l\u00e9gumes<\/span><\/a><\/p>\n","protected":false},"author":10,"featured_media":478,"comment_status":"closed","ping_status":"closed","sticky":false,"template":"","format":"standard","meta":{"neve_meta_sidebar":"","neve_meta_container":"","neve_meta_enable_content_width":"","neve_meta_content_width":0,"neve_meta_title_alignment":"","neve_meta_author_avatar":"","neve_post_elements_order":"","neve_meta_disable_header":"","neve_meta_disable_footer":"","neve_meta_disable_title":"","footnotes":""},"categories":[146,110,1],"tags":[679,398],"ppma_author":[447],"class_list":["post-7860","post","type-post","status-publish","format-standard","has-post-thumbnail","hentry","category-documents","category-livre","category-srhgx","tag-histoire","tag-legumes"],"publishpress_future_action":{"enabled":false,"date":"2026-05-04 01:36:41","action":"change-status","newStatus":"draft","terms":[],"taxonomy":"category","extraData":[]},"publishpress_future_workflow_manual_trigger":{"enabledWorkflows":[]},"authors":[{"term_id":447,"user_id":10,"is_guest":0,"slug":"cblancke","display_name":"Christine BLANCKE","avatar_url":"https:\/\/secure.gravatar.com\/avatar\/973b599229553ee0b848ec49ca3de61a676ccbea8c5d03d2f477ac1a73794615?s=96&d=mm&r=g","1":"","2":"","3":"","4":"","5":"","6":"","7":"","8":""}],"_links":{"self":[{"href":"http:\/\/srhgx.be\/wordpress\/wp-json\/wp\/v2\/posts\/7860","targetHints":{"allow":["GET"]}}],"collection":[{"href":"http:\/\/srhgx.be\/wordpress\/wp-json\/wp\/v2\/posts"}],"about":[{"href":"http:\/\/srhgx.be\/wordpress\/wp-json\/wp\/v2\/types\/post"}],"author":[{"embeddable":true,"href":"http:\/\/srhgx.be\/wordpress\/wp-json\/wp\/v2\/users\/10"}],"replies":[{"embeddable":true,"href":"http:\/\/srhgx.be\/wordpress\/wp-json\/wp\/v2\/comments?post=7860"}],"version-history":[{"count":3,"href":"http:\/\/srhgx.be\/wordpress\/wp-json\/wp\/v2\/posts\/7860\/revisions"}],"predecessor-version":[{"id":7943,"href":"http:\/\/srhgx.be\/wordpress\/wp-json\/wp\/v2\/posts\/7860\/revisions\/7943"}],"wp:featuredmedia":[{"embeddable":true,"href":"http:\/\/srhgx.be\/wordpress\/wp-json\/wp\/v2\/media\/478"}],"wp:attachment":[{"href":"http:\/\/srhgx.be\/wordpress\/wp-json\/wp\/v2\/media?parent=7860"}],"wp:term":[{"taxonomy":"category","embeddable":true,"href":"http:\/\/srhgx.be\/wordpress\/wp-json\/wp\/v2\/categories?post=7860"},{"taxonomy":"post_tag","embeddable":true,"href":"http:\/\/srhgx.be\/wordpress\/wp-json\/wp\/v2\/tags?post=7860"},{"taxonomy":"author","embeddable":true,"href":"http:\/\/srhgx.be\/wordpress\/wp-json\/wp\/v2\/ppma_author?post=7860"}],"curies":[{"name":"wp","href":"https:\/\/api.w.org\/{rel}","templated":true}]}}