{"id":7823,"date":"2023-03-22T14:49:19","date_gmt":"2023-03-22T13:49:19","guid":{"rendered":"http:\/\/srhgx.be\/wordpress\/?p=7823"},"modified":"2025-05-21T08:50:31","modified_gmt":"2025-05-21T06:50:31","slug":"19-mars-saint-joseph","status":"publish","type":"post","link":"http:\/\/srhgx.be\/wordpress\/19-mars-saint-joseph\/","title":{"rendered":"19 mars\u00a0\u00a0\u00a0 Saint Joseph"},"content":{"rendered":"\n<p>Le 19 mars, le jour de la Saint-Joseph, certains jardiniers plantent leurs premi\u00e8res pommes de terre h\u00e2tives sous tunnel avec un voile d\u2019hivernage. Une bonne p\u00e9riode \u00e0 condition d\u2019habiter dans les r\u00e9gions de Paris ou de Versailles, mais trop t\u00f4t chez nous \u00e0 cause des gel\u00e9es tardives qui pourraient d\u00e9truire les jeunes pousses \u00e0&nbsp;peine sorties du sol. Des pommes de terre qui pourront \u00eatre r\u00e9colt\u00e9es fin juin ou d\u00e9but juillet.<\/p>\n\n\n\n<p>Les pommes de terre sont des <strong>plantes g\u00e9lives<\/strong> de la famille des <strong>Solanac\u00e9es<\/strong> (comme les tomates). On les installe donc au potager quand les gel\u00e9es ne sont plus \u00e0 craindre.<\/p>\n\n\n\n<p>Un <strong>bon rep\u00e8re<\/strong> pour planter les pommes de terre est la <strong>floraison du lilas.<\/strong><\/p>\n\n\n\n<p>La&nbsp;mise en place peut avoir lieu <strong>vers la mi-avril <\/strong>et&nbsp;elle donnera une production tout \u00e0&nbsp;fait normale. Pour h\u00e2ter quelque peu la premi\u00e8re croissance, les tubercules de pommes de terre seront <strong>mis en v\u00e9g\u00e9tation<\/strong> entre le 20 f\u00e9vrier et&nbsp;le 10 mars, dans des caissettes que l\u2019on placera dans une pi\u00e8ce bien claire o\u00f9 r\u00e8gne une temp\u00e9rature proche des 10\u00b0C.<\/p>\n\n\n\n<p><strong>Vari\u00e9t\u00e9s de pommes de terre pr\u00e9coces (moins de 90 jours)&nbsp;\u00e0 planter le jour de la Saint-Joseph ?<\/strong><strong> <\/strong>les vari\u00e9t\u00e9s \u2018Amandine\u2019, \u2018Sirtema\u2019 ou \u2018Belle de Fontenay\u2019<strong><\/strong><\/p>\n\n\n\n<p>La <strong>Bintje<\/strong> est d\u00e9laiss\u00e9e par les agriculteurs et l&rsquo;industrie de la frite<strong> car pas assez r\u00e9sistante au changement climatique, faible face \u00e0 la s\u00e9cheresse<\/strong><\/p>\n\n\n\n<p><strong>Les principaux ennemis des pommes de terre<\/strong> sont <strong>le mildiou et les doryphores<\/strong>.<\/p>\n\n\n\n<p>Parmi les <strong>vari\u00e9t\u00e9s \u00e0 chair ferme<\/strong>, les tubercules de &lsquo;Nicola&rsquo; ou de &lsquo;Charlotte&rsquo; r\u00e9sistent relativement bien au mildiou.<\/p>\n\n\n\n<p>La pomme de terre <strong>\u00e0 chair fondante<\/strong> dont le tubercule r\u00e9siste plut\u00f4t bien au mildiou&nbsp;: <strong>la &lsquo;D\u00e9sir\u00e9e<\/strong>&lsquo;<\/p>\n\n\n\n<p><strong>La pomme de terre &lsquo;Ratte<\/strong>&lsquo; au go\u00fbt tr\u00e8s raffin\u00e9 est pris\u00e9e des grands chefs en cuisine. Sa <strong>chair ferme<\/strong> lui permet d&rsquo;\u00eatre id\u00e9ale \u00e0 la vapeur<\/p>\n\n\n\n<p>Parmi les vari\u00e9t\u00e9s de <strong>pommes de terre les plus adapt\u00e9es \u00e0 la friture<\/strong>, on peut citer <strong>la &lsquo;Bintje&rsquo;, la &lsquo;Monalisa&rsquo;.<\/strong><\/p>\n\n\n\n<p><\/p>\n\n\n\n<figure class=\"wp-block-image size-full is-resized\"><img fetchpriority=\"high\" decoding=\"async\" src=\"http:\/\/srhgx.be\/wordpress\/wp-content\/uploads\/2023\/03\/image-8.png\" alt=\"\" class=\"wp-image-7824\" width=\"311\" height=\"311\" srcset=\"http:\/\/srhgx.be\/wordpress\/wp-content\/uploads\/2023\/03\/image-8.png 180w, http:\/\/srhgx.be\/wordpress\/wp-content\/uploads\/2023\/03\/image-8-150x150.png 150w\" sizes=\"(max-width: 311px) 100vw, 311px\" \/><\/figure>\n\n\n\n<p><strong>Je cultive mes pommes de terre&nbsp;&nbsp;&nbsp; 38 vari\u00e9t\u00e9s test\u00e9es<\/strong><\/p>\n\n\n\n<p class=\"has-nv-dark-bg-color has-text-color has-large-font-size\"><strong>Jean-Paul Thorez et Sandra Lefran\u00e7ois<\/strong><\/p>\n\n\n\n<p class=\"has-medium-font-size\"><strong>F\u00e9vrier 2017\u00a0\u00a0\u00a0\u00a0\u00a0 14\u20ac\u00a0 <\/strong><\/p>\n\n\n\n<p class=\"has-medium-font-size\"><strong>\u00c9ditions Terre Vivante\u00a0<\/strong>      <strong>ISBN\u00a0: 978-2-36098-268-4<\/strong><\/p>\n\n\n\n<p>Un livre sur la culture du l\u00e9gume pr\u00e9f\u00e9r\u00e9 des Fran\u00e7ais. Une des cultures les plus amusantes, rentables, int\u00e9ressantes et accessibles au jardin potager. Toutes les techniques \u00e0 conna\u00eetre pour r\u00e9ussir <strong>: pr\u00e9paration du sol, plantation, soins, r\u00e9colte, stockage&#8230; ainsi que des conseils de pr\u00e9paration en cuisine. &nbsp;&nbsp;&nbsp;&nbsp;&nbsp;&nbsp;&nbsp;&nbsp;&nbsp;&nbsp;&nbsp;&nbsp;&nbsp;&nbsp;&nbsp;&nbsp;&nbsp;&nbsp;38 vari\u00e9t\u00e9s test\u00e9es en conditions r\u00e9elles<\/strong>. &nbsp;&nbsp;&nbsp;&nbsp;&nbsp;&nbsp;&nbsp;&nbsp;&nbsp;&nbsp;&nbsp;&nbsp;&nbsp;&nbsp;&nbsp;&nbsp;&nbsp;&nbsp;&nbsp;&nbsp;&nbsp;&nbsp;&nbsp;&nbsp;&nbsp;&nbsp;&nbsp;&nbsp;&nbsp;&nbsp;&nbsp;&nbsp;&nbsp;&nbsp;&nbsp;&nbsp;&nbsp;&nbsp;&nbsp;&nbsp;&nbsp;&nbsp;&nbsp;&nbsp;&nbsp;&nbsp;&nbsp;&nbsp;&nbsp;&nbsp;&nbsp;&nbsp;&nbsp;&nbsp;&nbsp;&nbsp;&nbsp;&nbsp;&nbsp;&nbsp;&nbsp;&nbsp;&nbsp;&nbsp;&nbsp;&nbsp;&nbsp;&nbsp;&nbsp;Des informations de culture soigneusement consign\u00e9es et confront\u00e9es aux indications donn\u00e9es par les catalogues de semences, confirmant ou infirmant certaines all\u00e9gations.<br>De nombreux retours d&rsquo;exp\u00e9rience de lecteurs-jardiniers des 4 Saisons du jardin bio. Un pr\u00e9cieux guide de choix pour s\u00e9lectionner les vari\u00e9t\u00e9s \u00e0 cultiver. Une (re)d\u00e9couverte de la biodiversit\u00e9 potag\u00e8re.<\/p>\n\n\n\n<p><strong>Sommaire<\/strong><\/p>\n\n\n\n<p><strong>Les bonnes raisons de cultiver des pommes de terre.<br><\/strong><br>Pour le plaisir !<br>Pour approvisionner ma famille.<br>\u00c0 savoir avant de se lancer !<br><br><strong>Passons \u00e0 la pratique.<br><\/strong><br>La plante pomme de terre.<br>Les plants.<br>Le terrain.<br>Les outils.<br>La pr\u00e9paration du terrain.<br>Compost, fumier, engrais.<br>La plantation.<br>Associer la pomme de terre ?<br>Petits soins indispensables.<br>Le mildiou et autres maladies.<br>Le doryphore et autres ravageurs.<br>La r\u00e9colte et le stockage.<br>Que cultiver apr\u00e8s les pommes de terre.<br>Autres techniques : vraies et fausses bonnes id\u00e9es.<br>Quelles vari\u00e9t\u00e9s de pomme de terre cultiver ?<br><br><strong>Pourquoi tant de vari\u00e9t\u00e9s ?<br><\/strong>Comment choisir une vari\u00e9t\u00e9.<br>Des vari\u00e9t\u00e9s s\u00e9lectionn\u00e9es.<br>L&rsquo;essai au jardin.<br>Bien lire les fiches.<br>Agata.<br>Agria.<br>Allians.<br>Amandine.<br>Apollo.<br>Art\u00e9mis.<br>Belle de Fontenay.<br>Bernadette.<br>Bintje.<br>Bleue de la Manche.<br>Bonnotte de Noirmoutier.<br>Caesar.<br>Carolus.<br>Carrera.<br>Charlotte.<br>Ch\u00e9rie.<br>Cheyenne.<br>Corne de gatte.<br>D\u00e9sir\u00e9e.<br>Ditta.<br>Eden.<br>Fin de si\u00e8cle.<br>Linzer Delikatess.<br>Monalisa.<br>Nicola.<br>OEil de perdrix.<br>Pompadour&#8230;<\/p>\n\n\n\n<p><strong>Jean-Paul Thorez<\/strong> est ing\u00e9nieur agronome, ancien directeur de l&rsquo;Agence r\u00e9gionale de l&rsquo;environnement de Haute-Normandie, journaliste sp\u00e9cialis\u00e9 dans le jardinage bio et auteur de nombreux ouvrages sur ce th\u00e8me.<\/p>\n\n\n\n<p><strong>Sandra Lefran\u00e7ois<\/strong> est botaniste et jardini\u00e8re passionn\u00e9e.&nbsp;&nbsp;&nbsp;&nbsp;&nbsp;&nbsp;&nbsp;&nbsp;&nbsp;&nbsp;&nbsp;&nbsp;&nbsp;&nbsp;&nbsp;&nbsp;&nbsp;&nbsp;&nbsp;&nbsp;&nbsp;&nbsp;&nbsp;&nbsp;&nbsp; &nbsp;&nbsp;&nbsp;&nbsp;&nbsp;&nbsp;&nbsp;&nbsp;&nbsp;&nbsp;&nbsp;&nbsp;&nbsp;&nbsp;&nbsp;&nbsp;&nbsp;&nbsp;&nbsp;&nbsp;&nbsp;&nbsp;&nbsp;&nbsp;Elle est co-auteure de livres aux \u00e9ditions Terre vivante et collaboratrice pour Les 4 Saisons du jardin bio.<\/p>\n\n\n\n<p><strong>Les 4 saisons du jardin bio<\/strong><\/p>\n\n\n\n<p><strong>N\u00e9 dans les ann\u00e9es 1980<\/strong> \u00e0 l&rsquo;initiative de militants \u00e9cologistes, <strong>la revue continue de paraitre tous les deux mois en expliquant aux jardiniers les techniques du jardinage bio, sans produits chimiques<\/strong>, et offre, au fil de sa centaine de pages, de nombreuses solutions pratiques et naturelles. Mais ce sont aussi des <strong>gestes et conseils de saison, un calendrier lunaire chaque mois, des articles de fonds, des reportages, des interviews, des actualit\u00e9s, des bonnes adresses.<\/strong><strong><\/strong><\/p>\n\n\n\n<p>Les 4 Saisons du jardin bio, <strong>c&rsquo;est aussi un \u00e9tat d&rsquo;esprit<\/strong> qui tient \u00e0 montrer le lien qui existe entre le jardin, l&rsquo;habitat \u00e9cologique, une consommation responsable, l&rsquo;environnement et la sant\u00e9&#8230;<\/p>\n\n\n\n<p><\/p>\n<div style=\"display:flex; gap:10px;justify-content:center\" class=\"wps-pgfw-pdf-generate-icon__wrapper-frontend\">\n\t\t<a  href=\"http:\/\/srhgx.be\/wordpress\/wp-json\/wp\/v2\/posts\/7823?action=genpdf&amp;id=7823\" class=\"pgfw-single-pdf-download-button\" ><img src=\"http:\/\/srhgx.be\/wordpress\/wp-content\/plugins\/pdf-generator-for-wp\/admin\/src\/images\/PDF_Tray.svg\" title=\"G\u00e9n\u00e9rer un PDF\" style=\"width:auto; height:45px;\"><\/a>\n\t\t<\/div>","protected":false},"excerpt":{"rendered":"<p>Le 19 mars, le jour de la Saint-Joseph, certains jardiniers plantent leurs premi\u00e8res pommes de terre h\u00e2tives sous tunnel avec un voile d\u2019hivernage. Une bonne p\u00e9riode \u00e0 condition d\u2019habiter dans&hellip;&nbsp;<a href=\"http:\/\/srhgx.be\/wordpress\/19-mars-saint-joseph\/\" rel=\"bookmark\">Lire la suite &raquo;<span class=\"screen-reader-text\">19 mars\u00a0\u00a0\u00a0 Saint Joseph<\/span><\/a><\/p>\n","protected":false},"author":10,"featured_media":7824,"comment_status":"closed","ping_status":"closed","sticky":false,"template":"","format":"standard","meta":{"neve_meta_sidebar":"","neve_meta_container":"","neve_meta_enable_content_width":"","neve_meta_content_width":0,"neve_meta_title_alignment":"","neve_meta_author_avatar":"","neve_post_elements_order":"","neve_meta_disable_header":"","neve_meta_disable_footer":"","neve_meta_disable_title":"","footnotes":""},"categories":[146,110,1,1326],"tags":[799,807],"ppma_author":[447],"class_list":["post-7823","post","type-post","status-publish","format-standard","has-post-thumbnail","hentry","category-documents","category-livre","category-srhgx","category-to-check","tag-pomme-de-terre","tag-saint-joseph"],"publishpress_future_action":{"enabled":false,"date":"2026-05-05 13:26:34","action":"change-status","newStatus":"draft","terms":[],"taxonomy":"category","extraData":[]},"publishpress_future_workflow_manual_trigger":{"enabledWorkflows":[]},"authors":[{"term_id":447,"user_id":10,"is_guest":0,"slug":"cblancke","display_name":"Christine BLANCKE","avatar_url":"https:\/\/secure.gravatar.com\/avatar\/973b599229553ee0b848ec49ca3de61a676ccbea8c5d03d2f477ac1a73794615?s=96&d=mm&r=g","1":"","2":"","3":"","4":"","5":"","6":"","7":"","8":""}],"_links":{"self":[{"href":"http:\/\/srhgx.be\/wordpress\/wp-json\/wp\/v2\/posts\/7823","targetHints":{"allow":["GET"]}}],"collection":[{"href":"http:\/\/srhgx.be\/wordpress\/wp-json\/wp\/v2\/posts"}],"about":[{"href":"http:\/\/srhgx.be\/wordpress\/wp-json\/wp\/v2\/types\/post"}],"author":[{"embeddable":true,"href":"http:\/\/srhgx.be\/wordpress\/wp-json\/wp\/v2\/users\/10"}],"replies":[{"embeddable":true,"href":"http:\/\/srhgx.be\/wordpress\/wp-json\/wp\/v2\/comments?post=7823"}],"version-history":[{"count":3,"href":"http:\/\/srhgx.be\/wordpress\/wp-json\/wp\/v2\/posts\/7823\/revisions"}],"predecessor-version":[{"id":7951,"href":"http:\/\/srhgx.be\/wordpress\/wp-json\/wp\/v2\/posts\/7823\/revisions\/7951"}],"wp:featuredmedia":[{"embeddable":true,"href":"http:\/\/srhgx.be\/wordpress\/wp-json\/wp\/v2\/media\/7824"}],"wp:attachment":[{"href":"http:\/\/srhgx.be\/wordpress\/wp-json\/wp\/v2\/media?parent=7823"}],"wp:term":[{"taxonomy":"category","embeddable":true,"href":"http:\/\/srhgx.be\/wordpress\/wp-json\/wp\/v2\/categories?post=7823"},{"taxonomy":"post_tag","embeddable":true,"href":"http:\/\/srhgx.be\/wordpress\/wp-json\/wp\/v2\/tags?post=7823"},{"taxonomy":"author","embeddable":true,"href":"http:\/\/srhgx.be\/wordpress\/wp-json\/wp\/v2\/ppma_author?post=7823"}],"curies":[{"name":"wp","href":"https:\/\/api.w.org\/{rel}","templated":true}]}}