{"id":7773,"date":"2023-03-11T17:21:24","date_gmt":"2023-03-11T16:21:24","guid":{"rendered":"http:\/\/srhgx.be\/wordpress\/?p=7773"},"modified":"2025-05-21T08:50:31","modified_gmt":"2025-05-21T06:50:31","slug":"les-oiseaux-font-leur-nid-ne-taillez-pas-les-haies-nelaguez-pas-les-arbres","status":"publish","type":"post","link":"http:\/\/srhgx.be\/wordpress\/les-oiseaux-font-leur-nid-ne-taillez-pas-les-haies-nelaguez-pas-les-arbres\/","title":{"rendered":"Les oiseaux font leur nid : ne taillez pas  les haies, n&rsquo;\u00e9laguez pas les arbres !"},"content":{"rendered":"\n<figure class=\"wp-block-image size-full\"><img fetchpriority=\"high\" decoding=\"async\" width=\"600\" height=\"526\" src=\"http:\/\/srhgx.be\/wordpress\/wp-content\/uploads\/2023\/03\/image-7.png\" alt=\"\" class=\"wp-image-7774\" srcset=\"http:\/\/srhgx.be\/wordpress\/wp-content\/uploads\/2023\/03\/image-7.png 600w, http:\/\/srhgx.be\/wordpress\/wp-content\/uploads\/2023\/03\/image-7-300x263.png 300w\" sizes=\"(max-width: 600px) 100vw, 600px\" \/><\/figure>\n\n\n\n<p><a href=\"https:\/\/www.natagora.be\/faqs\/quand-tailler-les-haies-et-les-arbres-pour-eviter-dimportuner-la-nidification-des-oiseaux\">https:\/\/www.natagora.be\/faqs\/quand-tailler-les-haies-et-les-arbres-pour-eviter-dimportuner-la-nidification-des-oiseaux<\/a><\/p>\n\n\n\n<p><\/p>\n\n\n\n<p><strong>Du 15 mars au 31 ao\u00fbt<\/strong>, la LPO recommande de ne pas tailler les haies car c&rsquo;est la <strong>saison de nidification des oiseaux<\/strong>. Certaines esp\u00e8ces s&rsquo;installent <strong>d\u00e8s le mois de mars comme la tourterelle turque. Les accenteurs mouchets<\/strong> sont quant \u00e0 eux d\u00e9j\u00e0 cantonn\u00e9s<strong>. En raison des changements climatiques, les oiseaux nidifient plus t\u00f4t \u00e9galement<\/strong>.<\/p>\n\n\n\n<p><strong>Les tailles de haies et l\u2019\u00e9lagage des arbres se pratiquent<\/strong> avant la mont\u00e9e de s\u00e8ve, c\u2019est \u00e0 dire en hiver, id\u00e9alement <strong>pendant les mois de novembre et d\u00e9cembre.<\/strong><\/p>\n\n\n\n<p>De mani\u00e8re g\u00e9n\u00e9rale, <strong>laissez autant que possible la v\u00e9g\u00e9tation se d\u00e9velopper naturellement, sans taille ni \u00e9lagage et veillez \u00e0 garder du bois mort sur pied et au sol.<\/strong><\/p>\n\n\n\n<p><strong>Une bande herbeuse au pied de la haie <\/strong>est particuli\u00e8rement favorable \u00e0 la petite faune comme le <strong>h\u00e9risson d&rsquo;Europe<\/strong> !<\/p>\n<div style=\"display:flex; gap:10px;justify-content:center\" class=\"wps-pgfw-pdf-generate-icon__wrapper-frontend\">\n\t\t<a  href=\"http:\/\/srhgx.be\/wordpress\/wp-json\/wp\/v2\/posts\/7773?action=genpdf&amp;id=7773\" class=\"pgfw-single-pdf-download-button\" ><img src=\"http:\/\/srhgx.be\/wordpress\/wp-content\/plugins\/pdf-generator-for-wp\/admin\/src\/images\/PDF_Tray.svg\" title=\"G\u00e9n\u00e9rer un PDF\" style=\"width:auto; height:45px;\"><\/a>\n\t\t<\/div>","protected":false},"excerpt":{"rendered":"<p>https:\/\/www.natagora.be\/faqs\/quand-tailler-les-haies-et-les-arbres-pour-eviter-dimportuner-la-nidification-des-oiseaux Du 15 mars au 31 ao\u00fbt, la LPO recommande de ne pas tailler les haies car c&rsquo;est la saison de nidification des oiseaux. Certaines esp\u00e8ces s&rsquo;installent d\u00e8s le mois&hellip;&nbsp;<a href=\"http:\/\/srhgx.be\/wordpress\/les-oiseaux-font-leur-nid-ne-taillez-pas-les-haies-nelaguez-pas-les-arbres\/\" rel=\"bookmark\">Lire la suite &raquo;<span class=\"screen-reader-text\">Les oiseaux font leur nid : ne taillez pas  les haies, n&rsquo;\u00e9laguez pas les arbres !<\/span><\/a><\/p>\n","protected":false},"author":10,"featured_media":0,"comment_status":"closed","ping_status":"closed","sticky":false,"template":"","format":"standard","meta":{"neve_meta_sidebar":"","neve_meta_container":"","neve_meta_enable_content_width":"","neve_meta_content_width":0,"neve_meta_title_alignment":"","neve_meta_author_avatar":"","neve_post_elements_order":"","neve_meta_disable_header":"","neve_meta_disable_footer":"","neve_meta_disable_title":"","footnotes":""},"categories":[1,1326],"tags":[383,185,433],"ppma_author":[447],"class_list":["post-7773","post","type-post","status-publish","format-standard","hentry","category-srhgx","category-to-check","tag-haies","tag-oiseaux","tag-taille"],"publishpress_future_action":{"enabled":false,"date":"2026-05-07 18:35:38","action":"change-status","newStatus":"draft","terms":[],"taxonomy":"category","extraData":[]},"publishpress_future_workflow_manual_trigger":{"enabledWorkflows":[]},"authors":[{"term_id":447,"user_id":10,"is_guest":0,"slug":"cblancke","display_name":"Christine BLANCKE","avatar_url":"https:\/\/secure.gravatar.com\/avatar\/973b599229553ee0b848ec49ca3de61a676ccbea8c5d03d2f477ac1a73794615?s=96&d=mm&r=g","1":"","2":"","3":"","4":"","5":"","6":"","7":"","8":""}],"_links":{"self":[{"href":"http:\/\/srhgx.be\/wordpress\/wp-json\/wp\/v2\/posts\/7773","targetHints":{"allow":["GET"]}}],"collection":[{"href":"http:\/\/srhgx.be\/wordpress\/wp-json\/wp\/v2\/posts"}],"about":[{"href":"http:\/\/srhgx.be\/wordpress\/wp-json\/wp\/v2\/types\/post"}],"author":[{"embeddable":true,"href":"http:\/\/srhgx.be\/wordpress\/wp-json\/wp\/v2\/users\/10"}],"replies":[{"embeddable":true,"href":"http:\/\/srhgx.be\/wordpress\/wp-json\/wp\/v2\/comments?post=7773"}],"version-history":[{"count":2,"href":"http:\/\/srhgx.be\/wordpress\/wp-json\/wp\/v2\/posts\/7773\/revisions"}],"predecessor-version":[{"id":7782,"href":"http:\/\/srhgx.be\/wordpress\/wp-json\/wp\/v2\/posts\/7773\/revisions\/7782"}],"wp:attachment":[{"href":"http:\/\/srhgx.be\/wordpress\/wp-json\/wp\/v2\/media?parent=7773"}],"wp:term":[{"taxonomy":"category","embeddable":true,"href":"http:\/\/srhgx.be\/wordpress\/wp-json\/wp\/v2\/categories?post=7773"},{"taxonomy":"post_tag","embeddable":true,"href":"http:\/\/srhgx.be\/wordpress\/wp-json\/wp\/v2\/tags?post=7773"},{"taxonomy":"author","embeddable":true,"href":"http:\/\/srhgx.be\/wordpress\/wp-json\/wp\/v2\/ppma_author?post=7773"}],"curies":[{"name":"wp","href":"https:\/\/api.w.org\/{rel}","templated":true}]}}