{"id":7442,"date":"2023-01-20T11:10:49","date_gmt":"2023-01-20T10:10:49","guid":{"rendered":"http:\/\/srhgx.be\/wordpress\/?p=7442"},"modified":"2025-05-21T08:51:10","modified_gmt":"2025-05-21T06:51:10","slug":"calendrier-de-la-taille-des-arbres-fruitiers","status":"publish","type":"post","link":"http:\/\/srhgx.be\/wordpress\/calendrier-de-la-taille-des-arbres-fruitiers\/","title":{"rendered":"Calendrier de la taille des arbres fruitiers"},"content":{"rendered":"\n<p><strong>30 d\u00e9cembre 2019 &nbsp;&nbsp;&nbsp;&nbsp;&nbsp;&nbsp;&nbsp;&nbsp;&nbsp;&nbsp;&nbsp;&nbsp;&nbsp;&nbsp;&nbsp;&nbsp;&nbsp; Monsieur Eddy RUBAY<\/strong><\/p>\n\n\n\n<p>La <strong>taille des fruitiers \u00e0 noyaux<\/strong> se r\u00e9alise \u00e0 partir de la cueillette des fruits et ce pendant environ 1 mois apr\u00e8s celle-ci, soit <strong>de juillet \u00e0 d\u00e9but septembre<\/strong>. Pendant cette p\u00e9riode, toutes les tailles doivent \u00eatre r\u00e9alis\u00e9es.<\/p>\n\n\n\n<p><strong>La taille des fruitiers \u00e0 p\u00e9pins<\/strong> est moins tributaire d\u2019un calendrier pr\u00e9cis, n\u00e9anmoins il y a des moments mieux appropri\u00e9s.<\/p>\n\n\n\n<p><strong><u>Les diff\u00e9rentes tailles se feront selon le sch\u00e9ma repris ci-dessous :<\/u><\/strong><\/p>\n\n\n\n<p>&#8211; La taille de \u00ab propret\u00e9 \u00bb (<strong>\u00e9lagage<\/strong>) en p\u00e9riode de repos, <strong>de novembre \u00e0 f\u00e9vrier<\/strong>. Les grosses coupes suite \u00e0 une maladie ou un d\u00e9s\u00e9quilibre dans la structure peuvent \u00eatre r\u00e9alis\u00e9es pendant l\u2019hiver.<\/p>\n\n\n\n<p>&#8211; La <strong>taille de formation<\/strong> se fera de <strong>f\u00e9vrier \u00e0 mars<\/strong>. Il est pr\u00e9f\u00e9rable d\u2019attendre la fin de l\u2019hiver pour effectuer le choix des branches qui seront retenues et qui n\u2019auront pas subi les d\u00e9g\u00e2ts du froid, du gel, du vent et de la neige<\/p>\n\n\n\n<p>&#8211; La <strong>taille de fructification<\/strong> s\u2019effectuera en <strong>mars<\/strong>. Comme il est parfois difficile de distinguer un bouton \u00e0 fruit d\u2019un bouton \u00e0 bois, la mont\u00e9e de la s\u00e8ve fera gonfler et arrondir l\u2019oeil \u00e0 fruits, ce qui nous aidera dans les choix lors de la taille.<\/p>\n\n\n\n<p>&#8211; La <strong>taille d\u2019\u00e9claircissage des fruits<\/strong> aura lieu en <strong>mai-juin<\/strong>. Celle-ci consiste \u00e0 supprimer des fruits lorsque ceux-ci ont la taille d\u2019une petite cerise, afin d\u2019obtenir des fruits plus gros en y r\u00e9duisant leur nombre par branche.<\/p>\n\n\n\n<p>&#8211; La taille de \u00ab suivi \u00bb (<strong>formation des jeunes arbres<\/strong>), taille dite en vert car elle se fait en <strong>juillet-ao\u00fbt<\/strong>. Il est conseill\u00e9 d\u2019intervenir pendant la croissance des jeunes arbres afin de gagner du temps dans leur formation.<\/p>\n\n\n\n<p>&#8211; N\u2019h\u00e9sitez pas \u00e0 couper, \u00e0 raccourcir des branches qui prendraient une mauvaise orientation pour la forme souhait\u00e9e. Cette <strong>taille d\u2019\u00e9t\u00e9<\/strong> est recommand\u00e9e pour les formes paliss\u00e9es (<strong>espaliers-palmettes et cordons<\/strong>).<\/p>\n\n\n\n<p>&#8211; La <strong>taille \u00ab d\u2019automne<\/strong> <strong>\u00bb<\/strong> se fera en <strong>novembre, d\u00e9cembre<\/strong>. Cette taille est r\u00e9serv\u00e9e aux <strong>formes paliss\u00e9es<\/strong> et consiste \u00e0 supprimer les branches en hauteur afin de limiter la prise au vent pendant l\u2019hiver.<br>NB : Les mois renseign\u00e9s peuvent \u00eatre postpos\u00e9s en fonction des conditions climatiques donc \u00e0 prendre \u00e0 titre indicatif et non absolu. <strong>On ne taille jamais en p\u00e9riode de gel.<\/strong><\/p>\n\n\n\n<p><strong><u>EN CONCLUSION ET SUIVANT LES MOIS DE L\u2019ANN\u00c9E<\/u><\/strong><\/p>\n\n\n\n<p>Janvier : Grosses coupes \u2013 \u00c9lagage<\/p>\n\n\n\n<p>F\u00e9vrier : Derni\u00e8res grosses coupes et d\u00e9but de la formation<\/p>\n\n\n\n<p>Mars : Taille de formation et de fructification<\/p>\n\n\n\n<p>Avril : Derni\u00e8re taille de fructification<\/p>\n\n\n\n<p>Mai : \u00c9claircissage des fruits<\/p>\n\n\n\n<p>Juin : Formation des jeunes arbres Juillet : Taille des fruits \u00e0 noyaux<\/p>\n\n\n\n<p>Ao\u00fbt : Taille des fruits \u00e0 noyaux<\/p>\n\n\n\n<p>Septembre : Derni\u00e8re taille pour les fruits \u00e0 noyaux<\/p>\n\n\n\n<p>Octobre : Rien au fruitier mais vous pouvez tailler les noisetiers<\/p>\n\n\n\n<p>Novembre : Couper les branches tr\u00e8s hautes des formes paliss\u00e9es<\/p>\n\n\n\n<p>D\u00e9cembre : Branches du haut et premier \u00e9lagage<\/p>\n\n\n\n<p><strong>En cas d\u2019accident<\/strong>, la taille doit \u00eatre op\u00e9r\u00e9e le plus rapidement possible, avec<\/p>\n\n\n\n<p>soin et en utilisant des d\u00e9sinfectants cicatrisants au besoin.<\/p>\n<div style=\"display:flex; gap:10px;justify-content:center\" class=\"wps-pgfw-pdf-generate-icon__wrapper-frontend\">\n\t\t<a  href=\"http:\/\/srhgx.be\/wordpress\/wp-json\/wp\/v2\/posts\/7442?action=genpdf&amp;id=7442\" class=\"pgfw-single-pdf-download-button\" ><img src=\"http:\/\/srhgx.be\/wordpress\/wp-content\/plugins\/pdf-generator-for-wp\/admin\/src\/images\/PDF_Tray.svg\" title=\"G\u00e9n\u00e9rer un PDF\" style=\"width:auto; height:45px;\"><\/a>\n\t\t<\/div>","protected":false},"excerpt":{"rendered":"<p>30 d\u00e9cembre 2019 &nbsp;&nbsp;&nbsp;&nbsp;&nbsp;&nbsp;&nbsp;&nbsp;&nbsp;&nbsp;&nbsp;&nbsp;&nbsp;&nbsp;&nbsp;&nbsp;&nbsp; Monsieur Eddy RUBAY La taille des fruitiers \u00e0 noyaux se r\u00e9alise \u00e0 partir de la cueillette des fruits et ce pendant environ 1 mois apr\u00e8s celle-ci,&hellip;&nbsp;<a href=\"http:\/\/srhgx.be\/wordpress\/calendrier-de-la-taille-des-arbres-fruitiers\/\" rel=\"bookmark\">Lire la suite &raquo;<span class=\"screen-reader-text\">Calendrier de la taille des arbres fruitiers<\/span><\/a><\/p>\n","protected":false},"author":10,"featured_media":6712,"comment_status":"closed","ping_status":"closed","sticky":false,"template":"","format":"standard","meta":{"neve_meta_sidebar":"","neve_meta_container":"","neve_meta_enable_content_width":"","neve_meta_content_width":0,"neve_meta_title_alignment":"","neve_meta_author_avatar":"","neve_post_elements_order":"","neve_meta_disable_header":"","neve_meta_disable_footer":"","neve_meta_disable_title":"","footnotes":""},"categories":[1,1326],"tags":[650,433],"ppma_author":[447],"class_list":["post-7442","post","type-post","status-publish","format-standard","has-post-thumbnail","hentry","category-srhgx","category-to-check","tag-arbres-fruitiers","tag-taille"],"publishpress_future_action":{"enabled":false,"date":"2026-05-05 19:50:14","action":"change-status","newStatus":"draft","terms":[],"taxonomy":"category","extraData":[]},"publishpress_future_workflow_manual_trigger":{"enabledWorkflows":[]},"authors":[{"term_id":447,"user_id":10,"is_guest":0,"slug":"cblancke","display_name":"Christine BLANCKE","avatar_url":"https:\/\/secure.gravatar.com\/avatar\/973b599229553ee0b848ec49ca3de61a676ccbea8c5d03d2f477ac1a73794615?s=96&d=mm&r=g","1":"","2":"","3":"","4":"","5":"","6":"","7":"","8":""}],"_links":{"self":[{"href":"http:\/\/srhgx.be\/wordpress\/wp-json\/wp\/v2\/posts\/7442","targetHints":{"allow":["GET"]}}],"collection":[{"href":"http:\/\/srhgx.be\/wordpress\/wp-json\/wp\/v2\/posts"}],"about":[{"href":"http:\/\/srhgx.be\/wordpress\/wp-json\/wp\/v2\/types\/post"}],"author":[{"embeddable":true,"href":"http:\/\/srhgx.be\/wordpress\/wp-json\/wp\/v2\/users\/10"}],"replies":[{"embeddable":true,"href":"http:\/\/srhgx.be\/wordpress\/wp-json\/wp\/v2\/comments?post=7442"}],"version-history":[{"count":2,"href":"http:\/\/srhgx.be\/wordpress\/wp-json\/wp\/v2\/posts\/7442\/revisions"}],"predecessor-version":[{"id":7452,"href":"http:\/\/srhgx.be\/wordpress\/wp-json\/wp\/v2\/posts\/7442\/revisions\/7452"}],"wp:featuredmedia":[{"embeddable":true,"href":"http:\/\/srhgx.be\/wordpress\/wp-json\/wp\/v2\/media\/6712"}],"wp:attachment":[{"href":"http:\/\/srhgx.be\/wordpress\/wp-json\/wp\/v2\/media?parent=7442"}],"wp:term":[{"taxonomy":"category","embeddable":true,"href":"http:\/\/srhgx.be\/wordpress\/wp-json\/wp\/v2\/categories?post=7442"},{"taxonomy":"post_tag","embeddable":true,"href":"http:\/\/srhgx.be\/wordpress\/wp-json\/wp\/v2\/tags?post=7442"},{"taxonomy":"author","embeddable":true,"href":"http:\/\/srhgx.be\/wordpress\/wp-json\/wp\/v2\/ppma_author?post=7442"}],"curies":[{"name":"wp","href":"https:\/\/api.w.org\/{rel}","templated":true}]}}