{"id":7376,"date":"2023-01-16T08:57:54","date_gmt":"2023-01-16T07:57:54","guid":{"rendered":"http:\/\/srhgx.be\/wordpress\/?p=7376"},"modified":"2023-01-16T08:57:55","modified_gmt":"2023-01-16T07:57:55","slug":"la-foret-comestible","status":"publish","type":"post","link":"http:\/\/srhgx.be\/wordpress\/la-foret-comestible\/","title":{"rendered":"LA FOR\u00caT COMESTIBLE"},"content":{"rendered":"\n<p><strong>Pour des r\u00e9coltes abondantes en toute saison<\/strong><strong><\/strong><\/p>\n\n\n\n<p class=\"has-nv-dark-bg-color has-text-color has-large-font-size\"><strong>Damien DEKARZ<\/strong><\/p>\n\n\n\n<p class=\"has-medium-font-size\"><strong>Novembre 2020\u00a0\u00a0\u00a0\u00a0\u00a0\u00a0\u00a0\u00a0 15,00 \u20ac\u00a0\u00a0\u00a0\u00a0\u00a0\u00a0\u00a0\u00a0\u00a0\u00a0\u00a0\u00a0\u00a0\u00a0\u00a0\u00a0\u00a0 <\/strong><\/p>\n\n\n\n<p class=\"has-medium-font-size\"><strong>\u00c9ditions de TERRAN<\/strong>     <strong>ISBN\u00a0: 9782359811476<\/strong><\/p>\n\n\n\n<figure class=\"wp-block-image size-full is-resized\"><img fetchpriority=\"high\" decoding=\"async\" src=\"http:\/\/srhgx.be\/wordpress\/wp-content\/uploads\/2023\/01\/image-23.png\" alt=\"\" class=\"wp-image-7377\" width=\"281\" height=\"421\"\/><\/figure>\n\n\n\n<p>Manuel de conception et de gestion d&rsquo;une for\u00eat comestible (pour diff\u00e9rentes situations)<\/p>\n\n\n\n<p>S\u2019appuyant sur son exp\u00e9rience en France, <strong>Damien Dekarz vous donne les cl\u00e9s de conception ainsi que plusieurs exemples vous permettant de r\u00e9aliser votre propre jardin-for\u00eat<\/strong>. Avec ce livre accompagn\u00e9 de nombreuses photos et de beaux dessins, il vous sera possible de cr\u00e9er un lieu d\u2019abondance pr\u00e9servant la biodiversit\u00e9.<\/p>\n\n\n\n<p>Nul besoin d\u2019insecticide, d\u2019herbicide, de fongicide pour obtenir d\u2019innombrables fructifications. L\u2019auteur livre quantit\u00e9 <strong>d\u2019informations<\/strong> simples, pratiques et accessibles \u00e0 tous <strong>sur la greffe, la taille, la pollinisation, la plantation, ainsi que toutes les actions \u00e0 mettre en oeuvre pour la r\u00e9ussite de votre projet<\/strong>. Les <strong>plantes utiles<\/strong>, dont plus de 230 sont r\u00e9f\u00e9renc\u00e9es, et les autres possibilit\u00e9s de ce mode de production \u2013 comme la <strong>culture des champignons ou l\u2019\u00e9levage de diff\u00e9rents animaux<\/strong> \u2013 sont pr\u00e9sent\u00e9es, permettant d\u2019obtenir une immense diversit\u00e9 alimentaire.<\/p>\n\n\n\n<p>Depuis tout petit, <strong>Damien Dekarz<\/strong> a toujours \u00e9t\u00e9 passionn\u00e9 par les animaux, les plantes et l\u2019\u00e9cologie. Observer la nature et s\u2019informer sur l\u2019environnement demeurent ses occupations pr\u00e9f\u00e9r\u00e9es\u2026 Par la vid\u00e9o et avec grand enthousiasme, il s\u2019adresse au plus grand nombre pour faire d\u00e9couvrir la nature et les solutions pour la pr\u00e9server. Presque toutes les semaines, il publie des documentaires sur l\u2019\u00e9cologie, la permaculture, le jardinage et les techniques de culture, la biodiversit\u00e9, etc.<\/p>\n\n\n\n<p>Sa cha\u00eene Youtube : Permaculture agro\u00e9cologie etc.<\/p>\n\n\n\n<figure class=\"wp-block-embed is-type-video is-provider-youtube wp-block-embed-youtube wp-embed-aspect-16-9 wp-has-aspect-ratio\"><div class=\"wp-block-embed__wrapper\">\n<div class=\"nv-iframe-embed\"><iframe title=\"La For\u00eat comestible - Damien Dekarz\" width=\"1200\" height=\"675\" src=\"https:\/\/www.youtube.com\/embed\/aVZS1Zu6VeM?feature=oembed\" frameborder=\"0\" allow=\"accelerometer; autoplay; clipboard-write; encrypted-media; gyroscope; picture-in-picture; web-share\" allowfullscreen><\/iframe><\/div>\n<\/div><\/figure>\n\n\n\n<p><\/p>\n\n\n\n<p><strong>Autre livre&nbsp;:<\/strong><\/p>\n\n\n\n<p class=\"has-large-font-size\"><strong>FOR\u00caT COMESTIBLE ET HAIE FRUITI\u00c8RE&nbsp;&nbsp;&nbsp;&nbsp; &nbsp;&nbsp;&nbsp;&nbsp;&nbsp;&nbsp;&nbsp;&nbsp;&nbsp;&nbsp;&nbsp;&nbsp;&nbsp;&nbsp;&nbsp;&nbsp;&nbsp;&nbsp;&nbsp; &nbsp;&nbsp;&nbsp;&nbsp;&nbsp;&nbsp;&nbsp;&nbsp;&nbsp;&nbsp;&nbsp;&nbsp;&nbsp;&nbsp;&nbsp;&nbsp;&nbsp;<\/strong><\/p>\n\n\n\n<p><strong>Cr\u00e9er un jardin nourricier multi-\u00e9tag\u00e9<\/strong><\/p>\n\n\n\n<p class=\"has-nv-dark-bg-color has-text-color has-large-font-size\"><strong>Antoine TALIN\u00a0\u00a0 <\/strong><\/p>\n\n\n\n<p class=\"has-medium-font-size\"><strong>Avril 2021\u00a0\u00a0\u00a0\u00a0\u00a0\u00a0\u00a0 19,90 \u20ac\u00a0\u00a0\u00a0\u00a0 <\/strong><\/p>\n\n\n\n<p class=\"has-medium-font-size\"><strong>\u00c9ditions\u00a0: Ulmer <\/strong>       <strong>ISBN :\u00a09782379221637<\/strong><\/p>\n\n\n\n<p><\/p>\n\n\n\n<figure class=\"wp-block-image size-full\"><img decoding=\"async\" width=\"340\" height=\"340\" src=\"http:\/\/srhgx.be\/wordpress\/wp-content\/uploads\/2023\/01\/image-24.png\" alt=\"\" class=\"wp-image-7380\" srcset=\"http:\/\/srhgx.be\/wordpress\/wp-content\/uploads\/2023\/01\/image-24.png 340w, http:\/\/srhgx.be\/wordpress\/wp-content\/uploads\/2023\/01\/image-24-300x300.png 300w, http:\/\/srhgx.be\/wordpress\/wp-content\/uploads\/2023\/01\/image-24-150x150.png 150w\" sizes=\"(max-width: 340px) 100vw, 340px\" \/><\/figure>\n\n\n\n<p><\/p>\n<div style=\"display:flex; gap:10px;justify-content:center\" class=\"wps-pgfw-pdf-generate-icon__wrapper-frontend\">\n\t\t<a  href=\"http:\/\/srhgx.be\/wordpress\/wp-json\/wp\/v2\/posts\/7376?action=genpdf&amp;id=7376\" class=\"pgfw-single-pdf-download-button\" ><img src=\"http:\/\/srhgx.be\/wordpress\/wp-content\/plugins\/pdf-generator-for-wp\/admin\/src\/images\/PDF_Tray.svg\" title=\"G\u00e9n\u00e9rer un PDF\" style=\"width:auto; height:45px;\"><\/a>\n\t\t<\/div>","protected":false},"excerpt":{"rendered":"<p>Pour des r\u00e9coltes abondantes en toute saison Damien DEKARZ Novembre 2020\u00a0\u00a0\u00a0\u00a0\u00a0\u00a0\u00a0\u00a0 15,00 \u20ac\u00a0\u00a0\u00a0\u00a0\u00a0\u00a0\u00a0\u00a0\u00a0\u00a0\u00a0\u00a0\u00a0\u00a0\u00a0\u00a0\u00a0 \u00c9ditions de TERRAN ISBN\u00a0: 9782359811476 Manuel de conception et de gestion d&rsquo;une for\u00eat comestible (pour diff\u00e9rentes situations)&hellip;&nbsp;<a href=\"http:\/\/srhgx.be\/wordpress\/la-foret-comestible\/\" rel=\"bookmark\">Lire la suite &raquo;<span class=\"screen-reader-text\">LA FOR\u00caT COMESTIBLE<\/span><\/a><\/p>\n","protected":false},"author":10,"featured_media":783,"comment_status":"closed","ping_status":"closed","sticky":false,"template":"","format":"standard","meta":{"neve_meta_sidebar":"","neve_meta_container":"","neve_meta_enable_content_width":"","neve_meta_content_width":0,"neve_meta_title_alignment":"","neve_meta_author_avatar":"","neve_post_elements_order":"","neve_meta_disable_header":"","neve_meta_disable_footer":"","neve_meta_disable_title":"","footnotes":""},"categories":[1],"tags":[353,751,224,508,752],"ppma_author":[447],"class_list":["post-7376","post","type-post","status-publish","format-standard","has-post-thumbnail","hentry","category-srhgx","tag-foret","tag-foret-comestible","tag-haie","tag-haie-fruitiere","tag-jardin-foret"],"publishpress_future_action":{"enabled":false,"date":"2026-05-05 19:24:19","action":"change-status","newStatus":"draft","terms":[],"taxonomy":"category","extraData":[]},"publishpress_future_workflow_manual_trigger":{"enabledWorkflows":[]},"authors":[{"term_id":447,"user_id":10,"is_guest":0,"slug":"cblancke","display_name":"Christine BLANCKE","avatar_url":"https:\/\/secure.gravatar.com\/avatar\/973b599229553ee0b848ec49ca3de61a676ccbea8c5d03d2f477ac1a73794615?s=96&d=mm&r=g","1":"","2":"","3":"","4":"","5":"","6":"","7":"","8":""}],"_links":{"self":[{"href":"http:\/\/srhgx.be\/wordpress\/wp-json\/wp\/v2\/posts\/7376","targetHints":{"allow":["GET"]}}],"collection":[{"href":"http:\/\/srhgx.be\/wordpress\/wp-json\/wp\/v2\/posts"}],"about":[{"href":"http:\/\/srhgx.be\/wordpress\/wp-json\/wp\/v2\/types\/post"}],"author":[{"embeddable":true,"href":"http:\/\/srhgx.be\/wordpress\/wp-json\/wp\/v2\/users\/10"}],"replies":[{"embeddable":true,"href":"http:\/\/srhgx.be\/wordpress\/wp-json\/wp\/v2\/comments?post=7376"}],"version-history":[{"count":4,"href":"http:\/\/srhgx.be\/wordpress\/wp-json\/wp\/v2\/posts\/7376\/revisions"}],"predecessor-version":[{"id":7388,"href":"http:\/\/srhgx.be\/wordpress\/wp-json\/wp\/v2\/posts\/7376\/revisions\/7388"}],"wp:featuredmedia":[{"embeddable":true,"href":"http:\/\/srhgx.be\/wordpress\/wp-json\/wp\/v2\/media\/783"}],"wp:attachment":[{"href":"http:\/\/srhgx.be\/wordpress\/wp-json\/wp\/v2\/media?parent=7376"}],"wp:term":[{"taxonomy":"category","embeddable":true,"href":"http:\/\/srhgx.be\/wordpress\/wp-json\/wp\/v2\/categories?post=7376"},{"taxonomy":"post_tag","embeddable":true,"href":"http:\/\/srhgx.be\/wordpress\/wp-json\/wp\/v2\/tags?post=7376"},{"taxonomy":"author","embeddable":true,"href":"http:\/\/srhgx.be\/wordpress\/wp-json\/wp\/v2\/ppma_author?post=7376"}],"curies":[{"name":"wp","href":"https:\/\/api.w.org\/{rel}","templated":true}]}}