{"id":7273,"date":"2023-01-06T13:13:39","date_gmt":"2023-01-06T12:13:39","guid":{"rendered":"http:\/\/srhgx.be\/wordpress\/?p=7273"},"modified":"2025-05-21T08:51:11","modified_gmt":"2025-05-21T06:51:11","slug":"taille-du-framboisier-du-groseillier","status":"publish","type":"post","link":"http:\/\/srhgx.be\/wordpress\/taille-du-framboisier-du-groseillier\/","title":{"rendered":"Taille du Framboisier, du Groseillier, &#8230; \u00a0\u00a0\u00a0\u00a0\u00a0\u00a0\u00a0"},"content":{"rendered":"\n<p><strong>Rep\u00e9r\u00e9 sur Nuestro Potager<\/strong><\/p>\n\n\n\n<p><\/p>\n\n\n\n<p><strong>Un Professeur d&rsquo;horticulture nous \u00e9claire !<\/strong><\/p>\n\n\n\n<p>Une vid\u00e9o hivernale en compagnie <strong>d&rsquo;Andr\u00e9 Sandrap<\/strong>, <strong>Professeur \u00e9m\u00e9rite de la Facult\u00e9 Horticole de <\/strong><\/p>\n\n\n\n<p><strong>Gembloux (ULi\u00e8ge), sp\u00e9cialiste de la taille des arbres fruitiers.<\/strong> <\/p>\n\n\n\n<p>C&rsquo;est dans le <strong>\u00ab\u00a0Jardin des Petits Fruits\u00a0\u00bb,<\/strong> espace situ\u00e9 \u00e0 <strong>W\u00e9pion<\/strong>.&nbsp;&nbsp;&nbsp;&nbsp;&nbsp;&nbsp;&nbsp;&nbsp;&nbsp;&nbsp;&nbsp;&nbsp;&nbsp;&nbsp;&nbsp;&nbsp; &nbsp;<\/p>\n\n\n\n<p>Il nous en dit un maximum sur la taille des arbustes \u00e0 baies pour optimiser la fructification l&rsquo;ann\u00e9e prochaine.<\/p>\n\n\n\n<p><\/p>\n\n\n\n<p><strong>Jardin des Petits Fruits<\/strong> :<\/p>\n\n\n\n<p><a href=\"https:\/\/www.namur.be\/fr\/annuaire\/jard...\">https:\/\/www.namur.be\/fr\/annuaire\/jard&#8230;<\/a><\/p>\n\n\n\n<p><\/p>\n\n\n\n<figure class=\"wp-block-embed is-type-video is-provider-youtube wp-block-embed-youtube wp-embed-aspect-16-9 wp-has-aspect-ratio\"><div class=\"wp-block-embed__wrapper\">\n<div class=\"nv-iframe-embed\"><iframe title=\"Taille du Framboisier, du Groseillier,... Un Professeur d&#039;Horticulture Nous \u00c9claire !\" width=\"1200\" height=\"675\" src=\"https:\/\/www.youtube.com\/embed\/B9H_TdWoH24?feature=oembed\" frameborder=\"0\" allow=\"accelerometer; autoplay; clipboard-write; encrypted-media; gyroscope; picture-in-picture; web-share\" allowfullscreen><\/iframe><\/div>\n<\/div><\/figure>\n\n\n\n<p><\/p>\n\n\n\n<p><strong>Plus d&rsquo;informations : <\/strong><\/p>\n\n\n\n<p><strong>Voici venu le moment de tailler les petits fruitiers                            ir Andr\u00e9 Sansdrap<\/strong><\/p>\n\n\n\n<p><a href=\"https:\/\/www.sillonbelge.be\/art\/d-20160210-G5VCAR\">https:\/\/www.sillonbelge.be\/art\/d-20160210-G5VCAR<\/a><\/p>\n\n\n\n<p><\/p>\n\n\n\n<p><strong>La taille des arbustes \u00e0 petits fruits<\/strong><\/p>\n\n\n\n<p><a href=\"https:\/\/www.gerbeaud.com\/jardin\/fiches\/fp_taille_cassis.php3\">https:\/\/www.gerbeaud.com\/jardin\/fiches\/fp_taille_cassis.php3<\/a><\/p>\n\n\n\n<p><\/p>\n<div style=\"display:flex; gap:10px;justify-content:center\" class=\"wps-pgfw-pdf-generate-icon__wrapper-frontend\">\n\t\t<a  href=\"http:\/\/srhgx.be\/wordpress\/wp-json\/wp\/v2\/posts\/7273?action=genpdf&amp;id=7273\" class=\"pgfw-single-pdf-download-button\" ><img src=\"http:\/\/srhgx.be\/wordpress\/wp-content\/plugins\/pdf-generator-for-wp\/admin\/src\/images\/PDF_Tray.svg\" title=\"G\u00e9n\u00e9rer un PDF\" style=\"width:auto; height:45px;\"><\/a>\n\t\t<\/div>","protected":false},"excerpt":{"rendered":"<p>Rep\u00e9r\u00e9 sur Nuestro Potager Un Professeur d&rsquo;horticulture nous \u00e9claire ! Une vid\u00e9o hivernale en compagnie d&rsquo;Andr\u00e9 Sandrap, Professeur \u00e9m\u00e9rite de la Facult\u00e9 Horticole de Gembloux (ULi\u00e8ge), sp\u00e9cialiste de la taille&hellip;&nbsp;<a href=\"http:\/\/srhgx.be\/wordpress\/taille-du-framboisier-du-groseillier\/\" rel=\"bookmark\">Lire la suite &raquo;<span class=\"screen-reader-text\">Taille du Framboisier, du Groseillier, &#8230; \u00a0\u00a0\u00a0\u00a0\u00a0\u00a0\u00a0<\/span><\/a><\/p>\n","protected":false},"author":10,"featured_media":0,"comment_status":"closed","ping_status":"closed","sticky":false,"template":"","format":"standard","meta":{"neve_meta_sidebar":"","neve_meta_container":"","neve_meta_enable_content_width":"","neve_meta_content_width":0,"neve_meta_title_alignment":"","neve_meta_author_avatar":"","neve_post_elements_order":"","neve_meta_disable_header":"","neve_meta_disable_footer":"","neve_meta_disable_title":"","footnotes":""},"categories":[1,1326],"tags":[745,746,469,433],"ppma_author":[447],"class_list":["post-7273","post","type-post","status-publish","format-standard","hentry","category-srhgx","category-to-check","tag-framboisier","tag-groseillier","tag-petits-fruits","tag-taille"],"publishpress_future_action":{"enabled":false,"date":"2026-05-05 20:57:32","action":"change-status","newStatus":"draft","terms":[],"taxonomy":"category","extraData":[]},"publishpress_future_workflow_manual_trigger":{"enabledWorkflows":[]},"authors":[{"term_id":447,"user_id":10,"is_guest":0,"slug":"cblancke","display_name":"Christine BLANCKE","avatar_url":"https:\/\/secure.gravatar.com\/avatar\/973b599229553ee0b848ec49ca3de61a676ccbea8c5d03d2f477ac1a73794615?s=96&d=mm&r=g","1":"","2":"","3":"","4":"","5":"","6":"","7":"","8":""}],"_links":{"self":[{"href":"http:\/\/srhgx.be\/wordpress\/wp-json\/wp\/v2\/posts\/7273","targetHints":{"allow":["GET"]}}],"collection":[{"href":"http:\/\/srhgx.be\/wordpress\/wp-json\/wp\/v2\/posts"}],"about":[{"href":"http:\/\/srhgx.be\/wordpress\/wp-json\/wp\/v2\/types\/post"}],"author":[{"embeddable":true,"href":"http:\/\/srhgx.be\/wordpress\/wp-json\/wp\/v2\/users\/10"}],"replies":[{"embeddable":true,"href":"http:\/\/srhgx.be\/wordpress\/wp-json\/wp\/v2\/comments?post=7273"}],"version-history":[{"count":2,"href":"http:\/\/srhgx.be\/wordpress\/wp-json\/wp\/v2\/posts\/7273\/revisions"}],"predecessor-version":[{"id":7279,"href":"http:\/\/srhgx.be\/wordpress\/wp-json\/wp\/v2\/posts\/7273\/revisions\/7279"}],"wp:attachment":[{"href":"http:\/\/srhgx.be\/wordpress\/wp-json\/wp\/v2\/media?parent=7273"}],"wp:term":[{"taxonomy":"category","embeddable":true,"href":"http:\/\/srhgx.be\/wordpress\/wp-json\/wp\/v2\/categories?post=7273"},{"taxonomy":"post_tag","embeddable":true,"href":"http:\/\/srhgx.be\/wordpress\/wp-json\/wp\/v2\/tags?post=7273"},{"taxonomy":"author","embeddable":true,"href":"http:\/\/srhgx.be\/wordpress\/wp-json\/wp\/v2\/ppma_author?post=7273"}],"curies":[{"name":"wp","href":"https:\/\/api.w.org\/{rel}","templated":true}]}}