{"id":6425,"date":"2022-11-11T10:36:11","date_gmt":"2022-11-11T09:36:11","guid":{"rendered":"http:\/\/srhgx.be\/wordpress\/?p=6425"},"modified":"2022-11-11T10:36:13","modified_gmt":"2022-11-11T09:36:13","slug":"ecorces-nouvelle-edition-voyage-dans-lintimite-des-arbres-du-monde","status":"publish","type":"post","link":"http:\/\/srhgx.be\/wordpress\/ecorces-nouvelle-edition-voyage-dans-lintimite-des-arbres-du-monde\/","title":{"rendered":"\u00c9corces, nouvelle \u00e9dition\u00a0\u00a0\u00a0\u00a0\u00a0 Voyage dans l&rsquo;intimit\u00e9 des arbres du monde"},"content":{"rendered":"\n<p class=\"has-nv-dark-bg-color has-text-color has-large-font-size\"><strong>C\u00e9dric POLLET\u00a0\u00a0\u00a0<\/strong><\/p>\n\n\n\n<p class=\"has-medium-font-size\"><strong>Octobre 2022\u00a0\u00a0\u00a0\u00a0\u00a0\u00a0\u00a0\u00a0\u00a0\u00a0 30,00 \u20ac\u00a0\u00a0\u00a0\u00a0\u00a0\u00a0\u00a0\u00a0\u00a0\u00a0<\/strong><\/p>\n\n\n\n<p class=\"has-medium-font-size\"><strong>\u00c9ditions\u00a0: Ulmer\u00a0<\/strong>                <strong>ISBN :\u00a09782379222733<\/strong><\/p>\n\n\n\n<figure class=\"wp-block-image size-full is-resized\"><img fetchpriority=\"high\" decoding=\"async\" src=\"http:\/\/srhgx.be\/wordpress\/wp-content\/uploads\/2022\/11\/image-6.png\" alt=\"\" class=\"wp-image-6426\" width=\"318\" height=\"421\"\/><\/figure>\n\n\n\n<p><strong>Ce livre est l&rsquo;aboutissement de 10 ann\u00e9es de photographie consacr\u00e9es \u00e0 rechercher les plus belles \u00e9corces d&rsquo;arbres \u00e0 travers le monde&#8230;<\/strong><\/p>\n\n\n\n<p><strong>L&rsquo;auteur pr\u00e9sente les \u00e9corces<\/strong> <strong>les plus spectaculaires, les plus graphiques, les plus \u00e9tonnantes<\/strong> qu&rsquo;il ait <strong>vues sur les cinq continents<\/strong> : Europe, Afrique, Asie, Oc\u00e9anie, Am\u00e9riques.<\/p>\n\n\n\n<p>Chaque photo d&rsquo;\u00e9corce est une oeuvre d&rsquo;art en soi.<\/p>\n\n\n\n<p>L&rsquo;association d&rsquo;un texte court et captivant \u00e0 l&rsquo;incroyable beaut\u00e9 des \u00e9corces fait de ce livre un ouvrage non seulement beau mais aussi passionnant, qui s\u00e9duira tous les amoureux d&rsquo;arbres et de nature. <strong>Chaque arbre est \u00e9galement photographi\u00e9 dans son environnement naturel et on apprend l&rsquo;essentiel sur l&rsquo;origine de l&rsquo;arbre, son nom, son milieu naturel, ses particularit\u00e9s, ses usages \u00e9ventuels.<\/strong><\/p>\n\n\n\n<p>La premi\u00e8re \u00e9dition de ce livre a re\u00e7u <strong>le Prix P.J. Redout\u00e9, \u00ab\u00a0Prix Artistique\u00a0\u00bb, en 2008<\/strong>.<\/p>\n\n\n\n<p><strong>C\u00e9dric Pollet<\/strong> est <strong>photographe naturaliste, ing\u00e9nieur paysagiste de formation<\/strong>. Fascin\u00e9 par l\u2019incroyable beaut\u00e9 des \u00e9corces d\u2019arbres, il a fait, voici dix ans, le pari un peu fou de leur consacrer sa vie professionnelle. C\u2019est ainsi qu\u2019il a parcouru plus de vingt-cinq pays et qu\u2019il vit aujourd\u2019hui de ses reportages, de ses expositions, de ses tirages photos et de ses ateliers p\u00e9dagogiques. <strong>Scientifique de formation et passionn\u00e9 de plantes<\/strong>, C\u00e9dric Pollet allie, \u00e0 la beaut\u00e9 de ses photos, des textes d\u2019une grande qualit\u00e9 informative.<\/p>\n\n\n\n<p><\/p>\n<div style=\"display:flex; gap:10px;justify-content:center\" class=\"wps-pgfw-pdf-generate-icon__wrapper-frontend\">\n\t\t<a  href=\"http:\/\/srhgx.be\/wordpress\/wp-json\/wp\/v2\/posts\/6425?action=genpdf&amp;id=6425\" class=\"pgfw-single-pdf-download-button\" ><img src=\"http:\/\/srhgx.be\/wordpress\/wp-content\/plugins\/pdf-generator-for-wp\/admin\/src\/images\/PDF_Tray.svg\" title=\"G\u00e9n\u00e9rer un PDF\" style=\"width:auto; height:45px;\"><\/a>\n\t\t<\/div>","protected":false},"excerpt":{"rendered":"<p>C\u00e9dric POLLET\u00a0\u00a0\u00a0 Octobre 2022\u00a0\u00a0\u00a0\u00a0\u00a0\u00a0\u00a0\u00a0\u00a0\u00a0 30,00 \u20ac\u00a0\u00a0\u00a0\u00a0\u00a0\u00a0\u00a0\u00a0\u00a0\u00a0 \u00c9ditions\u00a0: Ulmer\u00a0 ISBN :\u00a09782379222733 Ce livre est l&rsquo;aboutissement de 10 ann\u00e9es de photographie consacr\u00e9es \u00e0 rechercher les plus belles \u00e9corces d&rsquo;arbres \u00e0 travers le&hellip;&nbsp;<a href=\"http:\/\/srhgx.be\/wordpress\/ecorces-nouvelle-edition-voyage-dans-lintimite-des-arbres-du-monde\/\" rel=\"bookmark\">Lire la suite &raquo;<span class=\"screen-reader-text\">\u00c9corces, nouvelle \u00e9dition\u00a0\u00a0\u00a0\u00a0\u00a0 Voyage dans l&rsquo;intimit\u00e9 des arbres du monde<\/span><\/a><\/p>\n","protected":false},"author":10,"featured_media":478,"comment_status":"closed","ping_status":"closed","sticky":false,"template":"","format":"standard","meta":{"neve_meta_sidebar":"","neve_meta_container":"","neve_meta_enable_content_width":"","neve_meta_content_width":0,"neve_meta_title_alignment":"","neve_meta_author_avatar":"","neve_post_elements_order":"","neve_meta_disable_header":"","neve_meta_disable_footer":"","neve_meta_disable_title":"","footnotes":""},"categories":[146,110,1],"tags":[259,678],"ppma_author":[447],"class_list":["post-6425","post","type-post","status-publish","format-standard","has-post-thumbnail","hentry","category-documents","category-livre","category-srhgx","tag-arbres","tag-ecorces"],"publishpress_future_action":{"enabled":false,"date":"2026-05-06 03:18:45","action":"change-status","newStatus":"draft","terms":[],"taxonomy":"category","extraData":[]},"publishpress_future_workflow_manual_trigger":{"enabledWorkflows":[]},"authors":[{"term_id":447,"user_id":10,"is_guest":0,"slug":"cblancke","display_name":"Christine BLANCKE","avatar_url":"https:\/\/secure.gravatar.com\/avatar\/973b599229553ee0b848ec49ca3de61a676ccbea8c5d03d2f477ac1a73794615?s=96&d=mm&r=g","1":"","2":"","3":"","4":"","5":"","6":"","7":"","8":""}],"_links":{"self":[{"href":"http:\/\/srhgx.be\/wordpress\/wp-json\/wp\/v2\/posts\/6425","targetHints":{"allow":["GET"]}}],"collection":[{"href":"http:\/\/srhgx.be\/wordpress\/wp-json\/wp\/v2\/posts"}],"about":[{"href":"http:\/\/srhgx.be\/wordpress\/wp-json\/wp\/v2\/types\/post"}],"author":[{"embeddable":true,"href":"http:\/\/srhgx.be\/wordpress\/wp-json\/wp\/v2\/users\/10"}],"replies":[{"embeddable":true,"href":"http:\/\/srhgx.be\/wordpress\/wp-json\/wp\/v2\/comments?post=6425"}],"version-history":[{"count":3,"href":"http:\/\/srhgx.be\/wordpress\/wp-json\/wp\/v2\/posts\/6425\/revisions"}],"predecessor-version":[{"id":6526,"href":"http:\/\/srhgx.be\/wordpress\/wp-json\/wp\/v2\/posts\/6425\/revisions\/6526"}],"wp:featuredmedia":[{"embeddable":true,"href":"http:\/\/srhgx.be\/wordpress\/wp-json\/wp\/v2\/media\/478"}],"wp:attachment":[{"href":"http:\/\/srhgx.be\/wordpress\/wp-json\/wp\/v2\/media?parent=6425"}],"wp:term":[{"taxonomy":"category","embeddable":true,"href":"http:\/\/srhgx.be\/wordpress\/wp-json\/wp\/v2\/categories?post=6425"},{"taxonomy":"post_tag","embeddable":true,"href":"http:\/\/srhgx.be\/wordpress\/wp-json\/wp\/v2\/tags?post=6425"},{"taxonomy":"author","embeddable":true,"href":"http:\/\/srhgx.be\/wordpress\/wp-json\/wp\/v2\/ppma_author?post=6425"}],"curies":[{"name":"wp","href":"https:\/\/api.w.org\/{rel}","templated":true}]}}