{"id":6237,"date":"2022-09-28T11:31:47","date_gmt":"2022-09-28T09:31:47","guid":{"rendered":"http:\/\/srhgx.be\/wordpress\/?p=6237"},"modified":"2022-09-28T11:42:28","modified_gmt":"2022-09-28T09:42:28","slug":"26-novembre-2022-de-9h-a-17h-journee-de-larboriculture-26eme-edition-centre-technique-horticole-cth-chemin-de-la-siberie-4-5030-gembloux","status":"publish","type":"post","link":"http:\/\/srhgx.be\/wordpress\/26-novembre-2022-de-9h-a-17h-journee-de-larboriculture-26eme-edition-centre-technique-horticole-cth-chemin-de-la-siberie-4-5030-gembloux\/","title":{"rendered":"Journ\u00e9e de l&rsquo;arboriculture : 26\u00e8me \u00e9dition &#8211; Centre Technique Horticole de Gembloux"},"content":{"rendered":"\n<p class=\"has-medium-font-size\"><strong>26 novembre 2022 de 9h \u00e0 17h &#8211;<\/strong> <strong>CTH, Chemin de la Sib\u00e9rie, 4, 5030 Gembloux<\/strong><\/p>\n\n\n\n<p class=\"has-medium-font-size\"><strong>Semaine de l&rsquo;Arbre 2022 &#8211; Haies Nature &amp; Biodiversit\u00e9<\/strong><\/p>\n\n\n\n<p class=\"has-medium-font-size\">A l&rsquo;occasion de la Ste Catherine, voici une journ\u00e9e destin\u00e9e aux amoureux des arbres. <\/p>\n\n\n\n<p class=\"has-medium-font-size\">Vous y d\u00e9couvrirez diverses techniques de taille avec un oeil nouveau et assisterez \u00e0 des d\u00e9monstrations de tailles fruiti\u00e8res durant lesquelles certains \u00e9tudiants passeront leurs \u00e9preuves de qualification. Diff\u00e9rents sp\u00e9cialistes seront \u00e0 votre disposition pour vous guider dans vos plantations, tailles, choix des vari\u00e9t\u00e9s et autres domaines horticoles. <\/p>\n\n\n\n<p class=\"has-medium-font-size\">Vous pourrez \u00e9galement parcourir le march\u00e9 aux plantes, rencontrer divers exposants de mat\u00e9riel horticole ainsi que des artisans et d\u00e9guster des produits du terroir <\/p>\n<div style=\"display:flex; gap:10px;justify-content:center\" class=\"wps-pgfw-pdf-generate-icon__wrapper-frontend\">\n\t\t<a  href=\"http:\/\/srhgx.be\/wordpress\/wp-json\/wp\/v2\/posts\/6237?action=genpdf&amp;id=6237\" class=\"pgfw-single-pdf-download-button\" ><img src=\"http:\/\/srhgx.be\/wordpress\/wp-content\/plugins\/pdf-generator-for-wp\/admin\/src\/images\/PDF_Tray.svg\" title=\"G\u00e9n\u00e9rer un PDF\" style=\"width:auto; height:45px;\"><\/a>\n\t\t<\/div>","protected":false},"excerpt":{"rendered":"<p>26 novembre 2022 de 9h \u00e0 17h &#8211; CTH, Chemin de la Sib\u00e9rie, 4, 5030 Gembloux Semaine de l&rsquo;Arbre 2022 &#8211; Haies Nature &amp; Biodiversit\u00e9 A l&rsquo;occasion de la Ste&hellip;&nbsp;<a href=\"http:\/\/srhgx.be\/wordpress\/26-novembre-2022-de-9h-a-17h-journee-de-larboriculture-26eme-edition-centre-technique-horticole-cth-chemin-de-la-siberie-4-5030-gembloux\/\" rel=\"bookmark\">Lire la suite &raquo;<span class=\"screen-reader-text\">Journ\u00e9e de l&rsquo;arboriculture : 26\u00e8me \u00e9dition &#8211; Centre Technique Horticole de Gembloux<\/span><\/a><\/p>\n","protected":false},"author":10,"featured_media":0,"comment_status":"closed","ping_status":"closed","sticky":false,"template":"","format":"standard","meta":{"neve_meta_sidebar":"","neve_meta_container":"","neve_meta_enable_content_width":"","neve_meta_content_width":0,"neve_meta_title_alignment":"","neve_meta_author_avatar":"","neve_post_elements_order":"","neve_meta_disable_header":"","neve_meta_disable_footer":"","neve_meta_disable_title":"","footnotes":""},"categories":[146,420,1],"tags":[657,191,622],"ppma_author":[447],"class_list":["post-6237","post","type-post","status-publish","format-standard","hentry","category-documents","category-spectacles-expositions","category-srhgx","tag-centre-technique-horticole","tag-gembloux","tag-journee-de-larbre"],"publishpress_future_action":{"enabled":false,"date":"2026-05-06 05:02:23","action":"change-status","newStatus":"draft","terms":[],"taxonomy":"category","extraData":[]},"publishpress_future_workflow_manual_trigger":{"enabledWorkflows":[]},"authors":[{"term_id":447,"user_id":10,"is_guest":0,"slug":"cblancke","display_name":"Christine BLANCKE","avatar_url":"https:\/\/secure.gravatar.com\/avatar\/973b599229553ee0b848ec49ca3de61a676ccbea8c5d03d2f477ac1a73794615?s=96&d=mm&r=g","1":"","2":"","3":"","4":"","5":"","6":"","7":"","8":""}],"_links":{"self":[{"href":"http:\/\/srhgx.be\/wordpress\/wp-json\/wp\/v2\/posts\/6237","targetHints":{"allow":["GET"]}}],"collection":[{"href":"http:\/\/srhgx.be\/wordpress\/wp-json\/wp\/v2\/posts"}],"about":[{"href":"http:\/\/srhgx.be\/wordpress\/wp-json\/wp\/v2\/types\/post"}],"author":[{"embeddable":true,"href":"http:\/\/srhgx.be\/wordpress\/wp-json\/wp\/v2\/users\/10"}],"replies":[{"embeddable":true,"href":"http:\/\/srhgx.be\/wordpress\/wp-json\/wp\/v2\/comments?post=6237"}],"version-history":[{"count":4,"href":"http:\/\/srhgx.be\/wordpress\/wp-json\/wp\/v2\/posts\/6237\/revisions"}],"predecessor-version":[{"id":6254,"href":"http:\/\/srhgx.be\/wordpress\/wp-json\/wp\/v2\/posts\/6237\/revisions\/6254"}],"wp:attachment":[{"href":"http:\/\/srhgx.be\/wordpress\/wp-json\/wp\/v2\/media?parent=6237"}],"wp:term":[{"taxonomy":"category","embeddable":true,"href":"http:\/\/srhgx.be\/wordpress\/wp-json\/wp\/v2\/categories?post=6237"},{"taxonomy":"post_tag","embeddable":true,"href":"http:\/\/srhgx.be\/wordpress\/wp-json\/wp\/v2\/tags?post=6237"},{"taxonomy":"author","embeddable":true,"href":"http:\/\/srhgx.be\/wordpress\/wp-json\/wp\/v2\/ppma_author?post=6237"}],"curies":[{"name":"wp","href":"https:\/\/api.w.org\/{rel}","templated":true}]}}