{"id":6051,"date":"2022-09-12T18:02:55","date_gmt":"2022-09-12T16:02:55","guid":{"rendered":"http:\/\/srhgx.be\/wordpress\/?p=6051"},"modified":"2022-09-12T18:02:56","modified_gmt":"2022-09-12T16:02:56","slug":"recolter-et-semer-ses-graines-potageres","status":"publish","type":"post","link":"http:\/\/srhgx.be\/wordpress\/recolter-et-semer-ses-graines-potageres\/","title":{"rendered":"R\u00e9colter et semer ses graines potag\u00e8res"},"content":{"rendered":"\n<p class=\"has-nv-dark-bg-color has-text-color has-large-font-size\"><strong>SOUCAIL Julie \u00a0\u00a0\u00a0\u00a0\u00a0\u00a0\u00a0\u00a0 <\/strong><\/p>\n\n\n\n<p class=\"has-medium-font-size\"><strong>F\u00e9vrier 2021 \u00a0\u00a0\u00a0 \u00a0\u00a0\u00a0\u00a0\u00a0\u00a0 17,95 \u20ac\u00a0\u00a0\u00a0\u00a0\u00a0\u00a0\u00a0\u00a0\u00a0\u00a0 \u00a0\u00a0\u00a0\u00a0\u00a0\u00a0<\/strong><\/p>\n\n\n\n<p class=\"has-medium-font-size\"><strong>\u00c9ditions&nbsp;: La Plage&nbsp;&nbsp;&nbsp;&nbsp;&nbsp; ISBN&nbsp;: 978-2-84221-820-1 <\/strong><\/p>\n\n\n\n<figure class=\"wp-block-image size-full is-resized\"><img fetchpriority=\"high\" decoding=\"async\" src=\"http:\/\/srhgx.be\/wordpress\/wp-content\/uploads\/2022\/09\/image-4.png\" alt=\"\" class=\"wp-image-6052\" width=\"430\" height=\"430\" srcset=\"http:\/\/srhgx.be\/wordpress\/wp-content\/uploads\/2022\/09\/image-4.png 340w, http:\/\/srhgx.be\/wordpress\/wp-content\/uploads\/2022\/09\/image-4-300x300.png 300w, http:\/\/srhgx.be\/wordpress\/wp-content\/uploads\/2022\/09\/image-4-150x150.png 150w\" sizes=\"(max-width: 430px) 100vw, 430px\" \/><\/figure>\n\n\n\n<p><strong>Quoi de plus gratifiant que de d\u00e9guster un l\u00e9gume qu&rsquo;on a int\u00e9gralement produit ?<\/strong> Et si vous passiez \u00e0 la vitesse sup\u00e9rieure <strong>en apprenant aussi \u00e0 r\u00e9colter et \u00e0 conserver les graines issues de votre production<\/strong> ? En exposant simplement les <strong>grands principes de la reproduction v\u00e9g\u00e9tale<\/strong> et \u00e0 travers <strong>30 fiches techniques<\/strong>, cet ouvrage vous offre une initiation compl\u00e8te et didactique autour des principales vari\u00e9t\u00e9s potag\u00e8res, pour une plus grande autonomie au jardin.<\/p>\n\n\n\n<p><strong>L&rsquo;\u00e9diteur en parle<\/strong><\/p>\n\n\n\n<p>Ce premier opus est un guide pratique et didactique pour <strong>apprendre \u00e0 : r\u00e9colter, conserver, semer les vari\u00e9t\u00e9s les plus communes de graines potag\u00e8res, dans une d\u00e9marche \u00e9cologique et \u00e9conomique qui vise \u00e0 r\u00e9pondre \u00e0 la demande croissante d&rsquo;autonomie et aux d\u00e9marches de d\u00e9croissance<\/strong>. Il s&rsquo;adresse \u00e0 tous les jardiniers &#8211; amateurs \u00e0 moyennement exp\u00e9riment\u00e9s &#8211; d\u00e9tenteurs d&rsquo;un potager ou qui envisagent d&rsquo;en cr\u00e9er un.<br>Il permet <strong>d&rsquo;\u00eatre acteur du d\u00e9but \u00e0 la fin de la cha\u00eene de production (de la r\u00e9colte jusqu&rsquo;au semis<\/strong>). <strong>Introduction<\/strong> consacr\u00e9e aux diff\u00e9rentes esp\u00e8ces de plantes potag\u00e8res et leur mode de reproduction. <strong>Pour chaque plante<\/strong> : une fiche accompagn\u00e9e de sch\u00e9mas et de photos pr\u00e9cisant tout le process de la r\u00e9colte au semis en passant par le s\u00e9chage et la conservation des semences. <strong>Une vingtaine de pas \u00e0 pas en photos et des tableaux<\/strong> pour apprendre quand semer, r\u00e9colter et repiquer ses graines, de semis et de repiquage.<br><strong>Deux calendriers<\/strong> s&rsquo;ins\u00e8rent dans le guide, un pour la collecte des graines et un autre d\u00e9taillant la p\u00e9riode des diff\u00e9rents semis et repiquages. <strong>Un lexique<\/strong> d\u00e9finira les termes sp\u00e9cifiques (porte-graines, autogame, allogame, hybridation&#8230;).<\/p>\n<div style=\"display:flex; gap:10px;justify-content:center\" class=\"wps-pgfw-pdf-generate-icon__wrapper-frontend\">\n\t\t<a  href=\"http:\/\/srhgx.be\/wordpress\/wp-json\/wp\/v2\/posts\/6051?action=genpdf&amp;id=6051\" class=\"pgfw-single-pdf-download-button\" ><img src=\"http:\/\/srhgx.be\/wordpress\/wp-content\/plugins\/pdf-generator-for-wp\/admin\/src\/images\/PDF_Tray.svg\" title=\"G\u00e9n\u00e9rer un PDF\" style=\"width:auto; height:45px;\"><\/a>\n\t\t<\/div>","protected":false},"excerpt":{"rendered":"<p>SOUCAIL Julie \u00a0\u00a0\u00a0\u00a0\u00a0\u00a0\u00a0\u00a0 F\u00e9vrier 2021 \u00a0\u00a0\u00a0 \u00a0\u00a0\u00a0\u00a0\u00a0\u00a0 17,95 \u20ac\u00a0\u00a0\u00a0\u00a0\u00a0\u00a0\u00a0\u00a0\u00a0\u00a0 \u00a0\u00a0\u00a0\u00a0\u00a0\u00a0 \u00c9ditions&nbsp;: La Plage&nbsp;&nbsp;&nbsp;&nbsp;&nbsp; ISBN&nbsp;: 978-2-84221-820-1 Quoi de plus gratifiant que de d\u00e9guster un l\u00e9gume qu&rsquo;on a int\u00e9gralement produit ? Et&hellip;&nbsp;<a href=\"http:\/\/srhgx.be\/wordpress\/recolter-et-semer-ses-graines-potageres\/\" rel=\"bookmark\">Lire la suite &raquo;<span class=\"screen-reader-text\">R\u00e9colter et semer ses graines potag\u00e8res<\/span><\/a><\/p>\n","protected":false},"author":10,"featured_media":478,"comment_status":"closed","ping_status":"closed","sticky":false,"template":"","format":"standard","meta":{"neve_meta_sidebar":"","neve_meta_container":"","neve_meta_enable_content_width":"","neve_meta_content_width":0,"neve_meta_title_alignment":"","neve_meta_author_avatar":"","neve_post_elements_order":"","neve_meta_disable_header":"","neve_meta_disable_footer":"","neve_meta_disable_title":"","footnotes":""},"categories":[146,110,1],"tags":[178,507,347,634],"ppma_author":[447],"class_list":["post-6051","post","type-post","status-publish","format-standard","has-post-thumbnail","hentry","category-documents","category-livre","category-srhgx","tag-graines","tag-recolte","tag-semences-potageres","tag-semer"],"publishpress_future_action":{"enabled":false,"date":"2026-05-06 08:03:45","action":"change-status","newStatus":"draft","terms":[],"taxonomy":"category","extraData":[]},"publishpress_future_workflow_manual_trigger":{"enabledWorkflows":[]},"authors":[{"term_id":447,"user_id":10,"is_guest":0,"slug":"cblancke","display_name":"Christine BLANCKE","avatar_url":"https:\/\/secure.gravatar.com\/avatar\/973b599229553ee0b848ec49ca3de61a676ccbea8c5d03d2f477ac1a73794615?s=96&d=mm&r=g","1":"","2":"","3":"","4":"","5":"","6":"","7":"","8":""}],"_links":{"self":[{"href":"http:\/\/srhgx.be\/wordpress\/wp-json\/wp\/v2\/posts\/6051","targetHints":{"allow":["GET"]}}],"collection":[{"href":"http:\/\/srhgx.be\/wordpress\/wp-json\/wp\/v2\/posts"}],"about":[{"href":"http:\/\/srhgx.be\/wordpress\/wp-json\/wp\/v2\/types\/post"}],"author":[{"embeddable":true,"href":"http:\/\/srhgx.be\/wordpress\/wp-json\/wp\/v2\/users\/10"}],"replies":[{"embeddable":true,"href":"http:\/\/srhgx.be\/wordpress\/wp-json\/wp\/v2\/comments?post=6051"}],"version-history":[{"count":2,"href":"http:\/\/srhgx.be\/wordpress\/wp-json\/wp\/v2\/posts\/6051\/revisions"}],"predecessor-version":[{"id":6082,"href":"http:\/\/srhgx.be\/wordpress\/wp-json\/wp\/v2\/posts\/6051\/revisions\/6082"}],"wp:featuredmedia":[{"embeddable":true,"href":"http:\/\/srhgx.be\/wordpress\/wp-json\/wp\/v2\/media\/478"}],"wp:attachment":[{"href":"http:\/\/srhgx.be\/wordpress\/wp-json\/wp\/v2\/media?parent=6051"}],"wp:term":[{"taxonomy":"category","embeddable":true,"href":"http:\/\/srhgx.be\/wordpress\/wp-json\/wp\/v2\/categories?post=6051"},{"taxonomy":"post_tag","embeddable":true,"href":"http:\/\/srhgx.be\/wordpress\/wp-json\/wp\/v2\/tags?post=6051"},{"taxonomy":"author","embeddable":true,"href":"http:\/\/srhgx.be\/wordpress\/wp-json\/wp\/v2\/ppma_author?post=6051"}],"curies":[{"name":"wp","href":"https:\/\/api.w.org\/{rel}","templated":true}]}}