{"id":5682,"date":"2022-07-04T08:35:44","date_gmt":"2022-07-04T06:35:44","guid":{"rendered":"http:\/\/srhgx.be\/wordpress\/?p=5682"},"modified":"2022-07-04T08:35:46","modified_gmt":"2022-07-04T06:35:46","slug":"la-peur-de-la-nature-au-plus-profond-de-notre-inconscient-les-vraies-causes-de-la-destruction-de-la-nature","status":"publish","type":"post","link":"http:\/\/srhgx.be\/wordpress\/la-peur-de-la-nature-au-plus-profond-de-notre-inconscient-les-vraies-causes-de-la-destruction-de-la-nature\/","title":{"rendered":"La peur de la Nature &#8211; Au plus profond de notre inconscient, les vraies causes de la destruction de la nature"},"content":{"rendered":"\n<p class=\"has-nv-dark-bg-color has-text-color has-large-font-size\"><strong>Fran\u00e7ois TERRASSON&nbsp;<\/strong>         <\/p>\n\n\n\n<p class=\"has-medium-font-size\"><strong>Juillet 2020\u00a0\u00a0\u00a0\u00a0\u00a0 25 \u20ac\u00a0\u00a0\u00a0\u00a0\u00a0\u00a0\u00a0\u00a0\u00a0\u00a0\u00a0\u00a0\u00a0\u00a0 <\/strong><\/p>\n\n\n\n<p class=\"has-medium-font-size\"><strong>\u00c9ditions\u00a0: Sang de la Terre-Medial<\/strong>    <strong>ISBN\u00a0: 2869851774 <\/strong><\/p>\n\n\n\n<p><\/p>\n\n\n\n<figure class=\"wp-block-image size-full is-resized\"><img fetchpriority=\"high\" decoding=\"async\" src=\"http:\/\/srhgx.be\/wordpress\/wp-content\/uploads\/2022\/07\/image-7.png\" alt=\"\" class=\"wp-image-5683\" width=\"427\" height=\"613\" srcset=\"http:\/\/srhgx.be\/wordpress\/wp-content\/uploads\/2022\/07\/image-7.png 400w, http:\/\/srhgx.be\/wordpress\/wp-content\/uploads\/2022\/07\/image-7-209x300.png 209w\" sizes=\"(max-width: 427px) 100vw, 427px\" \/><\/figure>\n\n\n\n<p><strong>Aimez-vous vraiment la nature ? Toute la nature ?<\/strong><\/p>\n\n\n\n<p> Le gluant, le griffu, le velu, le vaseux, l&rsquo;organique ? Fran\u00e7ois Terrasson, chercheur atypique, a d\u00e9crypt\u00e9 nos rapports profonds aux forces originelles. Il nous r\u00e9v\u00e8le avec humour nos fonctionnements internes et explique de mani\u00e8re lumineuse pourquoi notre soci\u00e9t\u00e9 s&rsquo;acharne \u00e0 d\u00e9truire la nature. Ce livre fondateur, qui a franchement agac\u00e9 les am\u00e9nageurs, mais qui a aussi d\u00e9stabilis\u00e9 plus d&rsquo;un \u00abprotecteur\u00bb de la nature, a profond\u00e9ment influenc\u00e9 ceux qui l&rsquo;ont lu. Il nous ram\u00e8ne \u00e0 notre animalit\u00e9, \u00e0 notre organicit\u00e9 et nous rappelle la force de nos \u00e9motions. Shamans, sorci\u00e8res et l\u00e9gendes hantent ce voyage initiatique, qui touche \u00e0 la fois le terroir et l&rsquo;universel.<\/p>\n\n\n\n<p><\/p>\n\n\n\n<p> Fran\u00e7ois Terrasson, chercheur \u00ab hors norme \u00bb, curieux de tout et polyvalent, a fortement marqu\u00e9 les esprits. \u00c9crivain insatiable, il a la passion de convaincre et ne manque aucune occasion de livrer des articles autant dans la presse nationale que dans les bulletins les plus confidentiels. Ses \u00e9crits sont autant de r\u00e9flexions indispensables nous incitant \u00e0 modifier profond\u00e9ment notre comportement vis-\u00e0-vis de la nature. Comme en t\u00e9moigne cet ouvrage.<\/p>\n<div style=\"display:flex; gap:10px;justify-content:center\" class=\"wps-pgfw-pdf-generate-icon__wrapper-frontend\">\n\t\t<a  href=\"http:\/\/srhgx.be\/wordpress\/wp-json\/wp\/v2\/posts\/5682?action=genpdf&amp;id=5682\" class=\"pgfw-single-pdf-download-button\" ><img src=\"http:\/\/srhgx.be\/wordpress\/wp-content\/plugins\/pdf-generator-for-wp\/admin\/src\/images\/PDF_Tray.svg\" title=\"G\u00e9n\u00e9rer un PDF\" style=\"width:auto; height:45px;\"><\/a>\n\t\t<\/div>","protected":false},"excerpt":{"rendered":"<p>Fran\u00e7ois TERRASSON&nbsp; Juillet 2020\u00a0\u00a0\u00a0\u00a0\u00a0 25 \u20ac\u00a0\u00a0\u00a0\u00a0\u00a0\u00a0\u00a0\u00a0\u00a0\u00a0\u00a0\u00a0\u00a0\u00a0 \u00c9ditions\u00a0: Sang de la Terre-Medial ISBN\u00a0: 2869851774 Aimez-vous vraiment la nature ? Toute la nature ? Le gluant, le griffu, le velu, le vaseux,&hellip;&nbsp;<a href=\"http:\/\/srhgx.be\/wordpress\/la-peur-de-la-nature-au-plus-profond-de-notre-inconscient-les-vraies-causes-de-la-destruction-de-la-nature\/\" rel=\"bookmark\">Lire la suite &raquo;<span class=\"screen-reader-text\">La peur de la Nature &#8211; Au plus profond de notre inconscient, les vraies causes de la destruction de la nature<\/span><\/a><\/p>\n","protected":false},"author":10,"featured_media":478,"comment_status":"closed","ping_status":"closed","sticky":false,"template":"","format":"standard","meta":{"neve_meta_sidebar":"","neve_meta_container":"","neve_meta_enable_content_width":"","neve_meta_content_width":0,"neve_meta_title_alignment":"","neve_meta_author_avatar":"","neve_post_elements_order":"","neve_meta_disable_header":"","neve_meta_disable_footer":"","neve_meta_disable_title":"","footnotes":""},"categories":[146,110,1],"tags":[135],"ppma_author":[447],"class_list":["post-5682","post","type-post","status-publish","format-standard","has-post-thumbnail","hentry","category-documents","category-livre","category-srhgx","tag-nature"],"publishpress_future_action":{"enabled":false,"date":"2026-05-10 13:13:49","action":"change-status","newStatus":"draft","terms":[],"taxonomy":"category","extraData":[]},"publishpress_future_workflow_manual_trigger":{"enabledWorkflows":[]},"authors":[{"term_id":447,"user_id":10,"is_guest":0,"slug":"cblancke","display_name":"Christine BLANCKE","avatar_url":"https:\/\/secure.gravatar.com\/avatar\/973b599229553ee0b848ec49ca3de61a676ccbea8c5d03d2f477ac1a73794615?s=96&d=mm&r=g","1":"","2":"","3":"","4":"","5":"","6":"","7":"","8":""}],"_links":{"self":[{"href":"http:\/\/srhgx.be\/wordpress\/wp-json\/wp\/v2\/posts\/5682","targetHints":{"allow":["GET"]}}],"collection":[{"href":"http:\/\/srhgx.be\/wordpress\/wp-json\/wp\/v2\/posts"}],"about":[{"href":"http:\/\/srhgx.be\/wordpress\/wp-json\/wp\/v2\/types\/post"}],"author":[{"embeddable":true,"href":"http:\/\/srhgx.be\/wordpress\/wp-json\/wp\/v2\/users\/10"}],"replies":[{"embeddable":true,"href":"http:\/\/srhgx.be\/wordpress\/wp-json\/wp\/v2\/comments?post=5682"}],"version-history":[{"count":2,"href":"http:\/\/srhgx.be\/wordpress\/wp-json\/wp\/v2\/posts\/5682\/revisions"}],"predecessor-version":[{"id":5692,"href":"http:\/\/srhgx.be\/wordpress\/wp-json\/wp\/v2\/posts\/5682\/revisions\/5692"}],"wp:featuredmedia":[{"embeddable":true,"href":"http:\/\/srhgx.be\/wordpress\/wp-json\/wp\/v2\/media\/478"}],"wp:attachment":[{"href":"http:\/\/srhgx.be\/wordpress\/wp-json\/wp\/v2\/media?parent=5682"}],"wp:term":[{"taxonomy":"category","embeddable":true,"href":"http:\/\/srhgx.be\/wordpress\/wp-json\/wp\/v2\/categories?post=5682"},{"taxonomy":"post_tag","embeddable":true,"href":"http:\/\/srhgx.be\/wordpress\/wp-json\/wp\/v2\/tags?post=5682"},{"taxonomy":"author","embeddable":true,"href":"http:\/\/srhgx.be\/wordpress\/wp-json\/wp\/v2\/ppma_author?post=5682"}],"curies":[{"name":"wp","href":"https:\/\/api.w.org\/{rel}","templated":true}]}}