{"id":5341,"date":"2022-06-01T09:05:06","date_gmt":"2022-06-01T07:05:06","guid":{"rendered":"http:\/\/srhgx.be\/wordpress\/?p=5341"},"modified":"2022-06-01T09:05:07","modified_gmt":"2022-06-01T07:05:07","slug":"roseraie-a-visiter","status":"publish","type":"post","link":"http:\/\/srhgx.be\/wordpress\/roseraie-a-visiter\/","title":{"rendered":"Roseraie \u00e0 visiter"},"content":{"rendered":"\n<p>Chaumont-Gistoux, 2, rue Colleau, 1325 Chaumont-Gistoux, derri\u00e8re le parking de la Maison communale<\/p>\n\n\n\n<p><strong>4 et 5 juin 2022, \u00e0 14 h 30, visites guid\u00e9es<\/strong><\/p>\n\n\n\n<p><strong>Inscription souhaitable aupr\u00e8s de <a href=\"mailto:yvan.capouet@gmail.com\">yvan.capouet@gmail.com<\/a><\/strong><\/p>\n\n\n\n<p><strong>Visite libre ou guid\u00e9e au choix<\/strong><\/p>\n\n\n\n<p>La floraison des roses a d\u00e9but\u00e9 \u00e0 la roseraie de Chaumont-Gistoux. Les roses anciennes comme Albertine&nbsp;&nbsp;&nbsp; <strong><img decoding=\"async\" src=\"\" alt=\"Rosier grimpant Albertine\" width=\"120\" height=\"120\"><\/strong>     <\/p>\n\n\n\n<figure class=\"wp-block-image size-full is-resized\"><img decoding=\"async\" src=\"http:\/\/srhgx.be\/wordpress\/wp-content\/uploads\/2022\/05\/image-40.png\" alt=\"\" class=\"wp-image-5342\" width=\"191\" height=\"191\"\/><\/figure>\n\n\n\n<p><strong>Paul Transon       <\/strong><\/p>\n\n\n\n<figure class=\"wp-block-image size-full\"><img fetchpriority=\"high\" decoding=\"async\" width=\"240\" height=\"240\" src=\"http:\/\/srhgx.be\/wordpress\/wp-content\/uploads\/2022\/05\/image-41.png\" alt=\"\" class=\"wp-image-5343\" srcset=\"http:\/\/srhgx.be\/wordpress\/wp-content\/uploads\/2022\/05\/image-41.png 240w, http:\/\/srhgx.be\/wordpress\/wp-content\/uploads\/2022\/05\/image-41-150x150.png 150w\" sizes=\"(max-width: 240px) 100vw, 240px\" \/><\/figure>\n\n\n\n<p>ou<strong> Paul Himalayan<\/strong>      <\/p>\n\n\n\n<figure class=\"wp-block-image size-full\"><img loading=\"lazy\" decoding=\"async\" width=\"240\" height=\"240\" src=\"http:\/\/srhgx.be\/wordpress\/wp-content\/uploads\/2022\/05\/image-42.png\" alt=\"\" class=\"wp-image-5344\" srcset=\"http:\/\/srhgx.be\/wordpress\/wp-content\/uploads\/2022\/05\/image-42.png 240w, http:\/\/srhgx.be\/wordpress\/wp-content\/uploads\/2022\/05\/image-42-150x150.png 150w\" sizes=\"(max-width: 240px) 100vw, 240px\" \/><\/figure>\n\n\n\n<p>les cr\u00e9ations locales comme Mon Amie Claire sont notamment d\u00e9j\u00e0 au rendez-vous.   <\/p>\n\n\n\n<figure class=\"wp-block-image size-full\"><img loading=\"lazy\" decoding=\"async\" width=\"371\" height=\"371\" src=\"http:\/\/srhgx.be\/wordpress\/wp-content\/uploads\/2022\/05\/image-43.png\" alt=\"\" class=\"wp-image-5345\" srcset=\"http:\/\/srhgx.be\/wordpress\/wp-content\/uploads\/2022\/05\/image-43.png 371w, http:\/\/srhgx.be\/wordpress\/wp-content\/uploads\/2022\/05\/image-43-300x300.png 300w, http:\/\/srhgx.be\/wordpress\/wp-content\/uploads\/2022\/05\/image-43-150x150.png 150w\" sizes=\"(max-width: 371px) 100vw, 371px\" \/><\/figure>\n\n\n\n<p>Elles se m\u00ealent \u00e0 nos rosiers botaniques, comme le rosa Roxburghii,    <\/p>\n\n\n\n<figure class=\"wp-block-image size-full\"><img loading=\"lazy\" decoding=\"async\" width=\"290\" height=\"218\" src=\"http:\/\/srhgx.be\/wordpress\/wp-content\/uploads\/2022\/05\/image-44.png\" alt=\"\" class=\"wp-image-5346\"\/><\/figure>\n\n\n\n<p>et \u00e9mergent, dans un chaos color\u00e9 et parfum\u00e9, des platebandes de plantes indig\u00e8nes.<\/p>\n\n\n\n<p>La floraison sera vraiment tr\u00e8s agr\u00e9able pour <strong>le week-end des Parcs et Jardins de Wallonie.<\/strong><\/p>\n\n\n\n<p>Visite libre ou guid\u00e9e au choix. Les visites guid\u00e9es auront lieu les 4 et 5 juin 2022, \u00e0 14 h 30.<\/p>\n\n\n\n<p>Inscription souhaitable aupr\u00e8s de <a href=\"mailto:yvan.capouet@gmail.com\">yvan.capouet@gmail.com<\/a>.<\/p>\n\n\n\n<p>Adresse de la roseraie: 2, rue Colleau, 1325 Chaumont-Gistoux, derri\u00e8re le parking de la Maison communale.<\/p>\n\n\n\n<p>La roseraie communale de Chaumont-Gistoux est n\u00e9e du projet paradoxal de <strong>faire vivre la reine des fleurs au milieu des adventices et plantes indig\u00e8nes.<\/strong><\/p>\n\n\n\n<p>Elle est constitu\u00e9e principalement de <strong>rosiers botaniques, anciens ou \u00e0 port naturel, souvent \u00e0 floraison unique<\/strong>. Apr\u00e8s quelques ann\u00e9es de d\u00e9sh\u00e9rence, la roseraie est reprise en main par un collectif citoyen qui organise des chantiers de restauration mensuels, avec le soutien des services de l\u2019environnement de la commune. Le projet \u00ab Roseraie nature admise \u00bb vise \u00e0 soutenir ce collectif, \u00e0 faire conna\u00eetre plus largement son action, et \u00e0 le mettre en r\u00e9seau avec d\u2019autres jardins orient\u00e9s vers le d\u00e9veloppement durable.<\/p>\n\n\n\n<p><a href=\"https:\/\/www.facebook.com\/groups\/1115985028513332\">https:\/\/www.facebook.com\/groups\/1115985028513332<\/a><\/p>\n\n\n\n<p><a href=\"https:\/\/www.facebook.com\/gooutwiththekids\/\">https:\/\/www.facebook.com\/gooutwiththekids\/<\/a><\/p>\n\n\n\n<p><strong>Les roses cr\u00e9\u00e9es \u00e0 la roseraie communale<\/strong><strong><\/strong><\/p>\n\n\n\n<p><a href=\"http:\/\/www.botarosa.org\/botarosa\/roses\/creacom.htm\">http:\/\/www.botarosa.org\/botarosa\/roses\/creacom.htm<\/a><\/p>\n\n\n\n<p><strong>COULEUR NATURE (VII): IVAN LOUETTE DE CHAUMONT-GISTOUX, SUR LES TRACES DES ROSIERS EXTRAORDINAIRES<\/strong><\/p>\n\n\n\n<p><em>Par Christian Sonon &nbsp;&nbsp;&nbsp;&nbsp;&nbsp;&nbsp;&nbsp;&nbsp;&nbsp;&nbsp;&nbsp;&nbsp;&nbsp;&nbsp;&nbsp;&nbsp; <\/em>Publi\u00e9 le 28\/07\/1995<\/p>\n\n\n\n<p><strong>AU RENDEZ-VOUS DES ROSES<\/strong><\/p>\n\n\n\n<figure class=\"wp-block-embed\"><div class=\"wp-block-embed__wrapper\">\nhttps:\/\/www.lesoir.be\/art\/au-rendez-vous-des-roses_t-19950415-Z09E26.html\n<\/div><\/figure>\n\n\n\n<p>Publi\u00e9 le <strong>15\/04\/1995<\/strong><\/p>\n\n\n\n<p><strong>Les grimpantes reviennent \u00e0 la mode<\/strong>. Quelques dates pour les d\u00e9couvrir<\/p>\n\n\n\n<p>A l&rsquo;apog\u00e9e du Moyen Age, le po\u00e8te Chr\u00e9tien de Troyes raconte un songe : un jardin clos rempli de fleurs et d&rsquo;oiseaux, o\u00f9 l&rsquo;amant d\u00e9couvre soudain la Rose; tandis qu&rsquo;il la regarde, extasi\u00e9, une fl\u00e8che l&rsquo;atteint, s&rsquo;enfon\u00e7ant dans son coeur. La po\u00e9sie courtoise est lanc\u00e9e, elle inondera le XIIIe si\u00e8cle de milliers de vers au service de l&rsquo;amour. Parmi eux, le \u00abRoman de la Rose\u00bb, po\u00e8me all\u00e9gorique, symbolise la joie, aussi bien charnelle que spirituelle. Toutes les gr\u00e2ces de la vie galante habillent cette \u00e9poque o\u00f9 l&rsquo;on voit s&rsquo;\u00e9panouir les plus purs produits de l&rsquo;esprit chevaleresque. Depuis, les amoureux n&rsquo;ont jamais cess\u00e9 d&rsquo;aimer les roses. On voit la vie en rose. Pas de rose sans \u00e9pines&#8230; Nulle fleur n&rsquo;a excit\u00e9 autant l&rsquo;imagination des hommes.<\/p>\n\n\n\n<p><strong>LES BOURSES AUX FLEURS<\/strong><\/p>\n\n\n\n<p>La belle saison arrive, la terre se r\u00e9veille, les herbes folles commencent \u00e0 pousser, les fen\u00eatres s&rsquo;ouvrent sur le jardin au premier rayon de soleil, le moment est venu de penser aux rosiers et rosi\u00e9ristes. La p\u00e9riode des achats commence. En Flandre, la plupart des villages ont leur bourse aux fleurs, et les m\u00eames offres se d\u00e9veloppent \u00e0 Bruxelles et en Wallonie. L&rsquo;engouement pour les plantes \u00e0 fleurs est r\u00e9el. Et parmi celles qui ont la faveur du public, la rose occupe toujours une place de choix. Longtemps n\u00e9glig\u00e9e parce qu&rsquo;elle demandait trop d&rsquo;espaces et de soins, elle est revenue dans les jardins et m\u00eame sur les terrasses des buildings.<\/p>\n\n\n\n<p>Nagu\u00e8re, la maison refl\u00e9tait un certain standing, maintenant c&rsquo;est le jardin qui prend souvent le dessus. Style romantique, classique, pittoresque, sauvage, il y en a pour tous les go\u00fbts. Un petit coin de terre est source de richesse et de joie pour le retrait\u00e9. M\u00eame les actifs trouvent le temps d&rsquo;am\u00e9nager leur petit paradis loin des bruits de la ville. Les infos pour ce faire inondent le march\u00e9. Livres et brochures aident le d\u00e9butant \u00e0 composer son refuge d&rsquo;optimisme. On peut aussi se faire membre des clubs de l&rsquo;iris, des rhodos, des orchid\u00e9es, des plantes vivaces, de la rose&#8230; S&rsquo;ajoute la touche personnelle qui fait la diff\u00e9rence. On voit des petits jardins qui sont des chefs-d&rsquo;oeuvre de go\u00fbt et de cr\u00e9ativit\u00e9. Pas assez de place ? Qu&rsquo;\u00e0 cela ne tienne, on fera grimper les roses. L&rsquo;odeur suave embaume l&rsquo;espace clos pour des \u00e9tourdissements au naturel.<\/p>\n\n\n\n<p><strong>DES STAGES POUR MIEUX CONNAITRE LES ROSES<\/strong><\/p>\n\n\n\n<p>Personne n&rsquo;aime la rose comme Elsie De Raedt. Elle la vit passionn\u00e9ment comme Moby Dick sa baleine blanche. C&rsquo;est une qu\u00eate permanente, une recherche de l&rsquo;absolue beaut\u00e9. Pour l&rsquo;heure, cette directrice commerciale d&rsquo;un grand h\u00f4tel du littoral pr\u00e9pare un livre intitul\u00e9 \u00abLes Roses des Bas-Pays\u00bb, la Belgique, la Hollande, le nord de la France. Elle y met tout son coeur et une foule d&rsquo;informations glan\u00e9es depuis qu&rsquo;elle \u00e9tait petite. A chaque No\u00ebl, Elsie recevait en cadeau un livre sur les roses. Lorsqu&rsquo;elle relit cette abondante litt\u00e9rature aujourd&rsquo;hui, cette femme cultiv\u00e9e, la quarantaine fra\u00eeche comme la fleur d&rsquo;\u00e9glantier, fait la moue. On n&rsquo;y parle pas assez des roses de chez nous.<\/p>\n\n\n\n<p>Saviez-vous que l&rsquo;on trouve les plus riches collections d&rsquo;Europe chez <strong>Louis Lens \u00e0 Jabbeke, pr\u00e8s d&rsquo;Ostende <\/strong>? interroge-t-elle avec une nuance de fiert\u00e9 dans la voix. Pas besoin de courir \u00e0 Londres pour d\u00e9couvrir la perle rare. Ce qui manque dans nos r\u00e9gions, c&rsquo;est le bon contact avec les vendeurs. Les p\u00e9pini\u00e9ristes n&rsquo;ont pas le temps de dire comment planter, entretenir, soigner, aimer. Il n&rsquo;y a pas si longtemps, les voisins me demandaient des tas de conseils sur la taille, le greffage, les engrais&#8230; Je passais chez l&rsquo;un et l&rsquo;autre pour d\u00e9panner et pr\u00eacher la bonne parole. Maintenant, j&rsquo;ai mis mon r\u00e9pondeur en disant que je donne des cours et qu&rsquo;on peut s&rsquo;inscrire. L&rsquo;art de jardiner n&rsquo;est pas donn\u00e9 \u00e0 tout le monde. Il faut \u00eatre techniquement form\u00e9, conna\u00eetre la terre et les outils. Les livres sont une chose, mais rien ne vaut l&rsquo;apprentissage personnalis\u00e9 et la pratique sur le terrain.<\/p>\n\n\n\n<p>Si l&rsquo;exp\u00e9rience vous tente, rendez-vous avec Elsie De Raedt le 21 avril 1995 au ch\u00e2teau Hex, \u00e0 Heers (Limbourg), non loin de Li\u00e8ge. Au programme : les vari\u00e9t\u00e9s de roses sur le march\u00e9, la promenade guid\u00e9e, les combinaisons de roses avec les plantes vivaces et, surtout, l&rsquo;insigne bonheur d&rsquo;une rencontre chaleureuse. Le travail qu&rsquo;Elsie pr\u00e9f\u00e8re ? Redonner vie aux rosiers malades, leur faire retrouver un feuillage luisant et des branches vigoureuses. Elle vous ressuscite un jardin abandonn\u00e9 en deux ou trois saisons. C&rsquo;est dire que ses stages sont v\u00e9cus, qu&rsquo;elle ne parle pas comme dans un manuel&#8230; Les esp\u00e8ces de roses sont aussi nombreuses que les hi\u00e9roglyphes sur un temple \u00e9gyptien. Aucune fleur ne s&rsquo;est \u00e0 ce point m\u00e9tamorphos\u00e9e pour satisfaire les go\u00fbts les plus exigeants. Elle s&rsquo;habille de toutes les formes et couleurs et change de mani\u00e8re de vivre selon la mode du temps. Autrefois, on la trouvait plut\u00f4t guind\u00e9e dans les parterres et les all\u00e9es. Aujourd&rsquo;hui, elle devient conviviale, se m\u00eale aux pervenches, myosotis et m\u00eame aux branches des arbres. Les roses lianes grimpent dans les pommiers ou les \u00e9rables comme des \u00e9cureuils dans les ch\u00e2taigniers. D&rsquo;autres s&rsquo;attachent aux murs ou aux escaliers. Les grimpantes, de pr\u00e9f\u00e9rence anciennes et parfum\u00e9es, reviennent en fanfare : la <strong>Zephirine Drouhin <\/strong>aux grandes fleurs fonc\u00e9es, abondantes, bien remplies;   <\/p>\n\n\n\n<figure class=\"wp-block-image size-full\"><img loading=\"lazy\" decoding=\"async\" width=\"120\" height=\"120\" src=\"http:\/\/srhgx.be\/wordpress\/wp-content\/uploads\/2022\/05\/image-45.png\" alt=\"\" class=\"wp-image-5347\"\/><\/figure>\n\n\n\n<p>la <strong>New Dawn<\/strong> \u00e0 floraison continue, couleur rose-th\u00e9 puis blanche avant que les feuilles ne tombent<\/p>\n\n\n\n<figure class=\"wp-block-image size-full\"><img loading=\"lazy\" decoding=\"async\" width=\"240\" height=\"240\" src=\"http:\/\/srhgx.be\/wordpress\/wp-content\/uploads\/2022\/05\/image-46.png\" alt=\"\" class=\"wp-image-5348\" srcset=\"http:\/\/srhgx.be\/wordpress\/wp-content\/uploads\/2022\/05\/image-46.png 240w, http:\/\/srhgx.be\/wordpress\/wp-content\/uploads\/2022\/05\/image-46-150x150.png 150w\" sizes=\"(max-width: 240px) 100vw, 240px\" \/><\/figure>\n\n\n\n<p>l&rsquo;<strong>Alberic Barbier <\/strong>au parfum de pomme, une des rares roses qui fleurissent fa\u00e7ade nord;<\/p>\n\n\n\n<figure class=\"wp-block-image size-full\"><img loading=\"lazy\" decoding=\"async\" width=\"120\" height=\"120\" src=\"http:\/\/srhgx.be\/wordpress\/wp-content\/uploads\/2022\/05\/image-47.png\" alt=\"\" class=\"wp-image-5349\"\/><\/figure>\n\n\n\n<p>la <strong>Pink Cloud<\/strong>, couleur fuchsia,- un peu tape-\u00e0-l&rsquo;oeil, mais qui ne jure pas dans les appartements modernes<\/p>\n\n\n\n<figure class=\"wp-block-image size-full\"><img loading=\"lazy\" decoding=\"async\" width=\"120\" height=\"120\" src=\"http:\/\/srhgx.be\/wordpress\/wp-content\/uploads\/2022\/05\/image-48.png\" alt=\"\" class=\"wp-image-5350\"\/><\/figure>\n\n\n\n<p>Mieux vaut peut-\u00eatre d\u00e9couvrir les roses rares dans leur milieu. Au ch\u00e2teau Hex, par exemple, qui abrite 250 vari\u00e9t\u00e9s, dont certaines du XVIIIe si\u00e8cle. Le domaine sera ouvert les 3 et 4 juin 1995, de 10 \u00e0 18 heures pour des \u00abJourn\u00e9es de la Rose\u00bb.<\/p>\n\n\n\n<p>Ivan Louette parlera des roses musqu\u00e9es de la Perse et de l&rsquo;Inde, tandis qu&rsquo;Elsie De Raedt chantera la gloire des roses anciennes. Autres dates \u00e0 retenir : la bourse des plantes au ch\u00e2teau de Beervelde, \u00e0 Lochristi, pr\u00e8s de Gand, les 13 et 14 mai prochain. Et puis, l&rsquo;op\u00e9ration \u00abJardins ouverts\u00bb red\u00e9marre avec 150 propri\u00e9taires qui acceptent des visites de groupes. Tous les amateurs peuvent se faire membre de l&rsquo;asbl, en versant une cotisation valable un an. Celle-ci donne droit au catalogue o\u00f9 l&rsquo;on trouve des jardins majuscules. L&rsquo;occasion d&rsquo;apprendre et de s&rsquo;\u00e9mouvoir.<\/p>\n\n\n\n<p>PAUL WAGNER<\/p>\n<div style=\"display:flex; gap:10px;justify-content:center\" class=\"wps-pgfw-pdf-generate-icon__wrapper-frontend\">\n\t\t<a  href=\"http:\/\/srhgx.be\/wordpress\/wp-json\/wp\/v2\/posts\/5341?action=genpdf&amp;id=5341\" class=\"pgfw-single-pdf-download-button\" ><img src=\"http:\/\/srhgx.be\/wordpress\/wp-content\/plugins\/pdf-generator-for-wp\/admin\/src\/images\/PDF_Tray.svg\" title=\"G\u00e9n\u00e9rer un PDF\" style=\"width:auto; height:45px;\"><\/a>\n\t\t<\/div>","protected":false},"excerpt":{"rendered":"<p>Chaumont-Gistoux, 2, rue Colleau, 1325 Chaumont-Gistoux, derri\u00e8re le parking de la Maison communale 4 et 5 juin 2022, \u00e0 14 h 30, visites guid\u00e9es Inscription souhaitable aupr\u00e8s de yvan.capouet@gmail.com Visite&hellip;&nbsp;<a href=\"http:\/\/srhgx.be\/wordpress\/roseraie-a-visiter\/\" rel=\"bookmark\">Lire la suite &raquo;<span class=\"screen-reader-text\">Roseraie \u00e0 visiter<\/span><\/a><\/p>\n","protected":false},"author":10,"featured_media":1581,"comment_status":"closed","ping_status":"closed","sticky":false,"template":"","format":"standard","meta":{"neve_meta_sidebar":"","neve_meta_container":"","neve_meta_enable_content_width":"","neve_meta_content_width":0,"neve_meta_title_alignment":"","neve_meta_author_avatar":"","neve_post_elements_order":"","neve_meta_disable_header":"","neve_meta_disable_footer":"","neve_meta_disable_title":"","footnotes":""},"categories":[146,420,1],"tags":[559],"ppma_author":[447],"class_list":["post-5341","post","type-post","status-publish","format-standard","has-post-thumbnail","hentry","category-documents","category-spectacles-expositions","category-srhgx","tag-roses"],"publishpress_future_action":{"enabled":false,"date":"2026-05-05 00:37:02","action":"change-status","newStatus":"draft","terms":[],"taxonomy":"category","extraData":[]},"publishpress_future_workflow_manual_trigger":{"enabledWorkflows":[]},"authors":[{"term_id":447,"user_id":10,"is_guest":0,"slug":"cblancke","display_name":"Christine BLANCKE","avatar_url":"https:\/\/secure.gravatar.com\/avatar\/973b599229553ee0b848ec49ca3de61a676ccbea8c5d03d2f477ac1a73794615?s=96&d=mm&r=g","1":"","2":"","3":"","4":"","5":"","6":"","7":"","8":""}],"_links":{"self":[{"href":"http:\/\/srhgx.be\/wordpress\/wp-json\/wp\/v2\/posts\/5341","targetHints":{"allow":["GET"]}}],"collection":[{"href":"http:\/\/srhgx.be\/wordpress\/wp-json\/wp\/v2\/posts"}],"about":[{"href":"http:\/\/srhgx.be\/wordpress\/wp-json\/wp\/v2\/types\/post"}],"author":[{"embeddable":true,"href":"http:\/\/srhgx.be\/wordpress\/wp-json\/wp\/v2\/users\/10"}],"replies":[{"embeddable":true,"href":"http:\/\/srhgx.be\/wordpress\/wp-json\/wp\/v2\/comments?post=5341"}],"version-history":[{"count":3,"href":"http:\/\/srhgx.be\/wordpress\/wp-json\/wp\/v2\/posts\/5341\/revisions"}],"predecessor-version":[{"id":5444,"href":"http:\/\/srhgx.be\/wordpress\/wp-json\/wp\/v2\/posts\/5341\/revisions\/5444"}],"wp:featuredmedia":[{"embeddable":true,"href":"http:\/\/srhgx.be\/wordpress\/wp-json\/wp\/v2\/media\/1581"}],"wp:attachment":[{"href":"http:\/\/srhgx.be\/wordpress\/wp-json\/wp\/v2\/media?parent=5341"}],"wp:term":[{"taxonomy":"category","embeddable":true,"href":"http:\/\/srhgx.be\/wordpress\/wp-json\/wp\/v2\/categories?post=5341"},{"taxonomy":"post_tag","embeddable":true,"href":"http:\/\/srhgx.be\/wordpress\/wp-json\/wp\/v2\/tags?post=5341"},{"taxonomy":"author","embeddable":true,"href":"http:\/\/srhgx.be\/wordpress\/wp-json\/wp\/v2\/ppma_author?post=5341"}],"curies":[{"name":"wp","href":"https:\/\/api.w.org\/{rel}","templated":true}]}}