{"id":5028,"date":"2022-04-18T09:27:57","date_gmt":"2022-04-18T07:27:57","guid":{"rendered":"http:\/\/srhgx.be\/wordpress\/?p=5028"},"modified":"2022-04-18T09:27:59","modified_gmt":"2022-04-18T07:27:59","slug":"un-jardin-fruitier-pour-demain-adapter-son-verger-au-changement-climatique","status":"publish","type":"post","link":"http:\/\/srhgx.be\/wordpress\/un-jardin-fruitier-pour-demain-adapter-son-verger-au-changement-climatique\/","title":{"rendered":"Un jardin fruitier pour demain\u00a0\u00a0\u00a0\u00a0\u00a0\u00a0\u00a0\u00a0\u00a0\u00a0\u00a0\u00a0 Adapter son verger au changement  climatique \u00a0"},"content":{"rendered":"\n<p class=\"has-nv-dark-bg-color has-text-color has-large-font-size\">Robert KRAN \u00a0\u00a0\u00a0 Perrine DUPONT \u00a0<\/p>\n\n\n\n<p><strong>Mars 2022&nbsp;&nbsp;&nbsp;&nbsp;&nbsp;&nbsp;&nbsp; 26 \u20ac <\/strong><strong><\/strong><\/p>\n\n\n\n<p><strong>\u00c9ditions&nbsp;: Terre Vivante&nbsp;&nbsp;&nbsp;&nbsp;&nbsp; ISBN : 9782360987160<\/strong><\/p>\n\n\n\n<figure class=\"wp-block-image size-full\"><img fetchpriority=\"high\" decoding=\"async\" width=\"256\" height=\"380\" src=\"http:\/\/srhgx.be\/wordpress\/wp-content\/uploads\/2022\/04\/image-16.png\" alt=\"\" class=\"wp-image-5029\" srcset=\"http:\/\/srhgx.be\/wordpress\/wp-content\/uploads\/2022\/04\/image-16.png 256w, http:\/\/srhgx.be\/wordpress\/wp-content\/uploads\/2022\/04\/image-16-202x300.png 202w\" sizes=\"(max-width: 256px) 100vw, 256px\" \/><\/figure>\n\n\n\n<p><strong>Comment adapter son verger au changement climatique et conduire un verger au naturel ?<\/strong><\/p>\n\n\n\n<p><strong>\u00ab <em>Vivre et laisser vivre<\/em> \u00bb,<\/strong> r\u00e9pond Robert Kran. Depuis une trentaine d\u2019ann\u00e9es, le jardinier autodidacte exp\u00e9rimente <strong>de nombreux fruitiers dans son verger corse d\u2019Avapessa<\/strong>, parfois venus de lointaines contr\u00e9es.<\/p>\n\n\n\n<p>Manger des fruits sains, diversifier et acclimater des esp\u00e8ces fruiti\u00e8res, cultiver de fa\u00e7on \u00e0 avoir des arbres r\u00e9sistants, avec en toile de fond l\u2019id\u00e9e de s\u2019adapter au changement climatique en cours, voil\u00e0 qui peut r\u00e9sumer sa d\u00e9marche.<\/p>\n\n\n\n<p>Dans cet ouvrage, il relate et transmet ses <strong>exp\u00e9riences d\u2019acclimatation<\/strong>, ses <strong>pratiques<\/strong>, son <strong>savoir-faire<\/strong>, ses r\u00e9ussites mais aussi ses \u00e9checs, pour inspirer et partager sa philosophie. En prenant la for\u00eat pour mod\u00e8le, dans sa diversit\u00e9 et sa force de r\u00e9silience, il rapporte dans ce livre toutes ses connaissances sur les <strong>arbres<\/strong>, \u00e9voque la <strong>vie du sol<\/strong>, le r\u00f4le des <strong>auxiliaires<\/strong>, l\u2019int\u00e9r\u00eat de <strong>ne pas tailler ni traiter en cas de maladie<\/strong>, afin que les arbres d\u00e9veloppent par eux-m\u00eames leurs capacit\u00e9s de r\u00e9sistance.<\/p>\n\n\n\n<p>\u00c0 c\u00f4t\u00e9 de ce parcours de vie, Perrine Dupont, journaliste, voyageuse et jardini\u00e8re, enthousiasm\u00e9e par le jardin fruitier de Robert Kran, d\u00e9taille dans ce livre <strong>une quarantaine d\u2019esp\u00e8ces de fruitiers<\/strong> \u00e0 adopter : rustiques m\u00e9connus, fruitiers adaptables en limite de rusticit\u00e9 ou \u00e0 r\u00e9server aux climats plus doux. Cerisier d\u2019Australie, asiminier, am\u00e9lanchier, goyavier-fraise, feijoa, yuzu, papayer, goumi, pacanier\u2026 les esp\u00e8ces exotiques invitent \u00e0 la d\u00e9couverte.<\/p>\n\n\n\n<p>Gr\u00e2ce \u00e0 leurs conseils, vous pourrez, \u00e0 votre tour, tenter d\u2019en acclimater certaines, selon le sol et le climat de votre r\u00e9gion.<\/p>\n\n\n\n<p>Quelles esp\u00e8ces planter aujourd&rsquo;hui dans nos vergers pour r\u00e9colter demain des fruits sains, en d\u00e9pit du changement climatique ?<\/p>\n\n\n\n<p>Manger des fruits sains, et encore longtemps, ce pourrait \u00eatre en r\u00e9sum\u00e9 la proposition de cet ouvrage.<br>Sains, car les pratiques culturales qu\u2019il pr\u00e9sente et d\u00e9fend sont pragmatiques, et respectueuses de la Nature et de l\u2019environnement. Longtemps, car les esp\u00e8ces fruiti\u00e8res qui se trouvent mises en vedette dans ces pages font toutes preuve d\u2019une belle r\u00e9silience \u00e0 la chaleur et \u00e0 la s\u00e9cheresse. Autrement dit&nbsp;: elles sauront supporter l\u2019impact majeur que le changement climatique fait peser, aussi, sur les fruitiers qui peuplent aujourd\u2019hui nos vergers.<br>Il faut dire que Robert Kran partage ici 30 ann\u00e9es d\u2019exp\u00e9rimentations et de \u00ab&nbsp;laisser vivre&nbsp;\u00bb au sein de son verger corse d\u2019Avapessa. Il y cultive am\u00e9lanchier, aronia, <a href=\"https:\/\/www.gerbeaud.com\/jardin\/fiches\/asiminier,2064.html\">asiminier<\/a>, feijoa, kapoquier, yuzu&#8230; Des fruits \u00e9tranges, songerez-vous&nbsp;? Pour la France m\u00e9tropolitaine de 2022, certes&nbsp;! Mais d\u2019ici quelques ann\u00e9es, si vous voulez encore manger des fruits cueillis sur vos arbres, il va sans doute falloir s\u2019y int\u00e9resser.<br>Comptez pour cela sur la <strong>quarantaine de fiches pratiques<\/strong> \u00e9tablies par Perrine Dupont, co-autrice de ce livre passionnant. Munis de ses conseils de culture, vous pourrez d\u2019ores et d\u00e9j\u00e0 tenter quelques acclimatations dans votre jardin.<br>Si cette th\u00e9matique (qui fait \u00e9cho \u00e0 celle de <strong>\u00ab&nbsp;Planter des arbres pour les abeilles&nbsp;\u00bb<\/strong>)vous interpelle, alors n\u2019h\u00e9sitez pas, et plantez d\u00e8s \u00e0 pr\u00e9sent les fruitiers de demain.<\/p>\n<div style=\"display:flex; gap:10px;justify-content:center\" class=\"wps-pgfw-pdf-generate-icon__wrapper-frontend\">\n\t\t<a  href=\"http:\/\/srhgx.be\/wordpress\/wp-json\/wp\/v2\/posts\/5028?action=genpdf&amp;id=5028\" class=\"pgfw-single-pdf-download-button\" ><img src=\"http:\/\/srhgx.be\/wordpress\/wp-content\/plugins\/pdf-generator-for-wp\/admin\/src\/images\/PDF_Tray.svg\" title=\"G\u00e9n\u00e9rer un PDF\" style=\"width:auto; height:45px;\"><\/a>\n\t\t<\/div>","protected":false},"excerpt":{"rendered":"<p>Robert KRAN \u00a0\u00a0\u00a0 Perrine DUPONT \u00a0 Mars 2022&nbsp;&nbsp;&nbsp;&nbsp;&nbsp;&nbsp;&nbsp; 26 \u20ac \u00c9ditions&nbsp;: Terre Vivante&nbsp;&nbsp;&nbsp;&nbsp;&nbsp; ISBN : 9782360987160 Comment adapter son verger au changement climatique et conduire un verger au naturel ?&hellip;&nbsp;<a href=\"http:\/\/srhgx.be\/wordpress\/un-jardin-fruitier-pour-demain-adapter-son-verger-au-changement-climatique\/\" rel=\"bookmark\">Lire la suite &raquo;<span class=\"screen-reader-text\">Un jardin fruitier pour demain\u00a0\u00a0\u00a0\u00a0\u00a0\u00a0\u00a0\u00a0\u00a0\u00a0\u00a0\u00a0 Adapter son verger au changement  climatique \u00a0<\/span><\/a><\/p>\n","protected":false},"author":10,"featured_media":478,"comment_status":"closed","ping_status":"closed","sticky":false,"template":"","format":"standard","meta":{"neve_meta_sidebar":"","neve_meta_container":"","neve_meta_enable_content_width":"","neve_meta_content_width":0,"neve_meta_title_alignment":"","neve_meta_author_avatar":"","neve_post_elements_order":"","neve_meta_disable_header":"","neve_meta_disable_footer":"","neve_meta_disable_title":"","footnotes":""},"categories":[146,110,1],"tags":[183,463,303,402],"ppma_author":[447],"class_list":["post-5028","post","type-post","status-publish","format-standard","has-post-thumbnail","hentry","category-documents","category-livre","category-srhgx","tag-arbre-fruitier","tag-changement-climatique","tag-naturel","tag-verger"],"publishpress_future_action":{"enabled":false,"date":"2026-05-06 18:16:26","action":"change-status","newStatus":"draft","terms":[],"taxonomy":"category","extraData":[]},"publishpress_future_workflow_manual_trigger":{"enabledWorkflows":[]},"authors":[{"term_id":447,"user_id":10,"is_guest":0,"slug":"cblancke","display_name":"Christine BLANCKE","avatar_url":"https:\/\/secure.gravatar.com\/avatar\/973b599229553ee0b848ec49ca3de61a676ccbea8c5d03d2f477ac1a73794615?s=96&d=mm&r=g","1":"","2":"","3":"","4":"","5":"","6":"","7":"","8":""}],"_links":{"self":[{"href":"http:\/\/srhgx.be\/wordpress\/wp-json\/wp\/v2\/posts\/5028","targetHints":{"allow":["GET"]}}],"collection":[{"href":"http:\/\/srhgx.be\/wordpress\/wp-json\/wp\/v2\/posts"}],"about":[{"href":"http:\/\/srhgx.be\/wordpress\/wp-json\/wp\/v2\/types\/post"}],"author":[{"embeddable":true,"href":"http:\/\/srhgx.be\/wordpress\/wp-json\/wp\/v2\/users\/10"}],"replies":[{"embeddable":true,"href":"http:\/\/srhgx.be\/wordpress\/wp-json\/wp\/v2\/comments?post=5028"}],"version-history":[{"count":2,"href":"http:\/\/srhgx.be\/wordpress\/wp-json\/wp\/v2\/posts\/5028\/revisions"}],"predecessor-version":[{"id":5071,"href":"http:\/\/srhgx.be\/wordpress\/wp-json\/wp\/v2\/posts\/5028\/revisions\/5071"}],"wp:featuredmedia":[{"embeddable":true,"href":"http:\/\/srhgx.be\/wordpress\/wp-json\/wp\/v2\/media\/478"}],"wp:attachment":[{"href":"http:\/\/srhgx.be\/wordpress\/wp-json\/wp\/v2\/media?parent=5028"}],"wp:term":[{"taxonomy":"category","embeddable":true,"href":"http:\/\/srhgx.be\/wordpress\/wp-json\/wp\/v2\/categories?post=5028"},{"taxonomy":"post_tag","embeddable":true,"href":"http:\/\/srhgx.be\/wordpress\/wp-json\/wp\/v2\/tags?post=5028"},{"taxonomy":"author","embeddable":true,"href":"http:\/\/srhgx.be\/wordpress\/wp-json\/wp\/v2\/ppma_author?post=5028"}],"curies":[{"name":"wp","href":"https:\/\/api.w.org\/{rel}","templated":true}]}}