{"id":5025,"date":"2022-04-18T09:17:45","date_gmt":"2022-04-18T07:17:45","guid":{"rendered":"http:\/\/srhgx.be\/wordpress\/?p=5025"},"modified":"2022-04-18T09:20:36","modified_gmt":"2022-04-18T07:20:36","slug":"planter-des-arbres-pour-les-abeilles-lapi-foresterie-de-demain%ef%bf%bc","status":"publish","type":"post","link":"http:\/\/srhgx.be\/wordpress\/planter-des-arbres-pour-les-abeilles-lapi-foresterie-de-demain%ef%bf%bc\/","title":{"rendered":"Planter des arbres pour les abeilles \u00a0\u00a0\u00a0\u00a0\u00a0 L&rsquo;api-foresterie de demain\ufffc"},"content":{"rendered":"\n<p class=\"has-nv-dark-bg-color has-text-color has-large-font-size\"><strong>DARRICAU Yves\u00a0\u00a0\u00a0\u00a0\u00a0\u00a0\u00a0 <\/strong><\/p>\n\n\n\n<p class=\"has-medium-font-size\"><strong>Janvier 2018&nbsp;&nbsp;&nbsp;&nbsp;&nbsp;&nbsp;&nbsp;&nbsp;&nbsp;&nbsp;&nbsp; 19 \u20ac&nbsp;&nbsp;&nbsp;&nbsp;&nbsp;&nbsp;&nbsp;&nbsp;&nbsp;&nbsp;&nbsp;&nbsp;&nbsp;&nbsp;<\/strong><\/p>\n\n\n\n<p class=\"has-medium-font-size\"><strong>\u00c9DITION<\/strong> &nbsp;:&nbsp;<strong>Terran Editions<\/strong>&nbsp;&nbsp; &nbsp;&nbsp;&nbsp;&nbsp;&nbsp;&nbsp;&nbsp;&nbsp; <strong>ISBN<\/strong> &nbsp;:&nbsp; <strong>9782359810936<\/strong><\/p>\n\n\n\n<figure class=\"wp-block-image size-full\"><img fetchpriority=\"high\" decoding=\"async\" width=\"400\" height=\"459\" src=\"http:\/\/srhgx.be\/wordpress\/wp-content\/uploads\/2022\/04\/image-15.png\" alt=\"\" class=\"wp-image-5026\" srcset=\"http:\/\/srhgx.be\/wordpress\/wp-content\/uploads\/2022\/04\/image-15.png 400w, http:\/\/srhgx.be\/wordpress\/wp-content\/uploads\/2022\/04\/image-15-261x300.png 261w\" sizes=\"(max-width: 400px) 100vw, 400px\" \/><\/figure>\n\n\n\n<p><strong>Plantez des arbres pour que, demain, les pollinisateurs survivent !<\/strong><\/p>\n\n\n\n<p>Nos paysages changent, les plantes souffrent et dessaisonnent, les abeilles disparaissent et leur alimentation devient probl\u00e9matique\u2026 Chacun de nous peut agir et planter pour que, demain, les pollinisateurs survivent et que nos jardins s&rsquo;adaptent et continuent \u00e0 faire r\u00eaver.<\/p>\n\n\n\n<p>Autour de quelque cinquante portraits d&rsquo;arbres, d&rsquo;arbustes et de lianes indig\u00e8nes et exotiques (savonniers, tilleuls, lotus, buddleias, kalopanax, tetradiums, cypr\u00e8s, saules\u2026) se d\u00e9voile une nouvelle diversit\u00e9 v\u00e9g\u00e9tale qui apportera des solutions \u00e9cologiques face au changement climatique, enrichira la palette des amoureux des abeilles et permettra l&rsquo;\u00e9mergence d&rsquo;une api-agroforesterie adapt\u00e9e tant \u00e0 nos jardins qu&rsquo;aux espaces agricoles et urbains. Ces plantes, d\u00e9j\u00e0 exp\u00e9riment\u00e9es, sont choisies, en compl\u00e9ment de la flore usuelle, pour leurs floraisons tardives ou au contraire tr\u00e8s pr\u00e9coces, pour des solutions paysag\u00e8res et \u00e9cologiques adapt\u00e9es aux canicules et aux hivers doux \u00e0 venir, et pour assurer aux abeilles une alimentation saine avec des apports r\u00e9guliers de nectar, de pollen et de r\u00e9sines \u00e0 propolis\u2026<\/p>\n\n\n\n<p>Des v\u00e9g\u00e9taux beaux, faciles \u00e0 vivre, mellif\u00e8res et riches d&rsquo;histoires \u00e0 planter pour demain !<\/p>\n\n\n\n<p class=\"has-medium-font-size\"><a href=\"https:\/\/www.terran.fr\/profile?author=2234\">Darricau  Yves<\/a><\/p>\n<div style=\"display:flex; gap:10px;justify-content:center\" class=\"wps-pgfw-pdf-generate-icon__wrapper-frontend\">\n\t\t<a  href=\"http:\/\/srhgx.be\/wordpress\/wp-json\/wp\/v2\/posts\/5025?action=genpdf&amp;id=5025\" class=\"pgfw-single-pdf-download-button\" ><img src=\"http:\/\/srhgx.be\/wordpress\/wp-content\/plugins\/pdf-generator-for-wp\/admin\/src\/images\/PDF_Tray.svg\" title=\"G\u00e9n\u00e9rer un PDF\" style=\"width:auto; height:45px;\"><\/a>\n\t\t<\/div>","protected":false},"excerpt":{"rendered":"<p>DARRICAU Yves\u00a0\u00a0\u00a0\u00a0\u00a0\u00a0\u00a0 Janvier 2018&nbsp;&nbsp;&nbsp;&nbsp;&nbsp;&nbsp;&nbsp;&nbsp;&nbsp;&nbsp;&nbsp; 19 \u20ac&nbsp;&nbsp;&nbsp;&nbsp;&nbsp;&nbsp;&nbsp;&nbsp;&nbsp;&nbsp;&nbsp;&nbsp;&nbsp;&nbsp; \u00c9DITION &nbsp;:&nbsp;Terran Editions&nbsp;&nbsp; &nbsp;&nbsp;&nbsp;&nbsp;&nbsp;&nbsp;&nbsp;&nbsp; ISBN &nbsp;:&nbsp; 9782359810936 Plantez des arbres pour que, demain, les pollinisateurs survivent ! Nos paysages changent, les plantes souffrent et&hellip;&nbsp;<a href=\"http:\/\/srhgx.be\/wordpress\/planter-des-arbres-pour-les-abeilles-lapi-foresterie-de-demain%ef%bf%bc\/\" rel=\"bookmark\">Lire la suite &raquo;<span class=\"screen-reader-text\">Planter des arbres pour les abeilles \u00a0\u00a0\u00a0\u00a0\u00a0 L&rsquo;api-foresterie de demain\ufffc<\/span><\/a><\/p>\n","protected":false},"author":10,"featured_media":478,"comment_status":"closed","ping_status":"closed","sticky":false,"template":"","format":"standard","meta":{"neve_meta_sidebar":"","neve_meta_container":"","neve_meta_enable_content_width":"","neve_meta_content_width":0,"neve_meta_title_alignment":"","neve_meta_author_avatar":"","neve_post_elements_order":"","neve_meta_disable_header":"","neve_meta_disable_footer":"","neve_meta_disable_title":"","footnotes":""},"categories":[146,110,1],"tags":[225,410,259,521],"ppma_author":[447],"class_list":["post-5025","post","type-post","status-publish","format-standard","has-post-thumbnail","hentry","category-documents","category-livre","category-srhgx","tag-abeilles","tag-apiculture","tag-arbres","tag-foresterie"],"publishpress_future_action":{"enabled":false,"date":"2026-05-06 18:08:01","action":"change-status","newStatus":"draft","terms":[],"taxonomy":"category","extraData":[]},"publishpress_future_workflow_manual_trigger":{"enabledWorkflows":[]},"authors":[{"term_id":447,"user_id":10,"is_guest":0,"slug":"cblancke","display_name":"Christine BLANCKE","avatar_url":"https:\/\/secure.gravatar.com\/avatar\/973b599229553ee0b848ec49ca3de61a676ccbea8c5d03d2f477ac1a73794615?s=96&d=mm&r=g","1":"","2":"","3":"","4":"","5":"","6":"","7":"","8":""}],"_links":{"self":[{"href":"http:\/\/srhgx.be\/wordpress\/wp-json\/wp\/v2\/posts\/5025","targetHints":{"allow":["GET"]}}],"collection":[{"href":"http:\/\/srhgx.be\/wordpress\/wp-json\/wp\/v2\/posts"}],"about":[{"href":"http:\/\/srhgx.be\/wordpress\/wp-json\/wp\/v2\/types\/post"}],"author":[{"embeddable":true,"href":"http:\/\/srhgx.be\/wordpress\/wp-json\/wp\/v2\/users\/10"}],"replies":[{"embeddable":true,"href":"http:\/\/srhgx.be\/wordpress\/wp-json\/wp\/v2\/comments?post=5025"}],"version-history":[{"count":4,"href":"http:\/\/srhgx.be\/wordpress\/wp-json\/wp\/v2\/posts\/5025\/revisions"}],"predecessor-version":[{"id":5065,"href":"http:\/\/srhgx.be\/wordpress\/wp-json\/wp\/v2\/posts\/5025\/revisions\/5065"}],"wp:featuredmedia":[{"embeddable":true,"href":"http:\/\/srhgx.be\/wordpress\/wp-json\/wp\/v2\/media\/478"}],"wp:attachment":[{"href":"http:\/\/srhgx.be\/wordpress\/wp-json\/wp\/v2\/media?parent=5025"}],"wp:term":[{"taxonomy":"category","embeddable":true,"href":"http:\/\/srhgx.be\/wordpress\/wp-json\/wp\/v2\/categories?post=5025"},{"taxonomy":"post_tag","embeddable":true,"href":"http:\/\/srhgx.be\/wordpress\/wp-json\/wp\/v2\/tags?post=5025"},{"taxonomy":"author","embeddable":true,"href":"http:\/\/srhgx.be\/wordpress\/wp-json\/wp\/v2\/ppma_author?post=5025"}],"curies":[{"name":"wp","href":"https:\/\/api.w.org\/{rel}","templated":true}]}}