{"id":4903,"date":"2022-04-06T12:20:14","date_gmt":"2022-04-06T10:20:14","guid":{"rendered":"http:\/\/srhgx.be\/wordpress\/?p=4903"},"modified":"2022-04-07T09:26:56","modified_gmt":"2022-04-07T07:26:56","slug":"foret-comestible-et-haie-fruitiere-n","status":"publish","type":"post","link":"http:\/\/srhgx.be\/wordpress\/foret-comestible-et-haie-fruitiere-n\/","title":{"rendered":"For\u00eat comestible et haie fruiti\u00e8re"},"content":{"rendered":"\n<p><strong>Cr\u00e9er un jardin nourricier multi-\u00e9tag\u00e9<\/strong><\/p>\n\n\n\n<p class=\"has-nv-dark-bg-color has-text-color has-large-font-size\"><strong>Antoine TALIN&nbsp;&nbsp; <\/strong><\/p>\n\n\n\n<p class=\"has-medium-font-size\"><strong>Avril 2021&nbsp;&nbsp;&nbsp;&nbsp;&nbsp;&nbsp;&nbsp; 19,90 \u20ac&nbsp;&nbsp;&nbsp; <\/strong><\/p>\n\n\n\n<p class=\"has-medium-font-size\"><strong>\u00c9ditions&nbsp;: Ulmer<\/strong>                        <strong>ISBN :&nbsp;9782379221637<\/strong><\/p>\n\n\n\n<figure class=\"wp-block-image size-full\"><img fetchpriority=\"high\" decoding=\"async\" width=\"340\" height=\"340\" src=\"http:\/\/srhgx.be\/wordpress\/wp-content\/uploads\/2022\/04\/image-1.png\" alt=\"\" class=\"wp-image-4904\" srcset=\"http:\/\/srhgx.be\/wordpress\/wp-content\/uploads\/2022\/04\/image-1.png 340w, http:\/\/srhgx.be\/wordpress\/wp-content\/uploads\/2022\/04\/image-1-300x300.png 300w, http:\/\/srhgx.be\/wordpress\/wp-content\/uploads\/2022\/04\/image-1-150x150.png 150w\" sizes=\"(max-width: 340px) 100vw, 340px\" \/><\/figure>\n\n\n\n<p><strong>Cr\u00e9er un jardin-for\u00eat ou une haie fruiti\u00e8re en climat temp\u00e9r\u00e9, m\u00e9diterran\u00e9en et montagnard<\/strong><\/p>\n\n\n\n<p><strong>Toutes les cl\u00e9s pour concevoir et cr\u00e9er une for\u00eat-jardin ou une haie fruiti\u00e8re et obtenir un jardin naturellement intensif.<\/strong><\/p>\n\n\n\n<p>Le jardin-for\u00eat, la for\u00eat comestible ou nourrici\u00e8re, le verger permaculturel ou la haie fruiti\u00e8re, peu importe le nom, le principe est sensiblement le m\u00eame. Il s&rsquo;agit de s&rsquo;inspirer des \u00e9cosyst\u00e8mes forestiers, ou plus exactement des lisi\u00e8res, pour cr\u00e9er un jardin multi-\u00e9tag\u00e9 et nourricier. En valorisant ainsi l&rsquo;espace dans ses trois dimensions, ce principe permet d&rsquo;augmenter la productivit\u00e9 par surface et d&rsquo;obtenir un jardin naturellement intensif. Le jardin-for\u00eat est au c\u0153ur des design permaculturels actuels.<br><br><\/p>\n\n\n\n<p><strong>Antoine TALIN <\/strong>est architecte-paysagiste de formation, jardinier-p\u00e9pini\u00e9riste, et dipl\u00f4m\u00e9 en permaculture appliqu\u00e9e. Il donne dans ce livre toutes les cl\u00e9s pour les concevoir, quelles que soient les conditions de froid ou de s\u00e9cheresse susceptibles de s\u00e9vir chez nous.<\/p>\n\n\n\n<p>Les solutions qu&rsquo;il propose permettent de cr\u00e9er des jardins agro-forestiers adapt\u00e9s aux changements climatiques et d&rsquo;en limiter les effets.<\/p>\n\n\n\n<p>Il a fond\u00e9 en 2010 l&rsquo;Atelier des Alv\u00e9oles, dans la Dr\u00f4me.<\/p>\n\n\n\n<p>Sp\u00e9cialis\u00e9 dans le design de paysage, Antoine Talin est passionn\u00e9 par la cr\u00e9ation de syst\u00e8mes vertueux et r\u00e9g\u00e9n\u00e9ratifs, associant transition socio-\u00e9conomique et am\u00e9nagements agro-\u00e9cologiques.<\/p>\n\n\n\n<p>Il a, \u00e0 ce jour, anim\u00e9 plus de 50 formations en France et \u00e0 l&rsquo;\u00e9tranger. Il habite Cobonne dans la Dr\u00f4me (26).<\/p>\n<div style=\"display:flex; gap:10px;justify-content:center\" class=\"wps-pgfw-pdf-generate-icon__wrapper-frontend\">\n\t\t<a  href=\"http:\/\/srhgx.be\/wordpress\/wp-json\/wp\/v2\/posts\/4903?action=genpdf&amp;id=4903\" class=\"pgfw-single-pdf-download-button\" ><img src=\"http:\/\/srhgx.be\/wordpress\/wp-content\/plugins\/pdf-generator-for-wp\/admin\/src\/images\/PDF_Tray.svg\" title=\"G\u00e9n\u00e9rer un PDF\" style=\"width:auto; height:45px;\"><\/a>\n\t\t<\/div>","protected":false},"excerpt":{"rendered":"<p>Cr\u00e9er un jardin nourricier multi-\u00e9tag\u00e9 Antoine TALIN&nbsp;&nbsp; Avril 2021&nbsp;&nbsp;&nbsp;&nbsp;&nbsp;&nbsp;&nbsp; 19,90 \u20ac&nbsp;&nbsp;&nbsp; \u00c9ditions&nbsp;: Ulmer ISBN :&nbsp;9782379221637 Cr\u00e9er un jardin-for\u00eat ou une haie fruiti\u00e8re en climat temp\u00e9r\u00e9, m\u00e9diterran\u00e9en et montagnard Toutes les&hellip;&nbsp;<a href=\"http:\/\/srhgx.be\/wordpress\/foret-comestible-et-haie-fruitiere-n\/\" rel=\"bookmark\">Lire la suite &raquo;<span class=\"screen-reader-text\">For\u00eat comestible et haie fruiti\u00e8re<\/span><\/a><\/p>\n","protected":false},"author":10,"featured_media":783,"comment_status":"closed","ping_status":"closed","sticky":false,"template":"","format":"standard","meta":{"neve_meta_sidebar":"","neve_meta_container":"","neve_meta_enable_content_width":"","neve_meta_content_width":0,"neve_meta_title_alignment":"","neve_meta_author_avatar":"","neve_post_elements_order":"","neve_meta_disable_header":"","neve_meta_disable_footer":"","neve_meta_disable_title":"","footnotes":""},"categories":[146,110,1],"tags":[353,508,383],"ppma_author":[447],"class_list":["post-4903","post","type-post","status-publish","format-standard","has-post-thumbnail","hentry","category-documents","category-livre","category-srhgx","tag-foret","tag-haie-fruitiere","tag-haies"],"publishpress_future_action":{"enabled":false,"date":"2026-05-07 13:20:23","action":"change-status","newStatus":"draft","terms":[],"taxonomy":"category","extraData":[]},"publishpress_future_workflow_manual_trigger":{"enabledWorkflows":[]},"authors":[{"term_id":447,"user_id":10,"is_guest":0,"slug":"cblancke","display_name":"Christine BLANCKE","avatar_url":"https:\/\/secure.gravatar.com\/avatar\/973b599229553ee0b848ec49ca3de61a676ccbea8c5d03d2f477ac1a73794615?s=96&d=mm&r=g","1":"","2":"","3":"","4":"","5":"","6":"","7":"","8":""}],"_links":{"self":[{"href":"http:\/\/srhgx.be\/wordpress\/wp-json\/wp\/v2\/posts\/4903","targetHints":{"allow":["GET"]}}],"collection":[{"href":"http:\/\/srhgx.be\/wordpress\/wp-json\/wp\/v2\/posts"}],"about":[{"href":"http:\/\/srhgx.be\/wordpress\/wp-json\/wp\/v2\/types\/post"}],"author":[{"embeddable":true,"href":"http:\/\/srhgx.be\/wordpress\/wp-json\/wp\/v2\/users\/10"}],"replies":[{"embeddable":true,"href":"http:\/\/srhgx.be\/wordpress\/wp-json\/wp\/v2\/comments?post=4903"}],"version-history":[{"count":5,"href":"http:\/\/srhgx.be\/wordpress\/wp-json\/wp\/v2\/posts\/4903\/revisions"}],"predecessor-version":[{"id":4928,"href":"http:\/\/srhgx.be\/wordpress\/wp-json\/wp\/v2\/posts\/4903\/revisions\/4928"}],"wp:featuredmedia":[{"embeddable":true,"href":"http:\/\/srhgx.be\/wordpress\/wp-json\/wp\/v2\/media\/783"}],"wp:attachment":[{"href":"http:\/\/srhgx.be\/wordpress\/wp-json\/wp\/v2\/media?parent=4903"}],"wp:term":[{"taxonomy":"category","embeddable":true,"href":"http:\/\/srhgx.be\/wordpress\/wp-json\/wp\/v2\/categories?post=4903"},{"taxonomy":"post_tag","embeddable":true,"href":"http:\/\/srhgx.be\/wordpress\/wp-json\/wp\/v2\/tags?post=4903"},{"taxonomy":"author","embeddable":true,"href":"http:\/\/srhgx.be\/wordpress\/wp-json\/wp\/v2\/ppma_author?post=4903"}],"curies":[{"name":"wp","href":"https:\/\/api.w.org\/{rel}","templated":true}]}}