{"id":4723,"date":"2022-03-01T09:36:55","date_gmt":"2022-03-01T08:36:55","guid":{"rendered":"http:\/\/srhgx.be\/wordpress\/?p=4723"},"modified":"2022-03-01T09:36:57","modified_gmt":"2022-03-01T08:36:57","slug":"cycle-de-formations-pour-les-jardiniers-curieux","status":"publish","type":"post","link":"http:\/\/srhgx.be\/wordpress\/cycle-de-formations-pour-les-jardiniers-curieux\/","title":{"rendered":"Cycle de formations pour les jardiniers curieux"},"content":{"rendered":"\n<p><strong>Adalia 2.0 vous propose de participer \u00e0 une s\u00e9rie de formations&nbsp;gratuites \u00e0 destination des jardiniers amateurs&nbsp;autour des th\u00e8mes suivants : le jardin naturel, le potager \u00e9co-responsable, les alternatives aux pesticides, la biodiversit\u00e9, \u2026&nbsp;<\/strong><\/p>\n\n\n\n<p>Nous y donnons nos conseils afin de r\u00e9pondre aux questions fr\u00e9quentes qui nous sont pos\u00e9es. Ce cycle permettra&nbsp;\u00e0 toute&nbsp;personne curieuse de <strong>se former au jardinage sans pesticides afin d\u2019inviter plus de nature chez soi<\/strong>.&nbsp;<\/p>\n\n\n\n<p>Au vu des conditions sanitaires actuelles, les formations seront donn\u00e9es dans un premier temps <strong>sous forme de visio-conf\u00e9rences via Zoom, en soir\u00e9e<\/strong>. La formule \u00e9voluera en fonction de la situation.&nbsp;<\/p>\n\n\n\n<p><strong>Ne manquez pas notre prochain cycle de formation en 2022 !<\/strong><\/p>\n\n\n\n<ul class=\"wp-block-list\"><li>Mardi&nbsp;<a href=\"https:\/\/docs.google.com\/forms\/d\/e\/1FAIpQLSdSdF-ezezYgWT8PEAuYmk110RQBht8cSY6iVXiqNqhsFqvFA\/viewform\" target=\"_blank\" rel=\"noreferrer noopener\"><em>22 Mars : Comment accueillir les insectes pollinisateurs au jardin ? Ma\u00eft\u00e9 Loute<\/em><\/a><\/li><li>Mardi&nbsp;<a href=\"https:\/\/docs.google.com\/forms\/d\/e\/1FAIpQLSfChf99w8WRhXG5_oOKhVt8rvJtDCYujmOLzFlAqhTdLyQXBw\/viewform\" target=\"_blank\" rel=\"noreferrer noopener\"><em>26 Avril : Comment valoriser ses d\u00e9chets verts avec le compost ? &#8211; Vincent Gobbe&nbsp;<\/em><\/a><\/li><li>Lundi&nbsp;<a href=\"https:\/\/docs.google.com\/forms\/d\/e\/1FAIpQLSdp72mtkdoTk9FYW1nISl2Frhw0c4v6yBKr4mjqwGaUhEeW7g\/viewform\" target=\"_blank\" rel=\"noreferrer noopener\"><em>16 Mai :&nbsp;Les tracas au potager: identification et lutte \u00e9cologique ?&nbsp;&#8211; Bastien Domken<\/em><\/a><\/li><li>Mardi <em><a href=\"https:\/\/docs.google.com\/forms\/d\/e\/1FAIpQLSeGrX1_8_XMRyQYI6803gum2upxDGkEj6gKlMRRBhVTyhC_zg\/viewform\" target=\"_blank\" rel=\"noreferrer noopener\">24 Mai : A la d\u00e9couverte des abeilles sauvages &#8211; Pierre-Laurent Zerck<\/a><\/em><\/li><li>Lundi <a href=\"https:\/\/docs.google.com\/forms\/d\/e\/1FAIpQLSfMHUDtnunOMJU9GICXKLUYdkQqrhejw3UZBo1QMjirCFIdlg\/viewform\" target=\"_blank\" rel=\"noreferrer noopener\"><em>13 Juin : Comment d\u00e9sherber autrement son trottoir et son jardin ? &#8211; Bastien Domken<\/em><\/a><\/li><\/ul>\n\n\n\n<p>Informations &amp; inscription : Ad\u00e9la\u00efde Germeau &#8211; adelaide@adalia.be<\/p>\n\n\n\n<p>&nbsp;<strong>Vous n&rsquo;avez pas eu l&rsquo;occasion de participer \u00e0 une de nos formations ? Retrouvez nos webinaires sur notre cha\u00eene YouTube !&nbsp;<\/strong><\/p>\n\n\n\n<p>Cliquez sur la formation que vous souhaitez visionner:<\/p>\n\n\n\n<ul class=\"wp-block-list\"><li><strong>&nbsp;<a href=\"https:\/\/youtu.be\/wvfIPZfKS9U\" target=\"_blank\" rel=\"noreferrer noopener\">Comment entretenir son gazon naturellement ?&nbsp;<\/a><\/strong><\/li><li><strong>&nbsp;<a href=\"https:\/\/youtu.be\/99po3GPZ9dc\" target=\"_blank\" rel=\"noreferrer noopener\">Comment accueillir les animaux auxiliaires au jardin ?&nbsp;<\/a><\/strong><\/li><li><strong>&nbsp;<a href=\"https:\/\/youtu.be\/q_uZTa1fego\" target=\"_blank\" rel=\"noreferrer noopener\">Comment reconna\u00eetre et combattre les plantes invasives ?&nbsp;<\/a><\/strong><\/li><\/ul>\n<div style=\"display:flex; gap:10px;justify-content:center\" class=\"wps-pgfw-pdf-generate-icon__wrapper-frontend\">\n\t\t<a  href=\"http:\/\/srhgx.be\/wordpress\/wp-json\/wp\/v2\/posts\/4723?action=genpdf&amp;id=4723\" class=\"pgfw-single-pdf-download-button\" ><img src=\"http:\/\/srhgx.be\/wordpress\/wp-content\/plugins\/pdf-generator-for-wp\/admin\/src\/images\/PDF_Tray.svg\" title=\"G\u00e9n\u00e9rer un PDF\" style=\"width:auto; height:45px;\"><\/a>\n\t\t<\/div>","protected":false},"excerpt":{"rendered":"<p>Adalia 2.0 vous propose de participer \u00e0 une s\u00e9rie de formations&nbsp;gratuites \u00e0 destination des jardiniers amateurs&nbsp;autour des th\u00e8mes suivants : le jardin naturel, le potager \u00e9co-responsable, les alternatives aux pesticides,&hellip;&nbsp;<a href=\"http:\/\/srhgx.be\/wordpress\/cycle-de-formations-pour-les-jardiniers-curieux\/\" rel=\"bookmark\">Lire la suite &raquo;<span class=\"screen-reader-text\">Cycle de formations pour les jardiniers curieux<\/span><\/a><\/p>\n","protected":false},"author":10,"featured_media":4188,"comment_status":"closed","ping_status":"closed","sticky":false,"template":"","format":"standard","meta":{"neve_meta_sidebar":"","neve_meta_container":"","neve_meta_enable_content_width":"","neve_meta_content_width":0,"neve_meta_title_alignment":"","neve_meta_author_avatar":"","neve_post_elements_order":"","neve_meta_disable_header":"","neve_meta_disable_footer":"","neve_meta_disable_title":"","footnotes":""},"categories":[115,432,1],"tags":[134,169],"ppma_author":[447],"class_list":["post-4723","post","type-post","status-publish","format-standard","has-post-thumbnail","hentry","category-conseils","category-cours-et-formation","category-srhgx","tag-formation","tag-jardinier"],"publishpress_future_action":{"enabled":false,"date":"2026-05-04 06:01:14","action":"change-status","newStatus":"draft","terms":[],"taxonomy":"category","extraData":[]},"publishpress_future_workflow_manual_trigger":{"enabledWorkflows":[]},"authors":[{"term_id":447,"user_id":10,"is_guest":0,"slug":"cblancke","display_name":"Christine BLANCKE","avatar_url":"https:\/\/secure.gravatar.com\/avatar\/973b599229553ee0b848ec49ca3de61a676ccbea8c5d03d2f477ac1a73794615?s=96&d=mm&r=g","1":"","2":"","3":"","4":"","5":"","6":"","7":"","8":""}],"_links":{"self":[{"href":"http:\/\/srhgx.be\/wordpress\/wp-json\/wp\/v2\/posts\/4723","targetHints":{"allow":["GET"]}}],"collection":[{"href":"http:\/\/srhgx.be\/wordpress\/wp-json\/wp\/v2\/posts"}],"about":[{"href":"http:\/\/srhgx.be\/wordpress\/wp-json\/wp\/v2\/types\/post"}],"author":[{"embeddable":true,"href":"http:\/\/srhgx.be\/wordpress\/wp-json\/wp\/v2\/users\/10"}],"replies":[{"embeddable":true,"href":"http:\/\/srhgx.be\/wordpress\/wp-json\/wp\/v2\/comments?post=4723"}],"version-history":[{"count":1,"href":"http:\/\/srhgx.be\/wordpress\/wp-json\/wp\/v2\/posts\/4723\/revisions"}],"predecessor-version":[{"id":4724,"href":"http:\/\/srhgx.be\/wordpress\/wp-json\/wp\/v2\/posts\/4723\/revisions\/4724"}],"wp:featuredmedia":[{"embeddable":true,"href":"http:\/\/srhgx.be\/wordpress\/wp-json\/wp\/v2\/media\/4188"}],"wp:attachment":[{"href":"http:\/\/srhgx.be\/wordpress\/wp-json\/wp\/v2\/media?parent=4723"}],"wp:term":[{"taxonomy":"category","embeddable":true,"href":"http:\/\/srhgx.be\/wordpress\/wp-json\/wp\/v2\/categories?post=4723"},{"taxonomy":"post_tag","embeddable":true,"href":"http:\/\/srhgx.be\/wordpress\/wp-json\/wp\/v2\/tags?post=4723"},{"taxonomy":"author","embeddable":true,"href":"http:\/\/srhgx.be\/wordpress\/wp-json\/wp\/v2\/ppma_author?post=4723"}],"curies":[{"name":"wp","href":"https:\/\/api.w.org\/{rel}","templated":true}]}}