{"id":4720,"date":"2022-03-01T09:38:50","date_gmt":"2022-03-01T08:38:50","guid":{"rendered":"http:\/\/srhgx.be\/wordpress\/?p=4720"},"modified":"2025-05-21T08:52:48","modified_gmt":"2025-05-21T06:52:48","slug":"enquete-publique-sur-le-plan-de-reduction-des-pesticides","status":"publish","type":"post","link":"http:\/\/srhgx.be\/wordpress\/enquete-publique-sur-le-plan-de-reduction-des-pesticides\/","title":{"rendered":"Enqu\u00eate publique sur le Plan de r\u00e9duction des pesticides"},"content":{"rendered":"\n<p>01\/02\/2022<\/p>\n\n\n\n<figure class=\"wp-block-image size-full\"><img fetchpriority=\"high\" decoding=\"async\" width=\"196\" height=\"257\" src=\"http:\/\/srhgx.be\/wordpress\/wp-content\/uploads\/2022\/02\/image-33.png\" alt=\"\" class=\"wp-image-4721\"\/><\/figure>\n\n\n\n<p><strong>Du 17 janvier au 20 mars 2022, le Programme Wallon de R\u00e9duction des Pesticides vous invite \u00e0 participer \u00e0 une grande enqu\u00eate publique dans le cadre du Plan d\u2019Action National de R\u00e9duction des Pesticides (NAPAN).<\/strong><strong><\/strong><\/p>\n\n\n\n<p>En Wallonie, depuis 2013, les r\u00e8gles concernant l&rsquo;usage des pesticides sont d\u00e9finies dans le&nbsp;<a href=\"https:\/\/agriculture.wallonie.be\/documents\/43013\/0\/20180329_PWRP_II_approuv%C3%A9+GW.pdf\/73702d5e-7af3-438b-9051-ced6866212cc\">Programme Wallon de R\u00e9duction des Pesticides<\/a>&nbsp;(PWRP).<\/p>\n\n\n\n<p>Que vous soyez professionnels ou particuliers, les autorit\u00e9s f\u00e9d\u00e9rales et r\u00e9gionales ont besoin de vous&nbsp;!<\/p>\n\n\n\n<p>Le PWRP vous invite \u00e0 participer \u00e0 l\u2019enqu\u00eate publique sur le Programme 2023-2027. Ce programme vise \u00e0 r\u00e9duire l\u2019utilisation des pesticides et leurs impacts sur l\u2019environnement et la sant\u00e9 publique, au travers d\u2019actions vari\u00e9es (formation, sensibilisation, r\u00e8glementation, accompagnement, \u00e9tudes, etc.), s\u2019adressant aussi bien aux professionnels (agriculture, secteurs verts, public et priv\u00e9) qu\u2019aux particuliers.<\/p>\n\n\n\n<p>Vous pouvez partager votre avis sur les&nbsp;actions propos\u00e9es pour parvenir \u00e0 une utilisation des pesticides compatibles avec le d\u00e9veloppement durable, via la plateforme de consultation en ligne <a href=\"https:\/\/napan.monopinion.belgium.be\/\">napan.monopinion.belgium.be<\/a>. Cette plateforme reprend les actions nationales, f\u00e9d\u00e9rales et r\u00e9gionales.<\/p>\n\n\n\n<p>Vos observations \u00e9crites (dat\u00e9es et sign\u00e9es) peuvent \u00e9galement \u00eatre envoy\u00e9es&nbsp;:<\/p>\n\n\n\n<p>&#8211; par email&nbsp;: napan@health.fgov.be ou<br>&#8211; par la poste au Dr Ir Vincent Van Bol, SPF Sant\u00e9 Publique, Service Produits phytopharmaceutiques et Fertilisants, Avenue Galil\u00e9e, 5\/2, 1210 Bruxelles.<\/p>\n\n\n\n<p>L\u2019enqu\u00eate publique commence <strong>le 17 janvier 2022 se cl\u00f4ture le 20 mars 2022.<\/strong><\/p>\n\n\n\n<p><\/p>\n<div style=\"display:flex; gap:10px;justify-content:center\" class=\"wps-pgfw-pdf-generate-icon__wrapper-frontend\">\n\t\t<a  href=\"http:\/\/srhgx.be\/wordpress\/wp-json\/wp\/v2\/posts\/4720?action=genpdf&amp;id=4720\" class=\"pgfw-single-pdf-download-button\" ><img src=\"http:\/\/srhgx.be\/wordpress\/wp-content\/plugins\/pdf-generator-for-wp\/admin\/src\/images\/PDF_Tray.svg\" title=\"G\u00e9n\u00e9rer un PDF\" style=\"width:auto; height:45px;\"><\/a>\n\t\t<\/div>","protected":false},"excerpt":{"rendered":"<p>01\/02\/2022 Du 17 janvier au 20 mars 2022, le Programme Wallon de R\u00e9duction des Pesticides vous invite \u00e0 participer \u00e0 une grande enqu\u00eate publique dans le cadre du Plan d\u2019Action&hellip;&nbsp;<a href=\"http:\/\/srhgx.be\/wordpress\/enquete-publique-sur-le-plan-de-reduction-des-pesticides\/\" rel=\"bookmark\">Lire la suite &raquo;<span class=\"screen-reader-text\">Enqu\u00eate publique sur le Plan de r\u00e9duction des pesticides<\/span><\/a><\/p>\n","protected":false},"author":10,"featured_media":0,"comment_status":"closed","ping_status":"closed","sticky":false,"template":"","format":"standard","meta":{"neve_meta_sidebar":"","neve_meta_container":"","neve_meta_enable_content_width":"","neve_meta_content_width":0,"neve_meta_title_alignment":"","neve_meta_author_avatar":"","neve_post_elements_order":"","neve_meta_disable_header":"","neve_meta_disable_footer":"","neve_meta_disable_title":"","footnotes":""},"categories":[115,432,1,1326],"tags":[503,105,494],"ppma_author":[447],"class_list":["post-4720","post","type-post","status-publish","format-standard","hentry","category-conseils","category-cours-et-formation","category-srhgx","category-to-check","tag-enquete-publique","tag-pesticides","tag-sans-pesticides"],"publishpress_future_action":{"enabled":false,"date":"2026-05-06 19:54:52","action":"change-status","newStatus":"draft","terms":[],"taxonomy":"category","extraData":[]},"publishpress_future_workflow_manual_trigger":{"enabledWorkflows":[]},"authors":[{"term_id":447,"user_id":10,"is_guest":0,"slug":"cblancke","display_name":"Christine BLANCKE","avatar_url":"https:\/\/secure.gravatar.com\/avatar\/973b599229553ee0b848ec49ca3de61a676ccbea8c5d03d2f477ac1a73794615?s=96&d=mm&r=g","1":"","2":"","3":"","4":"","5":"","6":"","7":"","8":""}],"_links":{"self":[{"href":"http:\/\/srhgx.be\/wordpress\/wp-json\/wp\/v2\/posts\/4720","targetHints":{"allow":["GET"]}}],"collection":[{"href":"http:\/\/srhgx.be\/wordpress\/wp-json\/wp\/v2\/posts"}],"about":[{"href":"http:\/\/srhgx.be\/wordpress\/wp-json\/wp\/v2\/types\/post"}],"author":[{"embeddable":true,"href":"http:\/\/srhgx.be\/wordpress\/wp-json\/wp\/v2\/users\/10"}],"replies":[{"embeddable":true,"href":"http:\/\/srhgx.be\/wordpress\/wp-json\/wp\/v2\/comments?post=4720"}],"version-history":[{"count":3,"href":"http:\/\/srhgx.be\/wordpress\/wp-json\/wp\/v2\/posts\/4720\/revisions"}],"predecessor-version":[{"id":4744,"href":"http:\/\/srhgx.be\/wordpress\/wp-json\/wp\/v2\/posts\/4720\/revisions\/4744"}],"wp:attachment":[{"href":"http:\/\/srhgx.be\/wordpress\/wp-json\/wp\/v2\/media?parent=4720"}],"wp:term":[{"taxonomy":"category","embeddable":true,"href":"http:\/\/srhgx.be\/wordpress\/wp-json\/wp\/v2\/categories?post=4720"},{"taxonomy":"post_tag","embeddable":true,"href":"http:\/\/srhgx.be\/wordpress\/wp-json\/wp\/v2\/tags?post=4720"},{"taxonomy":"author","embeddable":true,"href":"http:\/\/srhgx.be\/wordpress\/wp-json\/wp\/v2\/ppma_author?post=4720"}],"curies":[{"name":"wp","href":"https:\/\/api.w.org\/{rel}","templated":true}]}}