{"id":4484,"date":"2022-02-04T10:47:08","date_gmt":"2022-02-04T09:47:08","guid":{"rendered":"http:\/\/srhgx.be\/wordpress\/?p=4484"},"modified":"2022-02-04T10:51:53","modified_gmt":"2022-02-04T09:51:53","slug":"adapter-son-jardin-au-changement-climatique-etat-des-lieux-et-solutions","status":"publish","type":"post","link":"http:\/\/srhgx.be\/wordpress\/adapter-son-jardin-au-changement-climatique-etat-des-lieux-et-solutions\/","title":{"rendered":"Adapter son jardin au changement climatique \u2013 \u00c9tat des lieux et solutions \u00a0\u00a0\u00a0\u00a0"},"content":{"rendered":"\n<p class=\"has-text-color has-large-font-size\" style=\"color:#061ea8\"><strong>J\u00e9r\u00f4me<\/strong> <strong>JULLIEN <\/strong> &nbsp;&nbsp;&nbsp;&nbsp;&nbsp;&nbsp;<\/p>\n\n\n\n<p class=\"has-medium-font-size\"><strong>Mai 2021&nbsp;&nbsp;&nbsp;&nbsp;&nbsp;&nbsp;&nbsp;&nbsp; 28 \u20ac<\/strong><\/p>\n\n\n\n<p class=\"has-medium-font-size\"><strong>\u00c9diteur : Eyrolles ISBN13&nbsp;: 978-2-416-00126-0<\/strong><\/p>\n\n\n\n<p><\/p>\n\n\n\n<figure class=\"wp-block-image size-full\"><img fetchpriority=\"high\" decoding=\"async\" width=\"290\" height=\"395\" src=\"http:\/\/srhgx.be\/wordpress\/wp-content\/uploads\/2022\/02\/image.png\" alt=\"\" class=\"wp-image-4485\" srcset=\"http:\/\/srhgx.be\/wordpress\/wp-content\/uploads\/2022\/02\/image.png 290w, http:\/\/srhgx.be\/wordpress\/wp-content\/uploads\/2022\/02\/image-220x300.png 220w\" sizes=\"(max-width: 290px) 100vw, 290px\" \/><\/figure>\n\n\n\n<p class=\"has-medium-font-size\"><strong>Un plan climat pour votre jardin&nbsp;: agissons ensemble d\u00e8s aujourd&rsquo;hui&nbsp;!<\/strong><\/p>\n\n\n\n<p>Tous les jardiniers peuvent t\u00e9moigner de l&rsquo;impact du changement climatique dans leur jardin, avec des effets qui s&rsquo;aggravent d&rsquo;ann\u00e9e en ann\u00e9e et qui vont bien au-del\u00e0 des probl\u00e8mes de s\u00e9cheresse.<\/p>\n\n\n\n<p>Le rythme des saisons est perturb\u00e9, avec des hivers moins froids qui privent de repos v\u00e9g\u00e9tatif les esp\u00e8ces qui le requi\u00e8rent, des floraisons trop pr\u00e9coces, souvent expos\u00e9es \u00e0 des gel\u00e9es d\u00e9vastatrices, des p\u00e9riodes de chaleur et de s\u00e9cheresse marqu\u00e9es d\u00e8s le printemps puis durant tout l&rsquo;\u00e9t\u00e9, des automnes souvent peu arros\u00e9s, mais localement soumis \u00e0 des orages intenses.<\/p>\n\n\n\n<p>Ce d\u00e9r\u00e8glement provoque des stress, favorise le d\u00e9veloppement de nouvelles maladies, de ravageurs \u00e9mergents et de plantes invasives d&rsquo;origine exotique qui p\u00e9nalisent les efforts des jardiniers pour embellir leur cadre de vie ou produire des fruits et l\u00e9gumes. Certaines esp\u00e8ces v\u00e9g\u00e9tales ne sont plus adapt\u00e9es \u00e0 leur r\u00e9gion d&rsquo;origine, et on observe leur progression du Sud vers le Nord et des plaines vers les zones d&rsquo;altitude.<\/p>\n\n\n\n<p class=\"has-medium-font-size\">Cet ouvrage r\u00e9pertorie ces diff\u00e9rents effets du r\u00e9chauffement climatique et propose des solutions concr\u00e8tes en ville comme \u00e0 la campagne&nbsp;:<\/p>\n\n\n\n<ul class=\"has-medium-font-size wp-block-list\"><li>mesures en faveur de la biodiversit\u00e9 locale&nbsp;;<\/li><li>choix d&rsquo;esp\u00e8ces v\u00e9g\u00e9tales mieux adapt\u00e9es aux nouvelles contraintes pour chacune des zones bioclimatiques fran\u00e7aises (index d\u00e9taill\u00e9 en fin d&rsquo;ouvrage)&nbsp;;<\/li><li>adaptation des semis et des plantations&nbsp;;<\/li><li>pr\u00e9vention des risques m\u00e9t\u00e9o et optimisation de l&rsquo;eau d&rsquo;arrosage.<\/li><\/ul>\n\n\n\n<p>Tous les jardiniers peuvent t\u00e9moigner de l&rsquo;impact du changement climatique sur les plantes cultiv\u00e9es et sur leurs pratiques, avec des effets qui s&rsquo;accentuent d&rsquo;ann\u00e9e en ann\u00e9e, et qui vont bien au-del\u00e0 des seuls probl\u00e8mes de s\u00e9cheresse. Le rythme des saisons est perturb\u00e9, avec des hivers pluvieux et moins froids qui privent de repos v\u00e9g\u00e9tatif les arbres, arbustes et plantes vivaces, des floraisons trop pr\u00e9coces expos\u00e9es \u00e0 des gel\u00e9es tardives d\u00e9vastatrices, des p\u00e9riodes de chaleur marqu\u00e9es d\u00e8s le printemps, des s\u00e9cheresses estivales prolong\u00e9es, ainsi que des automnes souvent peu arros\u00e9s. Ce d\u00e9r\u00e8glement favorise le d\u00e9veloppement de nouvelles maladies, de ravageurs \u00e9mergents et de plantes invasives d&rsquo;origine exotique qui menacent les \u00e9cosyst\u00e8mes et p\u00e9nalisent les efforts des jardiniers pour embellir leur cadre de vie ou produire des fruits et l\u00e9gumes. Certaines esp\u00e8ces v\u00e9g\u00e9tales ne sont plus adapt\u00e9es \u00e0 leur r\u00e9gion d&rsquo;origine, avec un glissement du Sud vers le Nord et des plaines vers les zones d&rsquo;altitude. Cet ouvrage r\u00e9pertorie les facteurs et les diff\u00e9rents effets du r\u00e9chauffement climatique. Il propose ensuite des solutions op\u00e9rationnelles et efficaces pour augmenter la r\u00e9silience \u00e9cologique des jardins, qu&rsquo;il s&rsquo;agisse de mesures concr\u00e8tes en faveur de la biodiversit\u00e9 (abeilles, oiseaux, vers de terre, auxiliaires&#8230;), de l&rsquo;adaptation du calendrier des semis et des plantations, du choix d&rsquo;esp\u00e8ces v\u00e9g\u00e9tales mieux adapt\u00e9es \u00e0 ces nouvelles contraintes pour chacune des zones bioclimatiques fran\u00e7aises, de la r\u00e9organisation du jardin, des bonnes pratiques de culture, de la pr\u00e9vention des risques m\u00e9t\u00e9o (aridit\u00e9, canicule, gel tardif, vent violent, salinisation des sols&#8230;)ou de l&rsquo;optimisation de l&rsquo;eau d&rsquo;arrosage.<strong><\/strong><\/p>\n\n\n\n<p>Pas un mois sans que les d\u00e9g\u00e2ts sur les cultures l\u00e9gumi\u00e8res, fruiti\u00e8res ou viticoles occasionn\u00e9s par les cons\u00e9quences du d\u00e9r\u00e8glement climatique fassent la une de l\u2019actualit\u00e9. \u00c0 leur \u00e9chelle, tous les jardiniers peuvent t\u00e9moigner de l\u2019impact de ce changement global, avec des effets qui s\u2019aggravent d\u2019ann\u00e9e en ann\u00e9e et qui vont bien au-del\u00e0 des seuls probl\u00e8mes de s\u00e9cheresse.<br>Le rythme des saisons est perturb\u00e9, avec des hivers moins froids qui privent de repos v\u00e9g\u00e9tatif les esp\u00e8ces qui le requi\u00e8rent, des floraisons trop pr\u00e9coces, souvent expos\u00e9es \u00e0 des gel\u00e9es d\u00e9vastatrices, des p\u00e9riodes de chaleur et de s\u00e9cheresse marqu\u00e9es d\u00e8s le printemps puis durant tout l\u2019\u00e9t\u00e9, des automnes souvent peu arros\u00e9s, mais localement soumis \u00e0 des orages intenses.<\/p>\n\n\n\n<p>Ce d\u00e9r\u00e8glement provoque des stress, favorise le d\u00e9veloppement de nouvelles maladies, de ravageurs \u00e9mergents et de plantes invasives d\u2019origine exotique qui p\u00e9nalisent les efforts des jardiniers pour embellir leur cadre de vie ou produire des fruits et l\u00e9gumes.<\/p>\n\n\n\n<p>Certaines esp\u00e8ces v\u00e9g\u00e9tales ne sont plus adapt\u00e9es \u00e0 leur r\u00e9gion d\u2019origine, et on observe leur progression du Sud vers le Nord et des plaines vers les zones d\u2019altitude. <\/p>\n\n\n\n<p><strong>L\u2019auteur<\/strong><\/p>\n\n\n\n<p><strong>J\u00e9r\u00f4me JULLIEN<\/strong> est expert national en surveillance biologique du territoire, horticulture, jardins et espaces verts. Il intervient en tant qu\u2019enseignant en formation initiale (facult\u00e9 des sciences d\u2019Angers, Agrocampus Ouest\u2026) ou continue (jardiniers professionnels et amateurs).<br>C\u2019est avec passion qu\u2019il pratique le jardinage dans ses 6.000 m\u00b2 de potager, verger, jardin d\u2019agr\u00e9ment et haies bocag\u00e8res en Anjou.<\/p>\n\n\n\n<p>Avec son \u00e9pouse \u00c9lisabeth, il est l\u2019auteur d\u2019une vingtaine d\u2019ouvrages sur les plantes et le jardinage, et contribue r\u00e9guli\u00e8rement aux revues Le Lien horticole (\u00c9ditions France Agricole), Les 4 Saisons du jardin bio (\u00c9ditions Terre Vivante) et Jardins de France (Soci\u00e9t\u00e9 nationale d\u2019horticulture de France).<br>Parmi ses publications aux \u00e9ditions Eyrolles, avec \u00c9lisabeth Jullien, <em>Le Grand Livre du potager sans pesticides \u2013 Permaculture, diagnostic des maladies et ravageurs, biocontr\u00f4le<\/em> (2019), <em>Cultiver et soigner les arbustes<\/em> (2\u00e8me \u00e9d. 2015), <em>Cultiver et soigner les arbres<\/em> (2\u00e8me \u00e9d. 2014), <em>Cultiver et soigner les fruitiers<\/em> (2014), <em>Guide \u00e9cologique du gazon et des pelouses fleuries<\/em> (2011).<\/p>\n\n\n\n<p><a href=\"https:\/\/blog.defi-ecologique.com\/author\/jjullien\">https:\/\/blog.defi-ecologique.com\/author\/jjullien<\/a><\/p>\n<div style=\"display:flex; gap:10px;justify-content:center\" class=\"wps-pgfw-pdf-generate-icon__wrapper-frontend\">\n\t\t<a  href=\"http:\/\/srhgx.be\/wordpress\/wp-json\/wp\/v2\/posts\/4484?action=genpdf&amp;id=4484\" class=\"pgfw-single-pdf-download-button\" ><img src=\"http:\/\/srhgx.be\/wordpress\/wp-content\/plugins\/pdf-generator-for-wp\/admin\/src\/images\/PDF_Tray.svg\" title=\"G\u00e9n\u00e9rer un PDF\" style=\"width:auto; height:45px;\"><\/a>\n\t\t<\/div>","protected":false},"excerpt":{"rendered":"<p>J\u00e9r\u00f4me JULLIEN &nbsp;&nbsp;&nbsp;&nbsp;&nbsp;&nbsp; Mai 2021&nbsp;&nbsp;&nbsp;&nbsp;&nbsp;&nbsp;&nbsp;&nbsp; 28 \u20ac \u00c9diteur : Eyrolles ISBN13&nbsp;: 978-2-416-00126-0 Un plan climat pour votre jardin&nbsp;: agissons ensemble d\u00e8s aujourd&rsquo;hui&nbsp;! Tous les jardiniers peuvent t\u00e9moigner de l&rsquo;impact du&hellip;&nbsp;<a href=\"http:\/\/srhgx.be\/wordpress\/adapter-son-jardin-au-changement-climatique-etat-des-lieux-et-solutions\/\" rel=\"bookmark\">Lire la suite &raquo;<span class=\"screen-reader-text\">Adapter son jardin au changement climatique \u2013 \u00c9tat des lieux et solutions \u00a0\u00a0\u00a0\u00a0<\/span><\/a><\/p>\n","protected":false},"author":10,"featured_media":478,"comment_status":"closed","ping_status":"closed","sticky":false,"template":"","format":"standard","meta":{"neve_meta_sidebar":"","neve_meta_container":"","neve_meta_enable_content_width":"","neve_meta_content_width":0,"neve_meta_title_alignment":"","neve_meta_author_avatar":"","neve_post_elements_order":"","neve_meta_disable_header":"","neve_meta_disable_footer":"","neve_meta_disable_title":"","footnotes":""},"categories":[146,110,1],"tags":[463,236,112],"ppma_author":[447],"class_list":["post-4484","post","type-post","status-publish","format-standard","has-post-thumbnail","hentry","category-documents","category-livre","category-srhgx","tag-changement-climatique","tag-climat","tag-jardin"],"publishpress_future_action":{"enabled":false,"date":"2026-05-06 21:21:15","action":"change-status","newStatus":"draft","terms":[],"taxonomy":"category","extraData":[]},"publishpress_future_workflow_manual_trigger":{"enabledWorkflows":[]},"authors":[{"term_id":447,"user_id":10,"is_guest":0,"slug":"cblancke","display_name":"Christine BLANCKE","avatar_url":"https:\/\/secure.gravatar.com\/avatar\/973b599229553ee0b848ec49ca3de61a676ccbea8c5d03d2f477ac1a73794615?s=96&d=mm&r=g","1":"","2":"","3":"","4":"","5":"","6":"","7":"","8":""}],"_links":{"self":[{"href":"http:\/\/srhgx.be\/wordpress\/wp-json\/wp\/v2\/posts\/4484","targetHints":{"allow":["GET"]}}],"collection":[{"href":"http:\/\/srhgx.be\/wordpress\/wp-json\/wp\/v2\/posts"}],"about":[{"href":"http:\/\/srhgx.be\/wordpress\/wp-json\/wp\/v2\/types\/post"}],"author":[{"embeddable":true,"href":"http:\/\/srhgx.be\/wordpress\/wp-json\/wp\/v2\/users\/10"}],"replies":[{"embeddable":true,"href":"http:\/\/srhgx.be\/wordpress\/wp-json\/wp\/v2\/comments?post=4484"}],"version-history":[{"count":3,"href":"http:\/\/srhgx.be\/wordpress\/wp-json\/wp\/v2\/posts\/4484\/revisions"}],"predecessor-version":[{"id":4497,"href":"http:\/\/srhgx.be\/wordpress\/wp-json\/wp\/v2\/posts\/4484\/revisions\/4497"}],"wp:featuredmedia":[{"embeddable":true,"href":"http:\/\/srhgx.be\/wordpress\/wp-json\/wp\/v2\/media\/478"}],"wp:attachment":[{"href":"http:\/\/srhgx.be\/wordpress\/wp-json\/wp\/v2\/media?parent=4484"}],"wp:term":[{"taxonomy":"category","embeddable":true,"href":"http:\/\/srhgx.be\/wordpress\/wp-json\/wp\/v2\/categories?post=4484"},{"taxonomy":"post_tag","embeddable":true,"href":"http:\/\/srhgx.be\/wordpress\/wp-json\/wp\/v2\/tags?post=4484"},{"taxonomy":"author","embeddable":true,"href":"http:\/\/srhgx.be\/wordpress\/wp-json\/wp\/v2\/ppma_author?post=4484"}],"curies":[{"name":"wp","href":"https:\/\/api.w.org\/{rel}","templated":true}]}}