{"id":4476,"date":"2022-02-03T13:16:30","date_gmt":"2022-02-03T12:16:30","guid":{"rendered":"http:\/\/srhgx.be\/wordpress\/?p=4476"},"modified":"2025-05-21T08:52:49","modified_gmt":"2025-05-21T06:52:49","slug":"nouvelle-variete-de-tomate-sun-pearl","status":"publish","type":"post","link":"http:\/\/srhgx.be\/wordpress\/nouvelle-variete-de-tomate-sun-pearl\/","title":{"rendered":"Nouvelle vari\u00e9t\u00e9 de tomate \u00ab\u00a0Sun Pearl\u00a0\u00bb"},"content":{"rendered":"\n<p><strong>Nouvelle vari\u00e9t\u00e9 de tomate \u00ab&nbsp;Sun Pearl&nbsp;\u00bb (perle du soleil)<\/strong><\/p>\n\n\n\n<figure class=\"wp-block-image size-large is-resized\"><img fetchpriority=\"high\" decoding=\"async\" src=\"http:\/\/srhgx.be\/wordpress\/wp-content\/uploads\/2022\/02\/IMG_20210924_163205-1024x768.jpg\" alt=\"\" class=\"wp-image-4478\" width=\"558\" height=\"418\" srcset=\"http:\/\/srhgx.be\/wordpress\/wp-content\/uploads\/2022\/02\/IMG_20210924_163205-1024x768.jpg 1024w, http:\/\/srhgx.be\/wordpress\/wp-content\/uploads\/2022\/02\/IMG_20210924_163205-300x225.jpg 300w, http:\/\/srhgx.be\/wordpress\/wp-content\/uploads\/2022\/02\/IMG_20210924_163205-768x576.jpg 768w, http:\/\/srhgx.be\/wordpress\/wp-content\/uploads\/2022\/02\/IMG_20210924_163205-1536x1152.jpg 1536w, http:\/\/srhgx.be\/wordpress\/wp-content\/uploads\/2022\/02\/IMG_20210924_163205-2048x1536.jpg 2048w\" sizes=\"(max-width: 558px) 100vw, 558px\" \/><figcaption>smart<\/figcaption><\/figure>\n\n\n\n<p>Une nouvelle vari\u00e9t\u00e9 de tomate, \u00ab\u00a0Sun Pearl\u00a0\u00bb a \u00e9t\u00e9 cr\u00e9\u00e9e en 2014 par Mr. Patrick Durviaux et est mise en vente dans les locaux de Mr. Jean-Michel Rouffiange \u00e0 Auvelais\u00a0: info-tomates (<a href=\"https:\/\/www.infos-tomates.com\/\">Infos Tomates: Tomates anciennes ou modernes. D\u00e9couvrez plus de 300 vari\u00e9t\u00e9s de tomates. Informations et conseils gratuits. Le site de r\u00e9f\u00e9rences sur les tomates. &#8211; Accueil (infos-tomates.com)<\/a>). C&rsquo;est une vari\u00e9t\u00e9 issue d\u2019une\u00a0hybridation entre\u00a0 les vari\u00e9t\u00e9s \u00ab\u00a0<em>petit moineau jaune\u00a0\u00bb et \u00ab\u00a0aurantiacum\u00a0\u00bb<\/em>.<\/p>\n\n\n\n<p>Elle a \u00e9t\u00e9 pr\u00e9sent\u00e9e pour la premi\u00e8re fois\u00a0\u00e0 la f\u00eate\u00a0de Foy Notre Dame en 2021\u00a0sur le stand de Mr. Jean-Michel Rouffiange qui en a l&rsquo;exclusivit\u00e9 \u00e0 la vente. Elle est tr\u00e8s buissonnante, se cultive en pot (photos 2021) et procure une excellente production. Les d\u00e9tails sont pr\u00e9sent\u00e9s sur la fiche annex\u00e9e. Elle est disponible \u00e0 la vente chez Mr. Jean-Michel  Rouffiange et \u00e0 l&rsquo;achat de 9 vari\u00e9t\u00e9s, la vari\u00e9t\u00e9 Sun Pearl est offerte en cadeau.<\/p>\n\n\n\n<figure class=\"wp-block-image size-full is-resized\"><img decoding=\"async\" src=\"http:\/\/srhgx.be\/wordpress\/wp-content\/uploads\/2022\/02\/thumbnail_sun-pearl.jpg\" alt=\"\" class=\"wp-image-4479\" width=\"773\" height=\"1157\" srcset=\"http:\/\/srhgx.be\/wordpress\/wp-content\/uploads\/2022\/02\/thumbnail_sun-pearl.jpg 551w, http:\/\/srhgx.be\/wordpress\/wp-content\/uploads\/2022\/02\/thumbnail_sun-pearl-201x300.jpg 201w\" sizes=\"(max-width: 773px) 100vw, 773px\" \/><\/figure>\n\n\n\n<figure class=\"wp-block-image size-large is-resized\"><img decoding=\"async\" src=\"http:\/\/srhgx.be\/wordpress\/wp-content\/uploads\/2022\/02\/marmande-dalger-2-1024x768.jpg\" alt=\"\" class=\"wp-image-4480\" width=\"548\" height=\"411\" srcset=\"http:\/\/srhgx.be\/wordpress\/wp-content\/uploads\/2022\/02\/marmande-dalger-2-1024x768.jpg 1024w, http:\/\/srhgx.be\/wordpress\/wp-content\/uploads\/2022\/02\/marmande-dalger-2-300x225.jpg 300w, http:\/\/srhgx.be\/wordpress\/wp-content\/uploads\/2022\/02\/marmande-dalger-2-768x576.jpg 768w, http:\/\/srhgx.be\/wordpress\/wp-content\/uploads\/2022\/02\/marmande-dalger-2-1536x1152.jpg 1536w, http:\/\/srhgx.be\/wordpress\/wp-content\/uploads\/2022\/02\/marmande-dalger-2-2048x1536.jpg 2048w\" sizes=\"(max-width: 548px) 100vw, 548px\" \/><figcaption>smart<\/figcaption><\/figure>\n\n\n\n<p><\/p>\n<div style=\"display:flex; gap:10px;justify-content:center\" class=\"wps-pgfw-pdf-generate-icon__wrapper-frontend\">\n\t\t<a  href=\"http:\/\/srhgx.be\/wordpress\/wp-json\/wp\/v2\/posts\/4476?action=genpdf&amp;id=4476\" class=\"pgfw-single-pdf-download-button\" ><img src=\"http:\/\/srhgx.be\/wordpress\/wp-content\/plugins\/pdf-generator-for-wp\/admin\/src\/images\/PDF_Tray.svg\" title=\"G\u00e9n\u00e9rer un PDF\" style=\"width:auto; height:45px;\"><\/a>\n\t\t<\/div>","protected":false},"excerpt":{"rendered":"<p>Nouvelle vari\u00e9t\u00e9 de tomate \u00ab&nbsp;Sun Pearl&nbsp;\u00bb (perle du soleil) Une nouvelle vari\u00e9t\u00e9 de tomate, \u00ab\u00a0Sun Pearl\u00a0\u00bb a \u00e9t\u00e9 cr\u00e9\u00e9e en 2014 par Mr. Patrick Durviaux et est mise en vente&hellip;&nbsp;<a href=\"http:\/\/srhgx.be\/wordpress\/nouvelle-variete-de-tomate-sun-pearl\/\" rel=\"bookmark\">Lire la suite &raquo;<span class=\"screen-reader-text\">Nouvelle vari\u00e9t\u00e9 de tomate \u00ab\u00a0Sun Pearl\u00a0\u00bb<\/span><\/a><\/p>\n","protected":false},"author":7,"featured_media":0,"comment_status":"closed","ping_status":"closed","sticky":false,"template":"","format":"standard","meta":{"neve_meta_sidebar":"","neve_meta_container":"","neve_meta_enable_content_width":"","neve_meta_content_width":0,"neve_meta_title_alignment":"","neve_meta_author_avatar":"","neve_post_elements_order":"","neve_meta_disable_header":"","neve_meta_disable_footer":"","neve_meta_disable_title":"","footnotes":""},"categories":[115,207,1326],"tags":[462,153,308],"ppma_author":[446],"class_list":["post-4476","post","type-post","status-publish","format-standard","hentry","category-conseils","category-jardinage","category-to-check","tag-sun-pearl","tag-tomate","tag-varietes"],"publishpress_future_action":{"enabled":false,"date":"2026-05-06 21:29:50","action":"change-status","newStatus":"draft","terms":[],"taxonomy":"category","extraData":[]},"publishpress_future_workflow_manual_trigger":{"enabledWorkflows":[]},"authors":[{"term_id":446,"user_id":7,"is_guest":0,"slug":"cotoul","display_name":"Christian OTOUL","avatar_url":"https:\/\/secure.gravatar.com\/avatar\/605432e8166c60e8ad0236d517f4a4bd3dd766d8f0ae5c169cf7d46ac8230734?s=96&d=mm&r=g","1":"","2":"","3":"","4":"","5":"","6":"","7":"","8":""}],"_links":{"self":[{"href":"http:\/\/srhgx.be\/wordpress\/wp-json\/wp\/v2\/posts\/4476","targetHints":{"allow":["GET"]}}],"collection":[{"href":"http:\/\/srhgx.be\/wordpress\/wp-json\/wp\/v2\/posts"}],"about":[{"href":"http:\/\/srhgx.be\/wordpress\/wp-json\/wp\/v2\/types\/post"}],"author":[{"embeddable":true,"href":"http:\/\/srhgx.be\/wordpress\/wp-json\/wp\/v2\/users\/7"}],"replies":[{"embeddable":true,"href":"http:\/\/srhgx.be\/wordpress\/wp-json\/wp\/v2\/comments?post=4476"}],"version-history":[{"count":3,"href":"http:\/\/srhgx.be\/wordpress\/wp-json\/wp\/v2\/posts\/4476\/revisions"}],"predecessor-version":[{"id":12513,"href":"http:\/\/srhgx.be\/wordpress\/wp-json\/wp\/v2\/posts\/4476\/revisions\/12513"}],"wp:attachment":[{"href":"http:\/\/srhgx.be\/wordpress\/wp-json\/wp\/v2\/media?parent=4476"}],"wp:term":[{"taxonomy":"category","embeddable":true,"href":"http:\/\/srhgx.be\/wordpress\/wp-json\/wp\/v2\/categories?post=4476"},{"taxonomy":"post_tag","embeddable":true,"href":"http:\/\/srhgx.be\/wordpress\/wp-json\/wp\/v2\/tags?post=4476"},{"taxonomy":"author","embeddable":true,"href":"http:\/\/srhgx.be\/wordpress\/wp-json\/wp\/v2\/ppma_author?post=4476"}],"curies":[{"name":"wp","href":"https:\/\/api.w.org\/{rel}","templated":true}]}}