{"id":4005,"date":"2021-12-05T14:55:58","date_gmt":"2021-12-05T13:55:58","guid":{"rendered":"http:\/\/srhgx.be\/wordpress\/?p=4005"},"modified":"2025-05-21T08:53:13","modified_gmt":"2025-05-21T06:53:13","slug":"petit-air-de-provence-a-mielmont-jemeppe-sur-sambre-a-lete-2022","status":"publish","type":"post","link":"http:\/\/srhgx.be\/wordpress\/petit-air-de-provence-a-mielmont-jemeppe-sur-sambre-a-lete-2022\/","title":{"rendered":"Petit air de Provence \u00e0 Mielmont Jemeppe-Sur-Sambre \u00e0 l\u2019\u00e9t\u00e9 2022"},"content":{"rendered":"\n<figure class=\"wp-block-image size-full\"><img fetchpriority=\"high\" decoding=\"async\" width=\"605\" height=\"432\" src=\"http:\/\/srhgx.be\/wordpress\/wp-content\/uploads\/2021\/12\/image-14.png\" alt=\"\" class=\"wp-image-4006\" srcset=\"http:\/\/srhgx.be\/wordpress\/wp-content\/uploads\/2021\/12\/image-14.png 605w, http:\/\/srhgx.be\/wordpress\/wp-content\/uploads\/2021\/12\/image-14-300x214.png 300w\" sizes=\"(max-width: 605px) 100vw, 605px\" \/><\/figure>\n\n\n\n<p>Le <strong>lavandin<\/strong> est une jolie vari\u00e9t\u00e9 de lavande tr\u00e8s mellif\u00e8re aussi cultiv\u00e9e pour ses fleurs au rendement \u00e9lev\u00e9.<\/p>\n\n\n\n<p><strong>Beelgium, le producteur de miel et de colonies d\u2019abeilles s\u2019installe \u00e0 Mielmont<\/strong><\/p>\n\n\n\n<p><strong>SUDINFO La Meuse<\/strong> Publi\u00e9 le <strong>2\/12\/2021<\/strong> \u00e0 18:03 <em>Par <strong>Lloyd Poncelet<\/strong><\/em><\/p>\n\n\n\n<p>Il y a quelques semaines, la soci\u00e9t\u00e9 Beelgium, productrice de miel et de colonies d\u2019abeilles, a commenc\u00e9 \u00e0 s\u2019installer dans une grange de la ferme du Ch\u00e2teau de Mielmont \u00e0 Jemeppe-sur-Sambre. Il s\u2019agit d\u2019un lieu id\u00e9al pour les apiculteurs.<\/p>\n\n\n\n<p><a href=\"https:\/\/www.beelgium.be\">https:\/\/www.beelgium.be<\/a><\/p>\n\n\n\n<p><strong>Pierre-Antoine Couvreur<\/strong> et <strong>Mathieu Decoster<\/strong> se sont rencontr\u00e9s en 2000 sur les bancs de l\u2019universit\u00e9 avant de devenir amis et cr\u00e9er leur entreprise. Tous deux ont un dipl\u00f4me d\u2019agronome et ont travaill\u00e9 dans des secteurs diff\u00e9rents avant de se retrouver dix ans plus tard autour d\u2019une passion commune: l\u2019apiculture.&nbsp;<\/p>\n\n\n\n<p><strong>20.000 plants de lavandin en provenance du Sud repiqu\u00e9s dans l&rsquo;un des champs du domaine de Mielmont dans la commune de Jemeppe-sur-Sambre<\/strong>. <\/p>\n\n\n\n<p><strong>Objectif<\/strong>&nbsp;: prolonger la miell\u00e9e, c&rsquo;est-\u00e0-dire, la p\u00e9riode qui correspond au pic d&rsquo;activit\u00e9 des essaims d&rsquo;abeilles.<\/p>\n\n\n\n<p>Encore un peu de patience et ils vous proposeront le premier miel de lavande belge.<\/p>\n\n\n\n<p><strong>Bouk\u00e8.media &nbsp;&nbsp;<\/strong>&nbsp;&nbsp;&nbsp;&nbsp;&nbsp;&nbsp;&nbsp;&nbsp;&nbsp;&nbsp;&nbsp;&nbsp;&nbsp;&nbsp;&nbsp; 25 novembre 2021<\/p>\n\n\n\n<p><a href=\"https:\/\/www.bouke.media\">https:\/\/www.bouke.media<\/a>&nbsp;&nbsp;&nbsp;&nbsp;&nbsp;&nbsp;&nbsp;&nbsp; <a href=\"mailto:info@bouke.media\">info@bouke.media<\/a><\/p>\n\n\n\n<figure class=\"wp-block-embed is-type-rich is-provider-prise-en-charge-des-contenus-embarques wp-block-embed-prise-en-charge-des-contenus-embarques\"><div class=\"wp-block-embed__wrapper\">\n<div style=\"width: 640px;\" class=\"wp-video\"><video class=\"wp-video-shortcode\" id=\"video-4005-1\" width=\"640\" height=\"360\" preload=\"metadata\" controls=\"controls\"><source type=\"video\/mp4\" src=\"https:\/\/video.canalc.be\/publisher\/AVC-CAC-003838.mp4?_=1\" \/><a href=\"https:\/\/video.canalc.be\/publisher\/AVC-CAC-003838.mp4\">https:\/\/video.canalc.be\/publisher\/AVC-CAC-003838.mp4<\/a><\/video><\/div>\n<\/div><\/figure>\n\n\n\n<p>Bouk\u00e8 M\u00e9dia, rue Eug\u00e8ne Thibaut 1c, 5000 Namur<\/p>\n<div style=\"display:flex; gap:10px;justify-content:center\" class=\"wps-pgfw-pdf-generate-icon__wrapper-frontend\">\n\t\t<a  href=\"http:\/\/srhgx.be\/wordpress\/wp-json\/wp\/v2\/posts\/4005?action=genpdf&amp;id=4005\" class=\"pgfw-single-pdf-download-button\" ><img src=\"http:\/\/srhgx.be\/wordpress\/wp-content\/plugins\/pdf-generator-for-wp\/admin\/src\/images\/PDF_Tray.svg\" title=\"G\u00e9n\u00e9rer un PDF\" style=\"width:auto; height:45px;\"><\/a>\n\t\t<\/div>","protected":false},"excerpt":{"rendered":"<p>Le lavandin est une jolie vari\u00e9t\u00e9 de lavande tr\u00e8s mellif\u00e8re aussi cultiv\u00e9e pour ses fleurs au rendement \u00e9lev\u00e9. Beelgium, le producteur de miel et de colonies d\u2019abeilles s\u2019installe \u00e0 Mielmont&hellip;&nbsp;<a href=\"http:\/\/srhgx.be\/wordpress\/petit-air-de-provence-a-mielmont-jemeppe-sur-sambre-a-lete-2022\/\" rel=\"bookmark\">Lire la suite &raquo;<span class=\"screen-reader-text\">Petit air de Provence \u00e0 Mielmont Jemeppe-Sur-Sambre \u00e0 l\u2019\u00e9t\u00e9 2022<\/span><\/a><\/p>\n","protected":false},"author":10,"featured_media":0,"comment_status":"closed","ping_status":"closed","sticky":false,"template":"","format":"standard","meta":{"neve_meta_sidebar":"","neve_meta_container":"","neve_meta_enable_content_width":"","neve_meta_content_width":0,"neve_meta_title_alignment":"","neve_meta_author_avatar":"","neve_post_elements_order":"","neve_meta_disable_header":"","neve_meta_disable_footer":"","neve_meta_disable_title":"","footnotes":""},"categories":[1,1326],"tags":[225,410,361],"ppma_author":[447],"class_list":["post-4005","post","type-post","status-publish","format-standard","hentry","category-srhgx","category-to-check","tag-abeilles","tag-apiculture","tag-miel"],"publishpress_future_action":{"enabled":false,"date":"2026-05-06 21:13:54","action":"change-status","newStatus":"draft","terms":[],"taxonomy":"category","extraData":[]},"publishpress_future_workflow_manual_trigger":{"enabledWorkflows":[]},"authors":[{"term_id":447,"user_id":10,"is_guest":0,"slug":"cblancke","display_name":"Christine BLANCKE","avatar_url":"https:\/\/secure.gravatar.com\/avatar\/973b599229553ee0b848ec49ca3de61a676ccbea8c5d03d2f477ac1a73794615?s=96&d=mm&r=g","1":"","2":"","3":"","4":"","5":"","6":"","7":"","8":""}],"_links":{"self":[{"href":"http:\/\/srhgx.be\/wordpress\/wp-json\/wp\/v2\/posts\/4005","targetHints":{"allow":["GET"]}}],"collection":[{"href":"http:\/\/srhgx.be\/wordpress\/wp-json\/wp\/v2\/posts"}],"about":[{"href":"http:\/\/srhgx.be\/wordpress\/wp-json\/wp\/v2\/types\/post"}],"author":[{"embeddable":true,"href":"http:\/\/srhgx.be\/wordpress\/wp-json\/wp\/v2\/users\/10"}],"replies":[{"embeddable":true,"href":"http:\/\/srhgx.be\/wordpress\/wp-json\/wp\/v2\/comments?post=4005"}],"version-history":[{"count":2,"href":"http:\/\/srhgx.be\/wordpress\/wp-json\/wp\/v2\/posts\/4005\/revisions"}],"predecessor-version":[{"id":4035,"href":"http:\/\/srhgx.be\/wordpress\/wp-json\/wp\/v2\/posts\/4005\/revisions\/4035"}],"wp:attachment":[{"href":"http:\/\/srhgx.be\/wordpress\/wp-json\/wp\/v2\/media?parent=4005"}],"wp:term":[{"taxonomy":"category","embeddable":true,"href":"http:\/\/srhgx.be\/wordpress\/wp-json\/wp\/v2\/categories?post=4005"},{"taxonomy":"post_tag","embeddable":true,"href":"http:\/\/srhgx.be\/wordpress\/wp-json\/wp\/v2\/tags?post=4005"},{"taxonomy":"author","embeddable":true,"href":"http:\/\/srhgx.be\/wordpress\/wp-json\/wp\/v2\/ppma_author?post=4005"}],"curies":[{"name":"wp","href":"https:\/\/api.w.org\/{rel}","templated":true}]}}