{"id":4003,"date":"2021-12-05T14:54:37","date_gmt":"2021-12-05T13:54:37","guid":{"rendered":"http:\/\/srhgx.be\/wordpress\/?p=4003"},"modified":"2025-05-21T08:53:13","modified_gmt":"2025-05-21T06:53:13","slug":"apiculture","status":"publish","type":"post","link":"http:\/\/srhgx.be\/wordpress\/apiculture\/","title":{"rendered":"Apiculture"},"content":{"rendered":"\n<p>Ce <strong>28 novembre 2021<\/strong>, <strong>Promiel<\/strong> a f\u00eat\u00e9 ses <strong>30 ans<\/strong>!&nbsp;&nbsp;&nbsp;&nbsp;&nbsp;&nbsp;&nbsp;&nbsp;&nbsp;&nbsp;&nbsp;&nbsp;&nbsp;&nbsp;&nbsp;&nbsp;&nbsp;&nbsp; <a href=\"http:\/\/www.promiel.be\/\">http:\/\/www.promiel.be<\/a><\/p>\n\n\n\n<p><br>30 ans \u00e0 d\u00e9fendre le savoir-faire des apiculteurs wallons et la qualit\u00e9 du miel qu&rsquo;ils produisent.<br><br>Pour f\u00eater les 30 ans de <strong>Promiel<\/strong>, un march\u00e9 aux abeilles destin\u00e9 aux apiculteurs pro et amateurs sera organis\u00e9 au <strong>ch\u00e2teau-ferme de<\/strong> <strong>Mielmont<\/strong> (Onoz) le <strong>dimanche 3 avril 2022 de 8h \u00e0 13 heures<\/strong>.<\/p>\n\n\n\n<p><br>Vous aurez l&rsquo;occasion de venir acheter ou vendre des colonies (avec certificat sanitaire) : plus de cent colonies sont d\u00e9j\u00e0 annonc\u00e9es.<\/p>\n\n\n\n<p><br>Au programme \u00e9galement; la vente de mat\u00e9riel neuf, une brocante apicole, un stand de fleurs, l&rsquo;\u00e9change de cires en pain contre cires gaufr\u00e9e, un bar pour se d\u00e9salt\u00e9rer.<br>C&rsquo;est l&rsquo;occasion r\u00eav\u00e9e de d\u00e9marrer votre saison apicole 2022 sur les chapeaux de roues<\/p>\n\n\n\n<p><br>Une inscription sera demand\u00e9e pour la vente d&rsquo;essaim et la brocante, plus d&rsquo;amples informations suivront sur cette page (dans l&rsquo;onglet Discussion en haut de page), restez connect\u00e9s.<\/p>\n\n\n\n<p><strong>March\u00e9 aux abeilles<\/strong><\/p>\n\n\n\n<p>Pour f\u00eater les 30 ans de Promiel, un march\u00e9 aux abeilles destin\u00e9 aux apiculteurs pro et amateurs sera organis\u00e9 au <strong>ch\u00e2teau-ferme de Mielmont (Onoz) le dimanche 3 avril 2022 de 8h \u00e0 13 heures<\/strong><br>Vous aurez l&rsquo;occasion de venir acheter ou vendre des colonies (avec certificat sanitaire)&nbsp;: plus de cent colonies sont annonc\u00e9es&nbsp;!<\/p>\n\n\n\n<p>Du mat\u00e9riel apicole pour bien d\u00e9marrer votre saison vous sera propos\u00e9.Vous y trouverez aussi une brocante apicole.<\/p>\n\n\n\n<p>Un <strong>stand de plantes mellif\u00e8res sera tenu par l&rsquo;Horticole de Gembloux<\/strong>.<\/p>\n\n\n\n<p>Vous pourrez \u00e9changer votre cire en pain contre de la cire gaufr\u00e9e \u00ab&nbsp;Le Baron&nbsp;\u00bb.<\/p>\n\n\n\n<p>Vous pourrez d\u00e9couvrir les nouvelles installations de <strong>Beelgium<\/strong>.<\/p>\n\n\n\n<p>Enfin vous pourrez vous d\u00e9salt\u00e9rer au bar avec du caf\u00e9, de l&rsquo;hydromel de Xavier ou une bi\u00e8re de Bertinchamps.<\/p>\n\n\n\n<p>&nbsp;C&rsquo;est l&rsquo;occasion r\u00eav\u00e9e de d\u00e9marrer votre saison apicole 2022 sur les chapeaux de roues.<\/p>\n\n\n\n<p>&nbsp;Vous trouverez bient\u00f4t plus d&rsquo;infos sur la page FaceBook. <a href=\"https:\/\/www.facebook.com\/perleduterroir\">https:\/\/www.facebook.com\/perleduterroir<\/a><\/p>\n\n\n\n<p>L&rsquo;\u00e9v\u00e9nement est organis\u00e9 par Promiel en collaboration avec le cercle apicole des Compagnons de Saint Ambroise.<\/p>\n\n\n\n<p>&nbsp;Contact&nbsp;: <a href=\"mailto:info@vallero.be\">info@vallero.be<\/a><\/p>\n\n\n\n<p><\/p>\n\n\n\n<p><\/p>\n<div style=\"display:flex; gap:10px;justify-content:center\" class=\"wps-pgfw-pdf-generate-icon__wrapper-frontend\">\n\t\t<a  href=\"http:\/\/srhgx.be\/wordpress\/wp-json\/wp\/v2\/posts\/4003?action=genpdf&amp;id=4003\" class=\"pgfw-single-pdf-download-button\" ><img src=\"http:\/\/srhgx.be\/wordpress\/wp-content\/plugins\/pdf-generator-for-wp\/admin\/src\/images\/PDF_Tray.svg\" title=\"G\u00e9n\u00e9rer un PDF\" style=\"width:auto; height:45px;\"><\/a>\n\t\t<\/div>","protected":false},"excerpt":{"rendered":"<p>Ce 28 novembre 2021, Promiel a f\u00eat\u00e9 ses 30 ans!&nbsp;&nbsp;&nbsp;&nbsp;&nbsp;&nbsp;&nbsp;&nbsp;&nbsp;&nbsp;&nbsp;&nbsp;&nbsp;&nbsp;&nbsp;&nbsp;&nbsp;&nbsp; http:\/\/www.promiel.be 30 ans \u00e0 d\u00e9fendre le savoir-faire des apiculteurs wallons et la qualit\u00e9 du miel qu&rsquo;ils produisent. Pour f\u00eater les&hellip;&nbsp;<a href=\"http:\/\/srhgx.be\/wordpress\/apiculture\/\" rel=\"bookmark\">Lire la suite &raquo;<span class=\"screen-reader-text\">Apiculture<\/span><\/a><\/p>\n","protected":false},"author":10,"featured_media":4033,"comment_status":"closed","ping_status":"closed","sticky":false,"template":"","format":"standard","meta":{"neve_meta_sidebar":"","neve_meta_container":"","neve_meta_enable_content_width":"","neve_meta_content_width":0,"neve_meta_title_alignment":"","neve_meta_author_avatar":"","neve_post_elements_order":"","neve_meta_disable_header":"","neve_meta_disable_footer":"","neve_meta_disable_title":"","footnotes":""},"categories":[1,1326],"tags":[225,410],"ppma_author":[447],"class_list":["post-4003","post","type-post","status-publish","format-standard","has-post-thumbnail","hentry","category-srhgx","category-to-check","tag-abeilles","tag-apiculture"],"publishpress_future_action":{"enabled":false,"date":"2026-05-06 21:13:32","action":"change-status","newStatus":"draft","terms":[],"taxonomy":"category","extraData":[]},"publishpress_future_workflow_manual_trigger":{"enabledWorkflows":[]},"authors":[{"term_id":447,"user_id":10,"is_guest":0,"slug":"cblancke","display_name":"Christine BLANCKE","avatar_url":"https:\/\/secure.gravatar.com\/avatar\/973b599229553ee0b848ec49ca3de61a676ccbea8c5d03d2f477ac1a73794615?s=96&d=mm&r=g","1":"","2":"","3":"","4":"","5":"","6":"","7":"","8":""}],"_links":{"self":[{"href":"http:\/\/srhgx.be\/wordpress\/wp-json\/wp\/v2\/posts\/4003","targetHints":{"allow":["GET"]}}],"collection":[{"href":"http:\/\/srhgx.be\/wordpress\/wp-json\/wp\/v2\/posts"}],"about":[{"href":"http:\/\/srhgx.be\/wordpress\/wp-json\/wp\/v2\/types\/post"}],"author":[{"embeddable":true,"href":"http:\/\/srhgx.be\/wordpress\/wp-json\/wp\/v2\/users\/10"}],"replies":[{"embeddable":true,"href":"http:\/\/srhgx.be\/wordpress\/wp-json\/wp\/v2\/comments?post=4003"}],"version-history":[{"count":2,"href":"http:\/\/srhgx.be\/wordpress\/wp-json\/wp\/v2\/posts\/4003\/revisions"}],"predecessor-version":[{"id":4021,"href":"http:\/\/srhgx.be\/wordpress\/wp-json\/wp\/v2\/posts\/4003\/revisions\/4021"}],"wp:featuredmedia":[{"embeddable":true,"href":"http:\/\/srhgx.be\/wordpress\/wp-json\/wp\/v2\/media\/4033"}],"wp:attachment":[{"href":"http:\/\/srhgx.be\/wordpress\/wp-json\/wp\/v2\/media?parent=4003"}],"wp:term":[{"taxonomy":"category","embeddable":true,"href":"http:\/\/srhgx.be\/wordpress\/wp-json\/wp\/v2\/categories?post=4003"},{"taxonomy":"post_tag","embeddable":true,"href":"http:\/\/srhgx.be\/wordpress\/wp-json\/wp\/v2\/tags?post=4003"},{"taxonomy":"author","embeddable":true,"href":"http:\/\/srhgx.be\/wordpress\/wp-json\/wp\/v2\/ppma_author?post=4003"}],"curies":[{"name":"wp","href":"https:\/\/api.w.org\/{rel}","templated":true}]}}