{"id":3946,"date":"2021-12-03T09:11:44","date_gmt":"2021-12-03T08:11:44","guid":{"rendered":"http:\/\/srhgx.be\/wordpress\/?p=3946"},"modified":"2025-05-21T08:53:13","modified_gmt":"2025-05-21T06:53:13","slug":"cloture-de-la-formation-lautre-gout-de-la-terre","status":"publish","type":"post","link":"http:\/\/srhgx.be\/wordpress\/cloture-de-la-formation-lautre-gout-de-la-terre\/","title":{"rendered":"Cl\u00f4ture de la formation \u00ab\u00a0L\u2019autre go\u00fbt de la Terre\u00a0\u00bb"},"content":{"rendered":"\n<p class=\"has-large-font-size\"><strong><span style=\"color:#0178ab\" class=\"has-inline-color\">Julien Van Espen<\/span><\/strong><\/p>\n\n\n\n<p><strong>Publi\u00e9 le 27-11-21 dans la DH<\/strong><\/p>\n\n\n\n<p><\/p>\n\n\n\n<p><strong>La transition alimentaire est d\u00e9sormais en marche \u00e0 Namur<\/strong><\/p>\n\n\n\n<p>Consciente de l\u2019urgence de la transition \u00e9cologique, la Ville de Namur a lanc\u00e9 cette ann\u00e9e la <strong>formation \u00ab\u00a0L\u2019autre go\u00fbt de la terre\u00a0\u00bb ax\u00e9e sur les bases de la culture potag\u00e8re selon les principes de la permaculture<\/strong>. Formation qui s\u2019est cl\u00f4tur\u00e9e ce samedi 20 novembre par la remise d\u2019un certificat de formation aux participantes.<\/p>\n\n\n\n<p>La <strong>formation, assur\u00e9e par l\u2019ASBL Pleine Terre<\/strong>, \u00e9tait compos\u00e9e de 15 s\u00e9ances th\u00e9oriques et pratiques de 3 heures r\u00e9parties sur 9 mois. Une dizaine de citoyennes et citoyens volontaires avaient \u00e9t\u00e9 pr\u00e9alablement s\u00e9lectionn\u00e9s pour suivre ces cours et devenir des ambassadrices et ambassadeurs locaux, capables d\u2019encourager la population namuroise \u00e0 cultiver une partie de ses fruits et l\u00e9gumes selon les principes de la permaculture, en s\u2019inspirant du fonctionnement des \u00e9cosyst\u00e8mes naturels.\u00c0 l\u2019issue de la derni\u00e8re s\u00e9ance de formation qui a eu lieu ce samedi 20 novembre matin, la Ville de Namur, par l\u2019entremise de son \u00c9chevine de la Transition \u00e9cologique Charlotte Mouget, a d\u00e9cern\u00e9 aux participant\u00b7e\u00b7s un certificat d\u2019ambassadeur\u00b7drice<em> Jardinier\u00b7\u00e8re de la transition<\/em>.<\/p>\n\n\n\n<p>\u00ab\u00a0<em>Cette formation t\u00e9moigne de la volont\u00e9 de la Ville de Namur de faire de notre commune un territoire plus r\u00e9silient en soutenant les changements de mode de consommation, en aidant \u00e0 relocaliser la production de son alimentation et en sensibilisant les citoyennes et les citoyens \u00e0 la culture potag\u00e8re biologique<\/em>\u00ab\u00a0, souligne l\u2019\u00c9chevine Charlotte Mouget.<\/p>\n\n\n\n<p>Les s\u00e9ances ont abord\u00e9 plusieurs th\u00e9matiques : comment bien concevoir son potager et l\u2019entretenir, la composition et formation d\u2019un sol (diff\u00e9rentes caract\u00e9ristiques, etc.), les diff\u00e9rents types de l\u00e9gumes et leurs besoins, les pr\u00e9sentations des m\u00e9thodes de culture et la r\u00e9alisation d\u2019un plan de culture, l\u2019entretien du potager apr\u00e8s l\u2019\u00e9t\u00e9, la conservation des l\u00e9gumes (surg\u00e9lation, st\u00e9rilisation, lacto-fermentation, s\u00e9chage, etc.), les derniers travaux pour des r\u00e9coltes en hiver, comment concevoir un potager respectueux du vivant (d\u00e9couverte des auxiliaires de culture les plus courants, lutte biologique), l\u2019animation et la transmission (r\u00e9alisation d\u2019un projet d\u2019animation\/de transmission sur le th\u00e8me du potager, pr\u00e9paration du potager pour l\u2019hiver), etc.<\/p>\n\n\n\n<p class=\"has-medium-font-size\">\u00c0 l\u2019occasion de cette formation, <strong>l\u2019ASBL Pleine Terre \u00e9tait \u00e9galement mandat\u00e9e pour r\u00e9diger un guide de la permaculture.<\/strong> La brochure s\u2019intitule <strong><span style=\"color:#0374a5\" class=\"has-inline-color\"><em>La permaculture dans mon jardin : se nourrir, soigner la nature, favoriser la transition \u00e9cologique<\/em>.<\/span><\/strong><\/p>\n\n\n\n<p><strong>Accessible en ligne gratuitement (je n\u2019ai pas trouv\u00e9&nbsp;!)<\/strong>, elle se veut une source d\u2019inspiration pour celles et ceux qui souhaitent se lancer dans la cr\u00e9ation d\u2019un potager personnel.<\/p>\n\n\n\n<p><strong>Les Amis de la Terre- Belgique<\/strong> <strong>ASBL<\/strong>, Rue Nanon 98, 5000 Namur &nbsp;\u00b7 &nbsp;&nbsp;&nbsp;&nbsp;&nbsp;&nbsp;&nbsp;<\/p>\n\n\n\n<p>081\/39 06 39<\/p>\n\n\n\n<p><a href=\"https:\/\/pleine-terre.be\/nos-activites\/formations.html\">https:\/\/pleine-terre.be\/nos-activites\/formations.html<\/a><\/p>\n<div style=\"display:flex; gap:10px;justify-content:center\" class=\"wps-pgfw-pdf-generate-icon__wrapper-frontend\">\n\t\t<a  href=\"http:\/\/srhgx.be\/wordpress\/wp-json\/wp\/v2\/posts\/3946?action=genpdf&amp;id=3946\" class=\"pgfw-single-pdf-download-button\" ><img src=\"http:\/\/srhgx.be\/wordpress\/wp-content\/plugins\/pdf-generator-for-wp\/admin\/src\/images\/PDF_Tray.svg\" title=\"G\u00e9n\u00e9rer un PDF\" style=\"width:auto; height:45px;\"><\/a>\n\t\t<\/div>","protected":false},"excerpt":{"rendered":"<p>Julien Van Espen Publi\u00e9 le 27-11-21 dans la DH La transition alimentaire est d\u00e9sormais en marche \u00e0 Namur Consciente de l\u2019urgence de la transition \u00e9cologique, la Ville de Namur a&hellip;&nbsp;<a href=\"http:\/\/srhgx.be\/wordpress\/cloture-de-la-formation-lautre-gout-de-la-terre\/\" rel=\"bookmark\">Lire la suite &raquo;<span class=\"screen-reader-text\">Cl\u00f4ture de la formation \u00ab\u00a0L\u2019autre go\u00fbt de la Terre\u00a0\u00bb<\/span><\/a><\/p>\n","protected":false},"author":10,"featured_media":937,"comment_status":"closed","ping_status":"closed","sticky":false,"template":"","format":"standard","meta":{"neve_meta_sidebar":"","neve_meta_container":"","neve_meta_enable_content_width":"","neve_meta_content_width":0,"neve_meta_title_alignment":"","neve_meta_author_avatar":"","neve_post_elements_order":"","neve_meta_disable_header":"","neve_meta_disable_footer":"","neve_meta_disable_title":"","footnotes":""},"categories":[115,432,1,1326],"tags":[134,157,53],"ppma_author":[447],"class_list":["post-3946","post","type-post","status-publish","format-standard","has-post-thumbnail","hentry","category-conseils","category-cours-et-formation","category-srhgx","category-to-check","tag-formation","tag-permaculture","tag-potager"],"publishpress_future_action":{"enabled":false,"date":"2026-05-04 06:01:15","action":"change-status","newStatus":"draft","terms":[],"taxonomy":"category","extraData":[]},"publishpress_future_workflow_manual_trigger":{"enabledWorkflows":[]},"authors":[{"term_id":447,"user_id":10,"is_guest":0,"slug":"cblancke","display_name":"Christine BLANCKE","avatar_url":"https:\/\/secure.gravatar.com\/avatar\/973b599229553ee0b848ec49ca3de61a676ccbea8c5d03d2f477ac1a73794615?s=96&d=mm&r=g","1":"","2":"","3":"","4":"","5":"","6":"","7":"","8":""}],"_links":{"self":[{"href":"http:\/\/srhgx.be\/wordpress\/wp-json\/wp\/v2\/posts\/3946","targetHints":{"allow":["GET"]}}],"collection":[{"href":"http:\/\/srhgx.be\/wordpress\/wp-json\/wp\/v2\/posts"}],"about":[{"href":"http:\/\/srhgx.be\/wordpress\/wp-json\/wp\/v2\/types\/post"}],"author":[{"embeddable":true,"href":"http:\/\/srhgx.be\/wordpress\/wp-json\/wp\/v2\/users\/10"}],"replies":[{"embeddable":true,"href":"http:\/\/srhgx.be\/wordpress\/wp-json\/wp\/v2\/comments?post=3946"}],"version-history":[{"count":3,"href":"http:\/\/srhgx.be\/wordpress\/wp-json\/wp\/v2\/posts\/3946\/revisions"}],"predecessor-version":[{"id":3982,"href":"http:\/\/srhgx.be\/wordpress\/wp-json\/wp\/v2\/posts\/3946\/revisions\/3982"}],"wp:featuredmedia":[{"embeddable":true,"href":"http:\/\/srhgx.be\/wordpress\/wp-json\/wp\/v2\/media\/937"}],"wp:attachment":[{"href":"http:\/\/srhgx.be\/wordpress\/wp-json\/wp\/v2\/media?parent=3946"}],"wp:term":[{"taxonomy":"category","embeddable":true,"href":"http:\/\/srhgx.be\/wordpress\/wp-json\/wp\/v2\/categories?post=3946"},{"taxonomy":"post_tag","embeddable":true,"href":"http:\/\/srhgx.be\/wordpress\/wp-json\/wp\/v2\/tags?post=3946"},{"taxonomy":"author","embeddable":true,"href":"http:\/\/srhgx.be\/wordpress\/wp-json\/wp\/v2\/ppma_author?post=3946"}],"curies":[{"name":"wp","href":"https:\/\/api.w.org\/{rel}","templated":true}]}}