{"id":1717,"date":"2021-02-22T17:25:37","date_gmt":"2021-02-22T16:25:37","guid":{"rendered":"http:\/\/srhgx.be\/wordpress\/?p=1717"},"modified":"2025-05-21T08:53:38","modified_gmt":"2025-05-21T06:53:38","slug":"excursion-alsace-2015","status":"publish","type":"post","link":"http:\/\/srhgx.be\/wordpress\/excursion-alsace-2015\/","title":{"rendered":"Excursion Alsace 2015"},"content":{"rendered":"\n<p><strong>Alsace 2015&nbsp;         <\/strong><\/p>\n\n\n\n<p>Cette excursion en Alsace fut organis\u00e9e en ao\u00fbt 2015 par Michel Lardinois: elle englobait diff\u00e9rentes visites : visite du fort de Fermont, visites des villes de Metz, Strasbourg,  <strong>Ostheim<\/strong>\u00a0: Visite de la cave Froehlich, <strong>Eguisheim<\/strong>, Munster \u00a0:\u00a0\u00a0\u00a0\u00a0\u00a0\u00a0\u00a0\u00a0\u00a0 Visite guid\u00e9e d\u2019une fromagerie et d\u00e9gustation (fromage + champagne), <strong>le col de la Schlucht<\/strong> (<strong>Stosswihr<\/strong>), <strong>Le Valtin<\/strong>, <strong>Hohneck \u2013 Kastelberg<\/strong>, la route des cr\u00eates et <strong>Berchigranges \u00e0 Granges-sur-Volognes<\/strong>.<\/p>\n\n\n\n<p><strong>Visite du fort de Fermont avec trajet en petit train. <\/strong>Un <a href=\"https:\/\/fr.wikipedia.org\/wiki\/Ouvrage_de_la_ligne_Maginot\">ouvrage fortifi\u00e9<\/a> de la ligne Maginot dans le d\u00e9partement de <a href=\"https:\/\/fr.wikipedia.org\/wiki\/Meurthe-et-Moselle\">Meurthe-et-Moselle<\/a>. Cette r\u00e9gion est connue sous le nom de <strong>triangle de feu<\/strong>.&nbsp;<img decoding=\"async\" width=\"142\" height=\"106\" class=\"wp-image-1718\" style=\"width: 142px;\" src=\"http:\/\/srhgx.be\/wordpress\/wp-content\/uploads\/2021\/02\/image-1.png\" alt=\"\">&nbsp;&nbsp;&nbsp;&nbsp;&nbsp;&nbsp;<\/p>\n\n\n\n<p class=\"has-text-align-left\"><a href=\"https:\/\/www.fort-de-fermont.fr\">https:\/\/www.fort-de-fermont.fr<\/a><\/p>\n\n\n\n<div class=\"wp-block-image\"><figure class=\"alignright size-large\"><img decoding=\"async\" width=\"157\" height=\"100\" src=\"http:\/\/srhgx.be\/wordpress\/wp-content\/uploads\/2021\/02\/image-2.png\" alt=\"\" class=\"wp-image-1719\"\/><\/figure><\/div>\n\n\n\n<p>&nbsp;&nbsp;&nbsp;&nbsp;&nbsp;&nbsp;&nbsp;&nbsp;&nbsp;&nbsp;&nbsp;<\/p>\n\n\n\n<p><strong>Ostheim, <\/strong>situ\u00e9 dans le d\u00e9partement du Haut-Rhin<strong>&nbsp;: Visite de la cave Froehlich.<\/strong>  <\/p>\n\n\n\n<p><strong>Logement \u00e0 l\u2019H\u00f4tel \u00ab La Ferme Du Pape \u00bb \u00e0 Eguisheim, <\/strong>le \u00ab berceau du vignoble alsacien \u00bb et class\u00e9 \u00ab Village pr\u00e9f\u00e9r\u00e9 des Fran\u00e7ais \u00bb au cours de l&rsquo;\u00e9mission diffus\u00e9e sur France 2 le 4 juin 2013.   <\/p>\n\n\n\n<div class=\"wp-block-image\"><figure class=\"aligncenter size-large\"><img decoding=\"async\" width=\"138\" height=\"101\" src=\"http:\/\/srhgx.be\/wordpress\/wp-content\/uploads\/2021\/02\/image-3.png\" alt=\"\" class=\"wp-image-1720\"\/><\/figure><\/div>\n\n\n\n<div class=\"wp-block-image\"><figure class=\"alignright size-large\"><img loading=\"lazy\" decoding=\"async\" width=\"83\" height=\"83\" src=\"http:\/\/srhgx.be\/wordpress\/wp-content\/uploads\/2021\/02\/image-4.png\" alt=\"\" class=\"wp-image-1721\"\/><\/figure><\/div>\n\n\n\n<p><strong>Munster : Visite guid\u00e9e d\u2019une fromagerie et d\u00e9gustation de fromage.<\/strong> <\/p>\n\n\n\n<p>&nbsp;&nbsp;&nbsp;&nbsp;&nbsp;&nbsp;&nbsp;&nbsp;&nbsp;&nbsp;&nbsp;&nbsp;<\/p>\n\n\n\n<div class=\"wp-block-image\"><figure class=\"alignright size-large\"><img loading=\"lazy\" decoding=\"async\" width=\"170\" height=\"127\" src=\"http:\/\/srhgx.be\/wordpress\/wp-content\/uploads\/2021\/02\/image-5.png\" alt=\"\" class=\"wp-image-1722\"\/><\/figure><\/div>\n\n\n\n<p><strong>Repas Marcaire (<\/strong>une tourte avec salade, puis du ro\u00efgabrageldi = des pommes de terre cuites \u00e0 l\u2019\u00e9touff\u00e9e aux oignons et au lard, collet fum\u00e9 et salade, du munster et une tarte maison (myrtilles) ou un fromage blanc au kirsch<strong> <\/strong>d\u00e9gust\u00e9 \u00e0 la <strong>ferme auberge de Kastelberg, <\/strong>une ferme de transhumance \u00e0 la d\u00e9coration champ\u00eatre. Situ\u00e9e au milieu des p\u00e2turages,<strong> \u00e0 1200 m d\u2019altitude, <\/strong>acc\u00e8s par la <strong>route des Cr\u00eates, par le col de la&nbsp; Schlucht et le Hohneck <\/strong>qui est le quatri\u00e8me plus haut sommet du massif des Vosges.&nbsp;&nbsp;&nbsp;&nbsp;&nbsp;&nbsp;&nbsp;&nbsp;&nbsp;&nbsp;&nbsp;&nbsp;&nbsp;&nbsp;&nbsp;&nbsp;&nbsp;&nbsp;&nbsp;&nbsp;&nbsp;&nbsp;&nbsp;&nbsp;&nbsp;&nbsp;&nbsp;&nbsp;&nbsp;&nbsp;&nbsp;&nbsp;&nbsp;&nbsp;&nbsp;&nbsp;&nbsp;&nbsp;&nbsp;&nbsp;&nbsp;&nbsp;&nbsp;&nbsp;&nbsp;&nbsp;&nbsp;&nbsp;&nbsp;&nbsp;&nbsp;&nbsp;&nbsp;&nbsp;&nbsp;&nbsp;&nbsp;&nbsp;&nbsp;&nbsp;&nbsp;&nbsp;&nbsp;&nbsp;&nbsp;&nbsp;&nbsp;&nbsp;&nbsp;&nbsp;&nbsp;&nbsp;&nbsp;&nbsp;&nbsp;&nbsp;&nbsp;&nbsp;&nbsp;&nbsp;&nbsp;&nbsp;&nbsp;&nbsp;&nbsp;&nbsp;&nbsp;&nbsp;&nbsp;&nbsp;&nbsp;&nbsp;&nbsp;&nbsp;&nbsp;&nbsp;&nbsp;&nbsp;&nbsp;&nbsp;&nbsp;&nbsp;&nbsp;&nbsp;&nbsp; <\/p>\n\n\n\n<p class=\"has-text-align-center\" style=\"font-size:28px\"><a href=\"https:\/\/www.berchigranges.com\/fr\/\"><strong><span style=\"color:#ef0a16\" class=\"has-inline-color\">jardin de Berchigranges (Granges-sur-Vologne)<\/span><\/strong><\/a><\/p>\n\n\n\n<p style=\"font-size:17px\">Visite du superbe <strong><a href=\"https:\/\/www.berchigranges.com\/fr\/\">jardin de Berchigranges (Granges-sur-Vologne)<\/a><\/strong>. Il se niche sur une ancienne carri\u00e8re de granit \u00e0 650 m\u00e8tres d&rsquo;altitude. Une douzaines de jardins \u00e0 th\u00e8me dans une succession d&rsquo;ambiances tr\u00e8s diff\u00e9rentes tout en gardant un lien avec le milieu si enchanteur de la for\u00eat vosgienne. En <strong>2005<\/strong> il a \u00e9t\u00e9 distingu\u00e9 par le \u00ab <strong>prix du jardin de l&rsquo;ann\u00e9e<\/strong> \u00bb, d\u00e9cern\u00e9 par l&rsquo;Association des journalistes du jardin et de l&rsquo;horticulture. Arriv\u00e9 <strong>en deuxi\u00e8me position<\/strong> dans le classement <strong>2013<\/strong> du \u00ab\u00a0<strong>Jardin pr\u00e9f\u00e9r\u00e9 des Fran\u00e7ais<\/strong>\u00ab\u00a0, \u00e9mission anim\u00e9e par St\u00e9phane Bern sur France 2.   <\/p>\n\n\n\n<div class=\"wp-block-image\"><figure class=\"alignright size-large\"><a href=\"https:\/\/www.berchigranges.com\/fr\/\"><img loading=\"lazy\" decoding=\"async\" width=\"202\" height=\"113\" src=\"http:\/\/srhgx.be\/wordpress\/wp-content\/uploads\/2021\/02\/image-6.png\" alt=\"\" class=\"wp-image-1723\"\/><\/a><\/figure><\/div>\n\n\n\n<p>\u00ab\u00a0Pour installer leur \u00e9den sur ces cr\u00eates vosgiennes, ils en ont d\u00e9plac\u00e9 des montagnes ! Manipul\u00e9 des tonnes de granit, abattu 3000 \u00e9pic\u00e9as, rapport\u00e9 des milliers de m\u00e8tres cubes de terre v\u00e9g\u00e9tale.<\/p>\n\n\n\n<p>Un travail acharn\u00e9 de 20 ans pour modeler le paysage, sculpter le terrain, apprivoiser l&rsquo;eau, s\u00e9lectionner, rechercher et acclimater plus de 4000 vari\u00e9t\u00e9s de v\u00e9g\u00e9taux.<br><br>A 700 m de haut, l&rsquo;ancienne carri\u00e8re s&rsquo;est mue en un paradis v\u00e9g\u00e9tal opulent : le Jardin de Berchigranges, o\u00f9 se c\u00f4toient des esp\u00e8ces venues des plages de la Mer du Nord et des plantes himalayennes, en somme un joyeux m\u00e9li-m\u00e9lo de plantes originaires de r\u00e9gions de 0 \u00e0 4000 m d&rsquo;altitude.<\/p>\n\n\n\n<p>4000 vari\u00e9t\u00e9s de plantes de l&rsquo;h\u00e9misph\u00e8re nord s&rsquo;y d\u00e9veloppent en compagnie de la flore locale pr\u00e9sente dans tous les massifs. La situation de moyenne montagne permet la culture d&rsquo;une grande diversit\u00e9 de collections. La plus importante est celle de narcisses en avril et mai suivie de pr\u00e8s par celle de pavots bleus de l&rsquo;Himalaya et de primev\u00e8res asiatiques.<\/p>\n\n\n\n<p>La personnalit\u00e9 de ce jardin se d\u00e9couvre dans ses courbes, ses niveaux, sa \u00ab\u00a0g\u00e9om\u00e9trie variable\u00a0\u00bb qui surprend et envo\u00fbte tout \u00e0 la fois, mais aussi \u00e0 l&rsquo;omnipr\u00e9sence de l&rsquo;eau qui apaise et anime. On ne visite pas Berchigranges, on y vit des \u00e9motions.<\/p>\n\n\n\n<p>De l&rsquo;ensemble de tous ces \u00e9l\u00e9ments est n\u00e9 un jardin unique ou la po\u00e9sie s&rsquo;allie \u00e0 la cr\u00e9ation pour une ode \u00e0 la nature<\/p>\n\n\n\n<figure class=\"wp-block-gallery columns-2 is-cropped wp-block-gallery-1 is-layout-flex wp-block-gallery-is-layout-flex\"><ul class=\"blocks-gallery-grid\"><li class=\"blocks-gallery-item\"><figure><img loading=\"lazy\" decoding=\"async\" width=\"1024\" height=\"512\" src=\"http:\/\/srhgx.be\/wordpress\/wp-content\/uploads\/2021\/02\/1120_560_7_avril-1-1024x512.jpg\" alt=\"\" data-id=\"1820\" data-full-url=\"http:\/\/srhgx.be\/wordpress\/wp-content\/uploads\/2021\/02\/1120_560_7_avril-1.jpg\" data-link=\"http:\/\/srhgx.be\/wordpress\/excursion-alsace-2015\/1120_560_7_avril-1\/\" class=\"wp-image-1820\" srcset=\"http:\/\/srhgx.be\/wordpress\/wp-content\/uploads\/2021\/02\/1120_560_7_avril-1-1024x512.jpg 1024w, http:\/\/srhgx.be\/wordpress\/wp-content\/uploads\/2021\/02\/1120_560_7_avril-1-300x150.jpg 300w, http:\/\/srhgx.be\/wordpress\/wp-content\/uploads\/2021\/02\/1120_560_7_avril-1-768x384.jpg 768w, http:\/\/srhgx.be\/wordpress\/wp-content\/uploads\/2021\/02\/1120_560_7_avril-1.jpg 1120w\" sizes=\"(max-width: 1024px) 100vw, 1024px\" \/><\/figure><\/li><li class=\"blocks-gallery-item\"><figure><img loading=\"lazy\" decoding=\"async\" width=\"1024\" height=\"512\" src=\"http:\/\/srhgx.be\/wordpress\/wp-content\/uploads\/2021\/02\/1120_560_7_juillet-3-1024x512.jpg\" alt=\"\" data-id=\"1815\" data-full-url=\"http:\/\/srhgx.be\/wordpress\/wp-content\/uploads\/2021\/02\/1120_560_7_juillet-3.jpg\" data-link=\"http:\/\/srhgx.be\/wordpress\/?attachment_id=1815\" class=\"wp-image-1815\" srcset=\"http:\/\/srhgx.be\/wordpress\/wp-content\/uploads\/2021\/02\/1120_560_7_juillet-3-1024x512.jpg 1024w, http:\/\/srhgx.be\/wordpress\/wp-content\/uploads\/2021\/02\/1120_560_7_juillet-3-300x150.jpg 300w, http:\/\/srhgx.be\/wordpress\/wp-content\/uploads\/2021\/02\/1120_560_7_juillet-3-768x384.jpg 768w, http:\/\/srhgx.be\/wordpress\/wp-content\/uploads\/2021\/02\/1120_560_7_juillet-3.jpg 1120w\" sizes=\"(max-width: 1024px) 100vw, 1024px\" \/><\/figure><\/li><\/ul><\/figure>\n\n\n\n<p>Le visiteur parcourt ainsi sur trois hectares plusieurs petits jardins th\u00e9matiques (le jardin de fra\u00eecheur, le jardin de pluie, le jardin de cottage\u2026) ainsi que des parcours plus \u00ab construits \u00bb tels que la grande <a href=\"http:\/\/www.deco.fr\/jardin-jardinage\/travaux-entretien\/amenager-un-jardin-en-rocaille\/\" target=\"_blank\" rel=\"noreferrer noopener\">rocaille<\/a> ou le chemin du grand monde. Notre but a toujours \u00e9t\u00e9 d\u2019interpeller le public, tant par les odeurs que les couleurs ou les sons de la nature. A la mani\u00e8re d\u2019un roman, le jardin de Berchigranges est plein de surprises, que les promeneurs d\u00e9couvrent chapitre apr\u00e8s chapitre.<\/p>\n\n\n\n<p>Les b\u00e2timents de la graniterie n\u2019\u00e9taient plus que ruines. La neige s\u2019y infiltrait ; le chaos des carri\u00e8res offrait le paysage fantasmagorique que l\u2019on peut imaginer. Les&nbsp;granitiers, ayant exploit\u00e9 celle-ci pendant 15 ans, puis l\u2019ayant abandonn\u00e9e \u00e0 la suite de la chute des cours du granit concurrenc\u00e9 par celui du Br\u00e9sil, n\u2019ont rien trouv\u00e9 de mieux que de planter 5000 \u00e9pic\u00e9as avant de partir, ce qui se faisait beaucoup \u00e0 l\u2019\u00e9poque. Le paysage de la for\u00eat vosgienne porte encore aujourd\u2019hui l\u2019empreinte de cette mode. La \u00ab&nbsp;ligne bleue des Vosges&nbsp;\u00bb doit son nom au fait que tout le massif a \u00e9t\u00e9 plant\u00e9 \u00e0 une \u00e9poque, d\u2019\u00e9pic\u00e9as serr\u00e9s.<\/p>\n\n\n\n<p>Un travail de terrassiers<\/p>\n\n\n\n<p>Le terrain \u00e9tait une <strong>moraine glaciaire d\u2019o\u00f9 sortaient d\u2019innombrables ruisseaux&nbsp;: pas \u00e9tonnant que l\u2019eau soit pr\u00e9sente.<\/strong><\/p>\n\n\n\n<p>\u00ab&nbsp;Ce terrain n\u2019\u00e9tait vraiment pas pr\u00e9vu pour faire un jardin&nbsp;\u00bb, reconna\u00eet Thierry Dronet. \u00ab&nbsp;Nous avons d\u00fb arracher 3000 \u00e9pic\u00e9as, et nous nous sommes rendus compte qu\u2019il n\u2019y avait pas du tout de terre, m\u00eame pas de quoi semer un sachet de radis. Nous avons donc fait venir 150 camions de terre, ce qui repr\u00e9sente plus de 500 tonnes. Ceci nous a permis de cr\u00e9er les volumes, les formes, les courbes et les vallons, en tirant parti du relief, et surtout d\u2019apprivoiser l\u2019eau qui s\u2019\u00e9chappait. Il y a des endroits du jardin o\u00f9 l\u2019on se retrouve avec 1,50 m de terre, d\u2019autres o\u00f9 il n\u2019y a que 10 cm. Parfois la roche affleure, r\u00e9v\u00e9lant la qualit\u00e9 du sous-sol. Tout l\u2019espace a \u00e9t\u00e9 remani\u00e9. Il n\u2019y a pas un m\u00e8tre carr\u00e9 qui soit naturel. Les circulations d\u2019eau sont enti\u00e8rement artificielles. L\u2019eau \u00e9tait pr\u00e9sente partout, puisque c\u2019est un terrain moranique. On la trouvait d\u00e8s que l\u2019on creusait \u00e0 50 ou 60 cm. Elle \u00e9tait incontr\u00f4lable ; passait l\u00e0 o\u00f9 elle voulait se frayer un chemin. Il y avait des r\u00e9surgences sporadiques. Des parties de gazon ont \u00e9t\u00e9 compl\u00e9tement arrach\u00e9es. C\u2019est un combat perp\u00e9tuel. Il a fallu 7 ou 8 ans pour l\u2019apprivoiser. L\u2019\u00e9tang existant \u2013 les granitiers avaient besoin de beaucoup d\u2019eau pour refroidir leurs outils- \u00e9tait combl\u00e9. Il a \u00e9t\u00e9 agrandi, puis une autre pi\u00e8ce d\u2019eau a \u00e9t\u00e9 cr\u00e9\u00e9e pour qu\u2019il n\u2019y ait plus de d\u00e9bordements. Nous avons aussi r\u00e9alis\u00e9 des petits d\u00e9parts de ruisseaux. En cas de gros orages, je vais -dit Thierry- d\u00e9placer quelques pierres. Nous vivons en symbiose avec la nature, nous essayons de nous entendre au mieux avec elle&nbsp;\u00bb.<\/p>\n\n\n\n<p><strong>Rosiers plant\u00e9s \u00e0 la barre \u00e0 mine<\/strong><\/p>\n\n\n\n<p>\u00ab&nbsp;Quant \u00e0 la terre&nbsp;\u00bb ajoute Thierry passionn\u00e9, \u00ab&nbsp;l\u2019\u00e9quipement qui, \u00e0 l\u2019\u00e9poque, curait les foss\u00e9s en plaine, nous en a fourni une bonne partie. De la bonne terre en d\u00e9composition \u00e0 laquelle nous avons ajout\u00e9 50t de vase de l\u2019\u00e9tang.<\/p>\n\n\n\n<p>Cela a fait un bon m\u00e9lange et permis de cr\u00e9er un jardin infiniment vari\u00e9 de par la diversit\u00e9 du sol, des conditions de culture et de l\u2019orientation. De toute fa\u00e7on, ici, quand on veut planter un rosier, on ne part pas sans la barre \u00e0 mine !<\/p>\n\n\n\n<p>Mais c\u2019est ce qui donne son caract\u00e8re \u00e0 ce jardin. Nous aurions pu faire un jardin en Normandie, ou dans une r\u00e9gion plus cl\u00e9mente, mais ce sont ces difficult\u00e9s qui nous ont oblig\u00e9s \u00e0 une cr\u00e9ation et \u00e0 une adaptation int\u00e9grale.<\/p>\n\n\n\n<p>Malgr\u00e9 la dominante acide, nous avons tout de m\u00eame des plantes end\u00e9miques r\u00e9put\u00e9es pousser sur terrain calcaire. Je pense que nous avons des filons calcaires en sous-sol&nbsp;\u00bb.<\/p>\n\n\n\n<p><strong>La passion qui donne des ailes<\/strong><\/p>\n\n\n\n<p>La surface actuellement cultiv\u00e9e par Thierry et Monique est de 7000 \u00e0 8000 m\u00b2, mais ils pensent traiter la surface totale d\u2019ici huit ans, parce qu\u2019ils ne sont que deux. D\u2019ailleurs, ils agrandissent chaque ann\u00e9e par tel ou tel coin diff\u00e9rent des pr\u00e9c\u00e9dents. Leur courage leur attire des sympathies, tel ce cur\u00e9 \u00e2g\u00e9 et collectionneur de plantes de montagne depuis 40 ans qui, sentant ses forces l\u2019abandonner un peu, leur a offert toutes les plantes de son jardin, qu\u2019ils se sont empress\u00e9s de transf\u00e9rer dans la toute nouvelle rocaille de Berchigranges.<br>Histoire de s\u2019amuser, ils ont aussi r\u00e9cemment cr\u00e9\u00e9 la Chauss\u00e9e des G\u00e9antes. Il s\u2019agit de tout un ensemble inspir\u00e9 de l\u2019Irlande, reproduit avec des piquets d\u2019acacias plant\u00e9s debout et qui composent une sorte d\u2019\u00e9norme rocaille de bois, au milieu de laquelle circule un chemin creux. Le but est d\u2019y planter des vari\u00e9t\u00e9s g\u00e9antes \u00ab&nbsp;dont on pourra voir le dessous des jupons en se promenant&nbsp;\u00bb dit Thierry avec humour.<br>Parmi les nouveaut\u00e9s, il faut encore signaler la Chambre des Dames, jardin octogonal ceint d\u2019une charmille, elle aussi octogonale, et parquet\u00e9e de briques et de bois. C\u2019est un lieu de repos fait pour se d\u00e9lecter des plantes \u00e0 parfum anciennes.<\/p>\n\n\n\n<p><strong>Quatre mains<\/strong><\/p>\n\n\n\n<p>\u00ab&nbsp;Ce qui nous reste \u00e0 faire maintenant&nbsp;\u00bb, ajoute Monique, \u00ab&nbsp;c\u2019est le dessert. Le plus dur est fait. Nous allons laisser une partie en sous-bois, car ils sont magnifiques ici. Il y a beaucoup de Molinia, de Luzula de Festuca. Ce jardin est un puzzle. Nous avons dix projets en cours. Si jusqu\u2019\u00e0 pr\u00e9sent, nous avons jou\u00e9 avec l\u2019eau, maintenant nous allons travailler avec les min\u00e9raux, le soleil et des v\u00e9g\u00e9taux qui ne poussent habituellement pas ici&nbsp;\u00bb. Depuis 17 ans, Monique collectionne patiemment les plantes. Horticultrice de formation, elle se passionne pour le monde v\u00e9g\u00e9tal. Elle a accumul\u00e9 les simples plantes qu\u2019elle ramasse sur le bord du sentier et rassembl\u00e9 tout ce qu\u2019elle a trouv\u00e9 au cours de ses voyages. Son jardin est une vraie p\u00e9pini\u00e8re. Et d\u2019ajouter avec un air enjou\u00e9 teint\u00e9 de malice : \u00ab&nbsp;Thierry et moi, nous nous sommes rencontr\u00e9s il y a six ans. Lui paysagiste a d\u00e9di\u00e9 ses connaissances \u00e0 l\u2019architecture du paysage, au rythme des volumes. Quant \u00e0 moi, j\u2019ai apport\u00e9 dans la corbeille de la mari\u00e9e quelques milliers de plantes, et le don tr\u00e8s f\u00e9minin d\u2019assortir les v\u00e9g\u00e9taux par leurs couleurs, leurs formes, leurs floraisons. C\u2019est pourquoi, les gens qui viennent ici croient qu\u2019ils sont dans un jardin ancien. Si quelqu\u2019un devait acqu\u00e9rir autant de plantes, il y engloutirait une fortune. Cela nous a \u00e9t\u00e9 possible, parce que nous poss\u00e9dions d\u00e9j\u00e0 ces v\u00e9g\u00e9taux. Cela repr\u00e9sente un travail de fourmi et des ann\u00e9es de recherches. On peut dire que le jardin est jeune, mais il est la r\u00e9sultante de deux fois quinze ans de travail avec les comp\u00e9tences de deux personnes, plus quatre ann\u00e9es de travail intensif du couple. A vrai dire, Berchigranges est un jardin de couple. Si j\u2019avais \u00e9t\u00e9 seule devant la t\u00e2che, poursuit Monique, je n\u2019aurais jamais fait le jardin comme il est aujourd\u2019hui. Si Thierry l\u2019avait r\u00e9alis\u00e9 seul, il l\u2019aurait s\u00fbrement con\u00e7u autrement. C\u2019est un tableau fait \u00e0 quatre mains. Ce qui est formidable, c\u2019est la compl\u00e9mentarit\u00e9. Les choses sont diff\u00e9rentes, selon que c\u2019est un homme, une femme ou un couple qui est le ma\u00eetre d\u2019oeuvre.<\/p>\n\n\n\n<p><strong>Un jardin de caract\u00e8re<\/strong><\/p>\n\n\n\n<p>Lorsqu\u2019on parcourt le jardin, on se rend compte tr\u00e8s vite qu\u2019il s\u2019agit d\u2019un v\u00e9ritable tour de force. Cela repr\u00e9sente des jours et des jours \u00e0 plancher sur les catalogues des p\u00e9pini\u00e9ristes. Avoir rassembl\u00e9 autant de plantes diverses en si peu de temps tient de la magie ou tout au moins d\u2019une excellente organisation et connaissance de chaque esp\u00e8ce. Les collections nationales de primev\u00e8res et d\u2019oeillets, grandes sp\u00e9cialit\u00e9s de Monique, sont \u00e9poustouflantes. On est s\u00e9duit par ce c\u00f4t\u00e9 cottage anglais au beau milieu des Vosges, \u00e0 650m d\u2019altitude.<br>On est \u00e9merveill\u00e9 par cet \u00e9crin rassemblant autant de plantes rares, de collections parfois anciennes ou venant de l\u2019autre bout du monde, que ce soit de l\u2019Himalaya ou des dunes irlandaises, c\u00f4toyant des plantes sauvages patiemment acclimat\u00e9es. Le tout forme un joyeux fouillis, organis\u00e9 pour cr\u00e9er des sc\u00e8nes au charme infini, allant de la pergola de roses au jardin alpin, aux ruisseaux au potager et aux nombreux coins de repos.<br>Comme dans tout jardin anglais qui se respecte, le \u00ab&nbsp;Jardin de Cottage&nbsp;\u00bb de Berchigranges est sillonn\u00e9 par des all\u00e9es de gazon. \u00ab&nbsp;Il y a vingt heures de tonte et de taille des bordures par semaine&nbsp;\u00bb explique Thierry. \u00ab&nbsp;Ce qui fait le plus rire les visiteurs, c\u2019est de nous voir courir apr\u00e8s la tondeuse \u00e0 cause du relief. Il est impossible d\u2019utiliser une tondeuse auto-port\u00e9e. Ici je connais tous les cailloux, tous les \u00e9cueils par coeur. C\u2019est un jardin qui s\u2019est moul\u00e9 au terrain et non un terrain qui a \u00e9t\u00e9 adapt\u00e9 au jardin, et c\u2019est pourquoi il a ce caract\u00e8re. C\u2019est un jardin patience.&nbsp;\u00bb<\/p>\n\n\n\n<p><strong>Contre vents et\u2026neige<\/strong><\/p>\n\n\n\n<p>Autre casse-t\u00eate. L\u2019hiver ici est tr\u00e8s rigoureux et arrive toujours soit trop t\u00f4t soit trop tard. Il peut y avoir des pointes \u00e0 moins quinze ou moins vingt d\u2019octobre \u00e0 d\u00e9cembre. La neige ne s\u2019annonce pas avant janvier\/f\u00e9vrier. Entre-temps, les plantes ont subi de grands froids, sans \u00eatre prot\u00e9g\u00e9es par leur manteau de neige. Il arrive que la neige persiste jusqu\u2019en avril, ce qui g\u00eane \u00e9norm\u00e9ment Monique et Thierry dans leur activit\u00e9 commerciale de vente de plants. \u00ab&nbsp;Les clients arrivent d\u2019Epinal avec leurs petits escarpins aux pieds (quand encore ils arrivent \u00e0 monter par la route verglac\u00e9e). Quand ils parviennent ici, ils sont tous d\u00e9\u00e7us d\u2019apprendre que nous n\u2019avons rien \u00e0 leur vendre parce que tout est encore recouvert de neige. Cela s\u2019est encore pass\u00e9 l\u2019ann\u00e9e derni\u00e8re&nbsp;\u00bb ajoute Monique qui reconna\u00eet que si la neige n\u2019est pas toujours un avantage, les conditions climatiques des Vosges permettent l\u2019adaptation des plantes d\u2019altitude, et en particulier des Corydalis, des primev\u00e8res japonaises, des Meconopsis betonicifolia qui adorent recevoir la ros\u00e9e sur leurs feuilles le matin. La condensation est importante pour ces plantes qui ne se contentent pas de l\u2019eau apport\u00e9e aux racines. Elle a m\u00eame essay\u00e9 de planter un Meconopsis dans la rocaille s\u00e8che, c\u2019est \u00e0 dire au soleil et dans un sol tr\u00e8s drain\u00e9 \u2013 tout le contraire de ce que veut la fleur \u2013 et il est magnifique gr\u00e2ce uniquement \u00e0 la fra\u00eecheur et \u00e0 la ros\u00e9e matinale&nbsp;\u00bb.<\/p>\n\n\n\n<p><strong>D\u00e9couvertes<\/strong><\/p>\n\n\n\n<p>\u00ab&nbsp;Il faut bien que nous ayons des consolations&nbsp;\u00bb rench\u00e9rit Monique. \u00ab&nbsp;Ici, en moyenne montagne, nous pouvons faire pousser des plantes de plaine et des plantes d\u2019altitude. Nous faisons venir des plantes d\u2019en bas et des plantes d\u2019en haut, et les faisons se rencontrer. C\u2019est ce qui rend ce jardin int\u00e9ressant, parce que, justement, on peut tester plein de choses. Non content d\u2019avoir ce sous-sol, cet apport de terre multiple et divers, ces alternances d\u2019ombre et de soleil, ces zones humides ou drain\u00e9es, la situation g\u00e9ogaphique de moyenne montagne nous permet d\u2019avoir un jardin d\u2019exp\u00e9rimentation fabuleux, et on n\u2019a pas fini de d\u00e9couvrir des choses. Nous avons fait une exp\u00e9rience avec le Mertensia maritima, une plante des dunes qui nous avait \u00e9t\u00e9 offerte par un ami breton. Eh bien, ici, non seulement elle se pla\u00eet, mais elle se ress\u00e8me, prolif\u00e8re depuis trois ans et conserve m\u00eame son go\u00fbt d\u2019hu\u00eetre iod\u00e9e. Elle est \u00e0 la place d\u2019honneur dans notre potager, parmi les rangs des salades. Et pour en revenir \u00e0 l\u2019hiver, on n\u2019a pas le temps de s\u2019ennuyer. Entre l\u2019\u00e9laboration du catalogue et les 80 camions de terre que nous avons remu\u00e9e cette ann\u00e9e, nous n\u2019avons pas besoin de faire de jogging. Les conditions extr\u00eames de climat sont \u00e0 la fois un inconv\u00e9nient et un avantage. Quand nous arrivons \u00e0 Saint-Jean-de-Beauregard au printemps, avec nos plants minuscules par rapport \u00e0 ceux des coll\u00e8gues de plaine ou du Midi, nous faisons triste mine. Par contre nombre de nos clients ont constat\u00e9 que nos plants, \u00e9lev\u00e9s \u00e0 la dure, sont plus r\u00e9sistants que ceux des autres. Ils viennent nous les acheter pour cette qualit\u00e9. Nous ne pouvons pas pousser nos plantes, ou alors il nous faudrait un tunnel chauff\u00e9, et ce serait ruineux.&nbsp;\u00bb<\/p>\n\n\n\n<p>Cette visite de d\u00e9but Mai est l\u2019occasion de d\u00e9couvrir l\u2019\u00e9poustouflante collection de Narcisse (il existe + de 400 vari\u00e9t\u00e9s ! ). La Narcisse&nbsp;est une fleur qui nous est ch\u00e8re au d\u00e9but du printemps, puisque dans les Vosges nous c\u00e9l\u00e9brons la Jonquille.<\/p>\n\n\n\n<p><strong>A Berchigranges que l&rsquo;on trouve la plus grande collection d&rsquo;Europe de narcisses,<\/strong> puisqu&rsquo;on d\u00e9nombre plus de 400 vari\u00e9t\u00e9s diff\u00e9rentes.<\/p>\n\n\n\n<p>Le <strong>pavot bleu de l\u2019Himalaya<\/strong> <em>(Meconopsis betonicifolia) <\/em>est ici \u00e0 l\u2019honneur. Originaire du Tibet, cette merveilleuse fleur bleue azur pousse en altitude. Particuli\u00e8rement difficile \u00e0 cultiver, le pavot bleu est ici \u00e0 son aise, recevant la bonne hygrom\u00e9trie et la fra\u00eecheur id\u00e9ale \u00e0 son \u00e9panouissement.<br><br><a href=\"https:\/\/www.berchigranges.com\/fr\/le-jardin-de-berchigranges.html#haut\">https:\/\/www.berchigranges.com\/fr\/le-jardin-de-berchigranges.html#haut<\/a><\/p>\n\n\n\n<p><strong>A \u2013 LES \u00c9TANGS<\/strong><br>Des miroirs pour kidnapper et s&rsquo;approprier un petit coin de ciel o\u00f9 s&rsquo;\u00e9panouit toute une vie : libellules et autres insectes, t\u00eatards, grenouilles, truites et m\u00eame parfois avant le r\u00e9veil du jardinier, h\u00e9rons ou canards sauvages.<br><br><br><strong>B &#8211; LE JARDIN DE COTTAGE<\/strong><br>Inspir\u00e9 des jardins de cottage anglais on en trouve tous les ingr\u00e9dients : pergola en bois naturel orn\u00e9e de rosiers anciens, entrelacs de buis, potager, plantes anciennes et plantes sauvages, contraste entre all\u00e9e gazonn\u00e9e et massif \u00e0 l&rsquo;allure faussement spontan\u00e9e.<br><strong><br><br>C &#8211; LES JARDINS DE FRA\u00ceCHEUR<\/strong><br>L&rsquo;eau y sommeille, jaillit de terre, ruisselle, cascade, stagne, s&rsquo;infiltre, glougloute, \u00e9clabousse, elle donne le tempo et apporte la fra\u00eecheur n\u00e9cessaire aux primev\u00e8res d&rsquo;Asie et au pavot bleu de l&rsquo;Himalaya&#8230;<br><br><br><strong>D &#8211; LE TALUS<\/strong><br>Rideau de feuillage chamarr\u00e9 o\u00f9 se cachent les silhouettes des troncs \u00e0 \u00e9corces satin\u00e9es et color\u00e9es : rouge soyeux pour le prunus du Tibet, blanc cr\u00e9meux rose pour les bouleaux.<br><br><br><strong>E &#8211; LA CASCADE DE ROSIERS<\/strong><br>Lisi\u00e8re de rosiers botaniques annon\u00e7ant un changement de d\u00e9cors et d&rsquo;ambiance.<br><strong><br><br>F -LE JARDIN POURPRE<\/strong><br>\u00c9carlate, cramoisi, rubis, carmin, grenat, incarnat. \u00c9corce, tige, feuille, fleur, ici le pourpre se d\u00e9cline \u00e0 toutes les saisons et se conjugue sur tous les tons.<br><br><br><strong>G &#8211; LA CHAUSS\u00c9E DES G\u00c9ANTS<br><\/strong>Jardin en trois dimensions o\u00f9 l&rsquo;on est invit\u00e9 \u00e0 circuler, p\u00e9n\u00e9trer, s&rsquo;infiltrer au plus pr\u00e8s des plantes. On peut les aborder par-dessous ou par-dessus, faire une halte dans le salon de thym sur les bancs de verdure. Jardin rappelant les chemins creux o\u00f9 l&rsquo;on peut laisser vagabonder son imagination, les yeux \u00e0 la hauteur des narcisses au printemps, \u00e0 l&rsquo;ombre des plantes g\u00e9antes plus tard dans la saison.<br><br><br><strong>H &#8211; LA GRANDE ROCAILLE<\/strong><br>Du grain de sable au roc de granit, tout cet univers min\u00e9ral a \u00e9t\u00e9 enti\u00e8rement am\u00e9nag\u00e9 pour accueillir tout un monde v\u00e9g\u00e9tal bien particulier: ici les plantes sont des joyaux offerts par la nature a ceux qui sauront les observer.<br><br><br><strong>I &#8211; LA SARABANDE DE FEUX FOLLETS<\/strong><br>Les gammes de terre br\u00fbl\u00e9e et d&rsquo;orang\u00e9 en passant par le violet s&rsquo;interpellent pour embraser ce coin du jardin : peut-\u00eatre y rencontrerez-vous le spectre d&rsquo;un arbre calcin\u00e9.<br><br><br><strong>J &#8211; LA CHAMBRE DES DAMES<\/strong><br>Jardin clos pour emprisonner les senteurs, sucr\u00e9es, anis\u00e9es, menthol\u00e9es, \u00e9pic\u00e9es, et m\u00eame chocolat\u00e9es, il y en aura pour tous les nez.<br><br><br><strong>K \u2013 LE JARDIN FLIPPER<\/strong><br>Passez d&rsquo;un univers g\u00e9om\u00e9trique et v\u00e9g\u00e9tal au chaos min\u00e9ral, de l&rsquo;horizontale \u00e0 la verticale. Engagez vous dans un monde domin\u00e9 par la ligne droite et l&rsquo;ordre impos\u00e9 par l&rsquo;homme pour vous retrouver dans un univers o\u00f9 la courbe et la nature retrouvent leurs pleins droits. L&rsquo;homme face \u00e0 lui-m\u00eame est dans une impasse : seule la nature lui permet de se retrouver.<\/p>\n\n\n\n<p>Le <strong>flipper<\/strong> repr\u00e9sente la rigueur g\u00e9om\u00e9trique du jardinier qui impose son diktat \u00e0 la nature. Dans la prairie, le contraste r\u00e8gne entre les esp\u00e8ces sauvages et horticoles, o\u00f9&nbsp;on laisse les plantes se d\u00e9brouiller entre elles, afin de cr\u00e9er un fantastique kal\u00e9idoscope avec la biodiversit\u00e9 qui y vit.<\/p>\n\n\n\n<p>Labyrinthes qui ne n\u00e9cessitent pas moins de cinq tailles annuelles<br><br><br><strong>L &#8211; LE CHEMIN DU \u201cGRAND MONDE\u201d<\/strong><br>Le min\u00e9ral accompagne le v\u00e9g\u00e9tal et d\u00e9roule un sentier de granit vosgien qui accueille aussi des pierres venues d\u2019autres contr\u00e9es : Islande, Ecosse, Irlande, Tunisie, San Francisco, Hong Kong, Broc\u00e9liande, etc. Le sentier devient mur, la pierre devient pav\u00e9, puis gravier, puis sable et se perd dans un d\u00e9dale de rochers. Le mur se d\u00e9double, serpente entre les arbres, dispara\u00eet, rebondit, rena\u00eet, dessine des cercles, se transforme en pont, s\u2019\u00e9loigne et s\u2019\u00e9vapore.<br><strong><br><br>M &#8211; LE JARDIN DE PLUIE<\/strong><br>Ce jardin sans artifice est un hymne \u00e0 la pluie. Il sera ouvert uniquement les jours pluvieux, pour une promenade romantique avec ou sans parapluie.<br><br><br><strong>N &#8211; HEDERA DES VILLES &#8211; HEDERA DES CHAMPS<\/strong><br>Dans l\u2019esprit du Land\u2019Art nous avons cr\u00e9\u00e9 un jardin tout en bois, (sol en rondins d&rsquo;\u00e9pic\u00e9a, mur \u00ab\u00a0serpent\u00a0\u00bb en acacia), que nous abandonnons aux Hedera (lierres) :&nbsp; qu\u2019adviendra t-il au fil des ans ?<br><strong><br><br>O &#8211; LE JARDIN AIL ET OUILLE<\/strong><br>Le serpent de bois se transforme en serpent de pierre pour cr\u00e9er, sur une surface identique et \u00e0 la m\u00eame orientation que la terrasse pr\u00e9c\u00e9dente, une ambiance totalement diff\u00e9rente. L\u2019usage du min\u00e9ral et de la couleur \u201cgrise\u201d donne une impression d\u2019aridit\u00e9. Vous \u00eates dans le domaine des plantes piquantes et \u00e9pineuses mais aussi des Alliums.<\/p>\n\n\n\n<p>le \u00ab&nbsp;Jardin ail et ouille&nbsp;\u00bb qui m\u00eale plantes piquantes et alliums a d\u00e9j\u00e0 repris ses couleurs grises et pourpres.<\/p>\n\n\n\n<p><strong><br><br>P &#8211; LA ROCAILLE FRA\u00ceCHE<\/strong><br>T\u00e9moin du pass\u00e9, cet endroit vous raconte l\u2019histoire du jardin. Les blocs rocheux t\u00e9moignent d\u2019une \u00e9poque tr\u00e8s tr\u00e8s ancienne qui a donn\u00e9 naissance \u00e0 la moraine glaciaire qui est sous vos pieds. Des pierres plus ou moins taill\u00e9es vous parlent de cette p\u00e9riode o\u00f9 BERCHIGRANGES fut une carri\u00e8re de granit.<br><br><br><strong>Q &#8211; LE JARDIN DE GRAVIER<\/strong><br>Retour aux sources pour cette version contemporaine du \u00ab jardin de cottage \u00bb. Installez-vous \u00e0 l\u2019 abri du \u00abKiosque aux oiseaux \u00bb et \u00e9coutez passer le temps.<\/p>\n\n\n\n<p>Septembre<\/p>\n\n\n\n<p>Septembre, ce sont avant tout&nbsp; le festival des gramin\u00e9es, des asters, des Actaeas, des colchiques, Schizostylis, mais aussi cette ann\u00e9e des colorations pr\u00e9coces. Le lieu est baign\u00e9 de calme et de lumi\u00e8re, \u00e7a y est, on est envo\u00fbt\u00e9&#8230;<\/p>\n\n\n\n<p><strong>la gramin\u00e9e Stipa \u2019barbata\u2019 (\u2019pulcherrima\u2019).<\/strong> Elle pousse dans les \u00e9boulis rocheux rocailleux. Ses longs filets argent\u00e9s se balancent au gr\u00e9 du vent. Superbe&#8230;<\/p>\n\n\n\n<p>La p\u00e9pini\u00e8re \u00ab\u00a0Un Jardin de Cottage\u00a0\u00bb est implant\u00e9e au sein m\u00eame Jardin de Berchigranges.<br>(rosiers anciens, buis, plantes anciennes et sauvages, et all\u00e9es gazonn\u00e9es)<br>Elle est l\u00e0 pour permettre aux visiteurs de se procurer certaines des plantes pr\u00e9sentes au jardin, dans la mesure o\u00f9 celles-ci sont disponibles \u00e0 la vente.<\/p>\n\n\n\n<p><\/p>\n\n\n\n<p class=\"has-medium-font-size\"><strong>En r\u00e9sum\u00e9, le Jardin de Berchigranges est n\u00e9 de la rencontre d&rsquo;un couple avec un lieu magique et d&rsquo;un travail tout en harmonie et complicit\u00e9. Il se niche sur une ancienne carri\u00e8re de granit \u00e0 650 m\u00e8tres d&rsquo;altitude. Des tonnes de terre et un travail patient ont permis d&rsquo;y implanter une douzaines de jardins \u00e0 th\u00e8me dans une succession d&rsquo;ambiances tr\u00e8s diff\u00e9rentes tout en gardant un lien avec le milieu si enchanteur de la for\u00eat vosgienne.<\/strong><\/p>\n\n\n\n<p class=\"has-text-align-center\" style=\"font-size:32px\">R\u00c9OUVERTURE 15 AVRIL 2021<\/p>\n\n\n\n<figure class=\"wp-block-image size-large is-style-rounded\"><img loading=\"lazy\" decoding=\"async\" width=\"605\" height=\"403\" src=\"http:\/\/srhgx.be\/wordpress\/wp-content\/uploads\/2021\/02\/image-7.png\" alt=\"Le groupe Horticole en Alsace.\" class=\"wp-image-1724\" srcset=\"http:\/\/srhgx.be\/wordpress\/wp-content\/uploads\/2021\/02\/image-7.png 605w, http:\/\/srhgx.be\/wordpress\/wp-content\/uploads\/2021\/02\/image-7-300x200.png 300w\" sizes=\"(max-width: 605px) 100vw, 605px\" \/><figcaption><strong>Le groupe \u00ab\u00a0SRHGx\u00a0\u00bb en Alsace 2015<\/strong>  <\/figcaption><\/figure>\n\n\n\n<p><\/p>\n<div style=\"display:flex; gap:10px;justify-content:center\" class=\"wps-pgfw-pdf-generate-icon__wrapper-frontend\">\n\t\t<a  href=\"http:\/\/srhgx.be\/wordpress\/wp-json\/wp\/v2\/posts\/1717?action=genpdf&amp;id=1717\" class=\"pgfw-single-pdf-download-button\" ><img src=\"http:\/\/srhgx.be\/wordpress\/wp-content\/plugins\/pdf-generator-for-wp\/admin\/src\/images\/PDF_Tray.svg\" title=\"G\u00e9n\u00e9rer un PDF\" style=\"width:auto; height:45px;\"><\/a>\n\t\t<\/div>","protected":false},"excerpt":{"rendered":"<p>Alsace 2015&nbsp; Cette excursion en Alsace fut organis\u00e9e en ao\u00fbt 2015 par Michel Lardinois: elle englobait diff\u00e9rentes visites : visite du fort de Fermont, visites des villes de Metz, Strasbourg,&hellip;&nbsp;<a href=\"http:\/\/srhgx.be\/wordpress\/excursion-alsace-2015\/\" rel=\"bookmark\">Lire la suite &raquo;<span class=\"screen-reader-text\">Excursion Alsace 2015<\/span><\/a><\/p>\n","protected":false},"author":10,"featured_media":1820,"comment_status":"closed","ping_status":"closed","sticky":false,"template":"","format":"standard","meta":{"neve_meta_sidebar":"","neve_meta_container":"","neve_meta_enable_content_width":"","neve_meta_content_width":0,"neve_meta_title_alignment":"","neve_meta_author_avatar":"","neve_post_elements_order":"","neve_meta_disable_header":"","neve_meta_disable_footer":"","neve_meta_disable_title":"","footnotes":""},"categories":[1,1326],"tags":[204,205,112],"ppma_author":[447],"class_list":["post-1717","post","type-post","status-publish","format-standard","has-post-thumbnail","hentry","category-srhgx","category-to-check","tag-alsace","tag-berchigranges","tag-jardin"],"publishpress_future_action":{"enabled":false,"date":"2026-05-07 12:36:34","action":"change-status","newStatus":"draft","terms":[],"taxonomy":"category","extraData":[]},"publishpress_future_workflow_manual_trigger":{"enabledWorkflows":[]},"authors":[{"term_id":447,"user_id":10,"is_guest":0,"slug":"cblancke","display_name":"Christine BLANCKE","avatar_url":"https:\/\/secure.gravatar.com\/avatar\/973b599229553ee0b848ec49ca3de61a676ccbea8c5d03d2f477ac1a73794615?s=96&d=mm&r=g","1":"","2":"","3":"","4":"","5":"","6":"","7":"","8":""}],"_links":{"self":[{"href":"http:\/\/srhgx.be\/wordpress\/wp-json\/wp\/v2\/posts\/1717","targetHints":{"allow":["GET"]}}],"collection":[{"href":"http:\/\/srhgx.be\/wordpress\/wp-json\/wp\/v2\/posts"}],"about":[{"href":"http:\/\/srhgx.be\/wordpress\/wp-json\/wp\/v2\/types\/post"}],"author":[{"embeddable":true,"href":"http:\/\/srhgx.be\/wordpress\/wp-json\/wp\/v2\/users\/10"}],"replies":[{"embeddable":true,"href":"http:\/\/srhgx.be\/wordpress\/wp-json\/wp\/v2\/comments?post=1717"}],"version-history":[{"count":17,"href":"http:\/\/srhgx.be\/wordpress\/wp-json\/wp\/v2\/posts\/1717\/revisions"}],"predecessor-version":[{"id":1845,"href":"http:\/\/srhgx.be\/wordpress\/wp-json\/wp\/v2\/posts\/1717\/revisions\/1845"}],"wp:featuredmedia":[{"embeddable":true,"href":"http:\/\/srhgx.be\/wordpress\/wp-json\/wp\/v2\/media\/1820"}],"wp:attachment":[{"href":"http:\/\/srhgx.be\/wordpress\/wp-json\/wp\/v2\/media?parent=1717"}],"wp:term":[{"taxonomy":"category","embeddable":true,"href":"http:\/\/srhgx.be\/wordpress\/wp-json\/wp\/v2\/categories?post=1717"},{"taxonomy":"post_tag","embeddable":true,"href":"http:\/\/srhgx.be\/wordpress\/wp-json\/wp\/v2\/tags?post=1717"},{"taxonomy":"author","embeddable":true,"href":"http:\/\/srhgx.be\/wordpress\/wp-json\/wp\/v2\/ppma_author?post=1717"}],"curies":[{"name":"wp","href":"https:\/\/api.w.org\/{rel}","templated":true}]}}