{"id":13818,"date":"2026-04-30T11:08:14","date_gmt":"2026-04-30T09:08:14","guid":{"rendered":"http:\/\/srhgx.be\/wordpress\/?p=13818"},"modified":"2026-04-30T11:08:17","modified_gmt":"2026-04-30T09:08:17","slug":"le-jardin-aux-3-zones","status":"publish","type":"post","link":"http:\/\/srhgx.be\/wordpress\/le-jardin-aux-3-zones\/","title":{"rendered":"Le jardin aux 3 zones"},"content":{"rendered":"\n<p><strong>Le concept Hortus en pratique<\/strong><\/p>\n\n\n\n<p class=\"has-neve-link-color-color has-text-color has-link-color has-large-font-size wp-elements-ec4756e95d363382e9ee369efb419d89\"><strong>Markus GASTL<\/strong><\/p>\n\n\n\n<p class=\"has-medium-font-size\"><strong>Mars 2026\u00a0\u00a0\u00a0\u00a0\u00a0\u00a0\u00a0\u00a0\u00a0\u00a0\u00a0\u00a0\u00a0\u00a0 27 \u20ac\u00a0\u00a0\u00a0\u00a0\u00a0\u00a0\u00a0\u00a0\u00a0\u00a0\u00a0\u00a0\u00a0\u00a0 <\/strong><\/p>\n\n\n\n<p class=\"has-medium-font-size\"><strong>\u00c9ditions\u00a0: Terre Vivante<\/strong>     <strong>ISBN : 9782386760181<\/strong><\/p>\n\n\n\n<figure class=\"wp-block-image size-full\"><img fetchpriority=\"high\" decoding=\"async\" width=\"253\" height=\"377\" src=\"http:\/\/srhgx.be\/wordpress\/wp-content\/uploads\/2026\/04\/image-17.png\" alt=\"\" class=\"wp-image-13819\" srcset=\"http:\/\/srhgx.be\/wordpress\/wp-content\/uploads\/2026\/04\/image-17.png 253w, http:\/\/srhgx.be\/wordpress\/wp-content\/uploads\/2026\/04\/image-17-201x300.png 201w, http:\/\/srhgx.be\/wordpress\/wp-content\/uploads\/2026\/04\/image-17-200x298.png 200w\" sizes=\"(max-width: 253px) 100vw, 253px\" \/><\/figure>\n\n\n\n<p><strong>Toutes les \u00e9tapes pour cr\u00e9er un jardin Hortus qui concilie beaut\u00e9, utilit\u00e9 et biodiversit\u00e9.<\/strong><\/p>\n\n\n\n<p><strong>Transformez votre jardin en un \u00e9cosyst\u00e8me autonome et productif<\/strong>.<\/p>\n\n\n\n<p>Saviez-vous que la France abrite plus de 40 000 esp\u00e8ces d\u2019insectes et 250 esp\u00e8ces de papillons de jour ?<\/p>\n\n\n\n<p>Pour les prot\u00e9ger, Markus Gastl a con\u00e7u une m\u00e9thode r\u00e9volutionnaire : le mod\u00e8le Hortus.<\/p>\n\n\n\n<p>Loin de l\u2019obsession du jardin \u201cpropre et tondu\u201d, cet ouvrage vous donne toutes les cl\u00e9s pour concevoir, \u00e9tape par \u00e9tape et quelle que soit votre surface, un jardin magnifique, fonctionnel et riche en vie.<\/p>\n\n\n\n<p>La force de la m\u00e9thode Hortus r\u00e9side dans l\u2019imbrication de trois espaces aux fonctions compl\u00e9mentaires :<\/p>\n\n\n\n<ul class=\"wp-block-list\">\n<li>La <strong>Zone Tampon<\/strong> : Une lisi\u00e8re protectrice compos\u00e9e de haies diversifi\u00e9es et d\u2019esp\u00e8ces indig\u00e8nes.&nbsp;<\/li>\n\n\n\n<li>La <strong>Zone Hotspot<\/strong> : Un espace de prairie et de rocailles con\u00e7u pour maximiser la biodiversit\u00e9 sauvage.&nbsp;<\/li>\n\n\n\n<li>La <strong>Zone de Production<\/strong> : Un potager central g\u00e9r\u00e9 selon les principes de la permaculture, dont le rendement est am\u00e9lior\u00e9 par la pr\u00e9sence massive de la biodiversit\u00e9.\u00a0<\/li>\n<\/ul>\n\n\n\n<p><strong>Markus Gastl<\/strong> a cr\u00e9\u00e9 <strong>l\u2019Hortus Insectorum<\/strong> (le jardin aux insectes), une parcelle de 7 000 m\u00b2.<\/p>\n\n\n\n<p>Dans ce livre, il partage son retour d\u2019exp\u00e9rience pour vous permettre de multiplier les interactions entre plantes et animaux, garantissant la stabilit\u00e9 et la p\u00e9rennit\u00e9 de votre propre jardin.<\/p>\n\n\n\n<p>S\u2019inspirant du fonctionnement de la nature, le concepteur du mod\u00e8le Hortus parvient \u00e0 transformer son jardin en un v\u00e9ritable havre de biodiversit\u00e9, de beaut\u00e9 et d\u2019utilit\u00e9<\/p>\n\n\n\n<p><strong>Markus Gastl<\/strong> est un <strong>g\u00e9ographe allemand<\/strong> n\u00e9 en 1968 qui a r\u00e9volutionn\u00e9 le jardinage \u00e9cologique avec son concept du jardin \u00e0 trois zones.<\/p>\n\n\n\n<p>Anim\u00e9 par sa passion pour la diversit\u00e9 terrestre, il a r\u00e9alis\u00e9 un voyage \u00e0 v\u00e9lo extraordinaire de deux ans et demi, parcourant 41 883 km de la Terre de Feu \u00e0 l&rsquo;Alaska.<\/p>\n\n\n\n<p>Ce voyage s&rsquo;est termin\u00e9 sur une promesse d&rsquo;agir pour la nature, qu&rsquo;il a concr\u00e9tis\u00e9e en cr\u00e9ant le c\u00e9l\u00e8bre <strong>Hortus Insectorum, un jardin bavarois de 7.000 m\u00b2 d\u00e9di\u00e9 aux insectes.<\/strong><\/p>\n\n\n\n<p><strong>Il a re\u00e7u en 2018 la M\u00e9daille d&rsquo;\u00c9tat bavaroise pour services sp\u00e9ciaux rendus \u00e0 l&rsquo;environnement<\/strong> et a initi\u00e9 le R\u00e9seau Hortus qui rassemble plus de sept cents jardins \u00e0 travers l&rsquo;Europe.<\/p>\n<div style=\"display:flex; gap:10px;justify-content:center\" class=\"wps-pgfw-pdf-generate-icon__wrapper-frontend\">\n\t\t<a  href=\"http:\/\/srhgx.be\/wordpress\/wp-json\/wp\/v2\/posts\/13818?action=genpdf&amp;id=13818\" class=\"pgfw-single-pdf-download-button\" ><img src=\"http:\/\/srhgx.be\/wordpress\/wp-content\/plugins\/pdf-generator-for-wp\/admin\/src\/images\/PDF_Tray.svg\" title=\"G\u00e9n\u00e9rer un PDF\" style=\"width:auto; height:45px;\"><\/a>\n\t\t<\/div>","protected":false},"excerpt":{"rendered":"<p>Le concept Hortus en pratique Markus GASTL Mars 2026\u00a0\u00a0\u00a0\u00a0\u00a0\u00a0\u00a0\u00a0\u00a0\u00a0\u00a0\u00a0\u00a0\u00a0 27 \u20ac\u00a0\u00a0\u00a0\u00a0\u00a0\u00a0\u00a0\u00a0\u00a0\u00a0\u00a0\u00a0\u00a0\u00a0 \u00c9ditions\u00a0: Terre Vivante ISBN : 9782386760181 Toutes les \u00e9tapes pour cr\u00e9er un jardin Hortus qui concilie beaut\u00e9, utilit\u00e9 et&hellip;&nbsp;<a href=\"http:\/\/srhgx.be\/wordpress\/le-jardin-aux-3-zones\/\" rel=\"bookmark\">Lire la suite &raquo;<span class=\"screen-reader-text\">Le jardin aux 3 zones<\/span><\/a><\/p>\n","protected":false},"author":10,"featured_media":13819,"comment_status":"closed","ping_status":"closed","sticky":false,"template":"","format":"standard","meta":{"neve_meta_sidebar":"","neve_meta_container":"","neve_meta_enable_content_width":"","neve_meta_content_width":0,"neve_meta_title_alignment":"","neve_meta_author_avatar":"","neve_post_elements_order":"","neve_meta_disable_header":"","neve_meta_disable_footer":"","neve_meta_disable_title":"","footnotes":""},"categories":[146,110,1],"tags":[1496,646,242,1524,222,112,1523,318],"ppma_author":[447],"class_list":["post-13818","post","type-post","status-publish","format-standard","has-post-thumbnail","hentry","category-documents","category-livre","category-srhgx","tag-3-zones","tag-animaux","tag-biodiversite","tag-hortus-insectorum","tag-insectes","tag-jardin","tag-jardin-hortus","tag-plantes"],"publishpress_future_action":{"enabled":false,"date":"2026-05-07 13:51:36","action":"change-status","newStatus":"draft","terms":[],"taxonomy":"category","extraData":[]},"publishpress_future_workflow_manual_trigger":{"enabledWorkflows":[]},"authors":[{"term_id":447,"user_id":10,"is_guest":0,"slug":"cblancke","display_name":"Christine BLANCKE","avatar_url":"https:\/\/secure.gravatar.com\/avatar\/973b599229553ee0b848ec49ca3de61a676ccbea8c5d03d2f477ac1a73794615?s=96&d=mm&r=g","1":"","2":"","3":"","4":"","5":"","6":"","7":"","8":""}],"_links":{"self":[{"href":"http:\/\/srhgx.be\/wordpress\/wp-json\/wp\/v2\/posts\/13818","targetHints":{"allow":["GET"]}}],"collection":[{"href":"http:\/\/srhgx.be\/wordpress\/wp-json\/wp\/v2\/posts"}],"about":[{"href":"http:\/\/srhgx.be\/wordpress\/wp-json\/wp\/v2\/types\/post"}],"author":[{"embeddable":true,"href":"http:\/\/srhgx.be\/wordpress\/wp-json\/wp\/v2\/users\/10"}],"replies":[{"embeddable":true,"href":"http:\/\/srhgx.be\/wordpress\/wp-json\/wp\/v2\/comments?post=13818"}],"version-history":[{"count":2,"href":"http:\/\/srhgx.be\/wordpress\/wp-json\/wp\/v2\/posts\/13818\/revisions"}],"predecessor-version":[{"id":13834,"href":"http:\/\/srhgx.be\/wordpress\/wp-json\/wp\/v2\/posts\/13818\/revisions\/13834"}],"wp:featuredmedia":[{"embeddable":true,"href":"http:\/\/srhgx.be\/wordpress\/wp-json\/wp\/v2\/media\/13819"}],"wp:attachment":[{"href":"http:\/\/srhgx.be\/wordpress\/wp-json\/wp\/v2\/media?parent=13818"}],"wp:term":[{"taxonomy":"category","embeddable":true,"href":"http:\/\/srhgx.be\/wordpress\/wp-json\/wp\/v2\/categories?post=13818"},{"taxonomy":"post_tag","embeddable":true,"href":"http:\/\/srhgx.be\/wordpress\/wp-json\/wp\/v2\/tags?post=13818"},{"taxonomy":"author","embeddable":true,"href":"http:\/\/srhgx.be\/wordpress\/wp-json\/wp\/v2\/ppma_author?post=13818"}],"curies":[{"name":"wp","href":"https:\/\/api.w.org\/{rel}","templated":true}]}}