{"id":13647,"date":"2026-03-13T10:50:46","date_gmt":"2026-03-13T09:50:46","guid":{"rendered":"http:\/\/srhgx.be\/wordpress\/?p=13647"},"modified":"2026-03-13T10:50:49","modified_gmt":"2026-03-13T09:50:49","slug":"je-jardine-au-printemps","status":"publish","type":"post","link":"http:\/\/srhgx.be\/wordpress\/je-jardine-au-printemps\/","title":{"rendered":"Je jardine au printemps"},"content":{"rendered":"\n<p><strong>Travaux de saison et bons gestes<\/strong><\/p>\n\n\n\n<p class=\"has-nv-dark-bg-color has-text-color has-link-color has-large-font-size wp-elements-2ce07dd8918eb065d6d6419139390536\"><strong>COLLECTIF<\/strong><\/p>\n\n\n\n<p class=\"has-medium-font-size\"><strong>F\u00e9vrier 2026\u00a0\u00a0\u00a0\u00a0\u00a0\u00a0\u00a0\u00a0\u00a0\u00a0\u00a0 17 \u20ac\u00a0\u00a0\u00a0\u00a0\u00a0\u00a0\u00a0\u00a0\u00a0\u00a0\u00a0\u00a0\u00a0\u00a0 <\/strong><\/p>\n\n\n\n<p class=\"has-medium-font-size\"><strong>\u00c9diteur\u00a0: Terre Vivante<\/strong>      <strong>ISBN\u00a0: 2386760693<\/strong><\/p>\n\n\n\n<figure class=\"wp-block-image size-full\"><img fetchpriority=\"high\" decoding=\"async\" width=\"297\" height=\"416\" src=\"http:\/\/srhgx.be\/wordpress\/wp-content\/uploads\/2026\/03\/image-1.png\" alt=\"\" class=\"wp-image-13648\" srcset=\"http:\/\/srhgx.be\/wordpress\/wp-content\/uploads\/2026\/03\/image-1.png 297w, http:\/\/srhgx.be\/wordpress\/wp-content\/uploads\/2026\/03\/image-1-214x300.png 214w, http:\/\/srhgx.be\/wordpress\/wp-content\/uploads\/2026\/03\/image-1-200x280.png 200w\" sizes=\"(max-width: 297px) 100vw, 297px\" \/><\/figure>\n\n\n\n<p><strong>Cr\u00e9ez un potager sain, 100 % bio et productif !<\/strong><\/p>\n\n\n\n<p>D\u00e9couvrez le premier ouvrage de la nouvelle collection <em>4 saisons<\/em>, inspir\u00e9e directement du magazine Les 4 Saisons \u00e9dit\u00e9 par Terre vivante.<\/p>\n\n\n\n<p>Depuis plus de 45 ans, Les 4 Saisons sont une mine d\u2019informations et conseils pour les jardiniers. Retrouvez ici le meilleur des articles sur le potager, la culture sous serre, au verger, au jardin d\u2019ornement \u00e9crits par nos experts :<\/p>\n\n\n\n<ul class=\"wp-block-list\">\n<li><strong>Herv\u00e9 Chabert<\/strong> : Ing\u00e9nieur de formation, sp\u00e9cialiste de la permaculture sur petites surfaces et de ses probl\u00e8mes sp\u00e9cifiques.<\/li>\n\n\n\n<li><strong>Joseph Chauffrey<\/strong> : Formateur et concepteur en permaculture, il travaille \u00e0 l\u2019optimisation des rendements sur de petites surfaces, en s\u2019appuyant sur les principes de la permaculture.<\/li>\n\n\n\n<li><strong>Josiane Goepfert<\/strong> : longtemps jardini\u00e8re du Potager d\u2019une curieuse, elle s\u2019attache particuli\u00e8rement \u00e0 faire d\u00e9couvrir l\u00e9gumes et fruits originaux.<\/li>\n\n\n\n<li><strong>Brigitte Lapouge-D\u00e9jean<\/strong> : jardini\u00e8re en bio et autrice d\u2019une trentaine d\u2019ouvrages sur le jardinage et l\u2019\u00e9cologie, sp\u00e9cialiste du jardin d\u2019ornement.<\/li>\n\n\n\n<li><strong>Xavier Mathias<\/strong> : Formateur en mara\u00eechage et jardinage bio, conf\u00e9rencier et auteur de nombreux articles et ouvrages.<\/li>\n\n\n\n<li><strong>Denis P\u00e9pin<\/strong> : Jardinier, journaliste, auteur et conf\u00e9rencier, sp\u00e9cialiste du jardinage biologique et \u00e9cologique.<\/li>\n\n\n\n<li><strong>Alain Pontoppidan<\/strong> : Technicien agricole, arboriste et formateur, il a d\u00e9velopp\u00e9 une approche originale de la taille des arbres fruitiers, qu\u2019il n\u2019a cess\u00e9 d\u2019approfondir.<\/li>\n<\/ul>\n\n\n\n<p>Techniques, gestes, choix de vari\u00e9t\u00e9s, travail du sol, fertilisation, protection des plantes contre les ravageurs et les maladies, accueil de la biodiversit\u00e9, outillage, climat, semences\u2026 rien n\u2019est oubli\u00e9 et tout est pr\u00e9texte \u00e0 fournir des informations in\u00e9dites, innovantes et \u00e9prouv\u00e9es par nos jardiniers auteurs.<\/p>\n\n\n\n<p><strong>Plus de 260 conseils d\u00e9taill\u00e9s et originaux de printemps<\/strong> sont regroup\u00e9s ici, dans un seul ouvrage : r\u00e9aliser un faux semis, fabriquer une \u00ab planche \u00e0 tasser \u00bb, am\u00e9nager une serre bioclimatique, accueillir les h\u00e9rissons, entretenir le figuier, marcotter les rosiers, repiquer des onagres, pr\u00e9server la c\u00e9toine dor\u00e9e, faire grimper les concombres, etc.<\/p>\n\n\n\n<p>Tous ces conseils sont accompagn\u00e9s des photos et dessins qui illustrent et font le charme des <em>4 saisons<\/em> \u00e0 chaque num\u00e9ro.<br>Le meilleur des <em>4 saisons<\/em> pour jardiner au printemps en un seul volume !<\/p>\n\n\n\n<p>Mois par mois, les recommandations des jardiniers experts de Terre vivante pour le potager, la serre, le verger et le jardin d&rsquo;ornement !<\/p>\n\n\n\n<p><\/p>\n\n\n\n<p><\/p>\n<div style=\"display:flex; gap:10px;justify-content:center\" class=\"wps-pgfw-pdf-generate-icon__wrapper-frontend\">\n\t\t<a  href=\"http:\/\/srhgx.be\/wordpress\/wp-json\/wp\/v2\/posts\/13647?action=genpdf&amp;id=13647\" class=\"pgfw-single-pdf-download-button\" ><img src=\"http:\/\/srhgx.be\/wordpress\/wp-content\/plugins\/pdf-generator-for-wp\/admin\/src\/images\/PDF_Tray.svg\" title=\"G\u00e9n\u00e9rer un PDF\" style=\"width:auto; height:45px;\"><\/a>\n\t\t<\/div>","protected":false},"excerpt":{"rendered":"<p>Travaux de saison et bons gestes COLLECTIF F\u00e9vrier 2026\u00a0\u00a0\u00a0\u00a0\u00a0\u00a0\u00a0\u00a0\u00a0\u00a0\u00a0 17 \u20ac\u00a0\u00a0\u00a0\u00a0\u00a0\u00a0\u00a0\u00a0\u00a0\u00a0\u00a0\u00a0\u00a0\u00a0 \u00c9diteur\u00a0: Terre Vivante ISBN\u00a0: 2386760693 Cr\u00e9ez un potager sain, 100 % bio et productif ! D\u00e9couvrez le premier ouvrage&hellip;&nbsp;<a href=\"http:\/\/srhgx.be\/wordpress\/je-jardine-au-printemps\/\" rel=\"bookmark\">Lire la suite &raquo;<span class=\"screen-reader-text\">Je jardine au printemps<\/span><\/a><\/p>\n","protected":false},"author":10,"featured_media":13648,"comment_status":"closed","ping_status":"closed","sticky":false,"template":"","format":"standard","meta":{"neve_meta_sidebar":"","neve_meta_container":"","neve_meta_enable_content_width":"","neve_meta_content_width":0,"neve_meta_title_alignment":"","neve_meta_author_avatar":"","neve_post_elements_order":"","neve_meta_disable_header":"","neve_meta_disable_footer":"","neve_meta_disable_title":"","footnotes":""},"categories":[146,110,1],"tags":[159,119,53,487,270,402],"ppma_author":[447],"class_list":["post-13647","post","type-post","status-publish","format-standard","has-post-thumbnail","hentry","category-documents","category-livre","category-srhgx","tag-bio","tag-jardinage","tag-potager","tag-printemps","tag-serres","tag-verger"],"publishpress_future_action":{"enabled":false,"date":"2026-05-05 14:35:57","action":"change-status","newStatus":"draft","terms":[],"taxonomy":"category","extraData":[]},"publishpress_future_workflow_manual_trigger":{"enabledWorkflows":[]},"authors":[{"term_id":447,"user_id":10,"is_guest":0,"slug":"cblancke","display_name":"Christine BLANCKE","avatar_url":"https:\/\/secure.gravatar.com\/avatar\/973b599229553ee0b848ec49ca3de61a676ccbea8c5d03d2f477ac1a73794615?s=96&d=mm&r=g","1":"","2":"","3":"","4":"","5":"","6":"","7":"","8":""}],"_links":{"self":[{"href":"http:\/\/srhgx.be\/wordpress\/wp-json\/wp\/v2\/posts\/13647","targetHints":{"allow":["GET"]}}],"collection":[{"href":"http:\/\/srhgx.be\/wordpress\/wp-json\/wp\/v2\/posts"}],"about":[{"href":"http:\/\/srhgx.be\/wordpress\/wp-json\/wp\/v2\/types\/post"}],"author":[{"embeddable":true,"href":"http:\/\/srhgx.be\/wordpress\/wp-json\/wp\/v2\/users\/10"}],"replies":[{"embeddable":true,"href":"http:\/\/srhgx.be\/wordpress\/wp-json\/wp\/v2\/comments?post=13647"}],"version-history":[{"count":2,"href":"http:\/\/srhgx.be\/wordpress\/wp-json\/wp\/v2\/posts\/13647\/revisions"}],"predecessor-version":[{"id":13665,"href":"http:\/\/srhgx.be\/wordpress\/wp-json\/wp\/v2\/posts\/13647\/revisions\/13665"}],"wp:featuredmedia":[{"embeddable":true,"href":"http:\/\/srhgx.be\/wordpress\/wp-json\/wp\/v2\/media\/13648"}],"wp:attachment":[{"href":"http:\/\/srhgx.be\/wordpress\/wp-json\/wp\/v2\/media?parent=13647"}],"wp:term":[{"taxonomy":"category","embeddable":true,"href":"http:\/\/srhgx.be\/wordpress\/wp-json\/wp\/v2\/categories?post=13647"},{"taxonomy":"post_tag","embeddable":true,"href":"http:\/\/srhgx.be\/wordpress\/wp-json\/wp\/v2\/tags?post=13647"},{"taxonomy":"author","embeddable":true,"href":"http:\/\/srhgx.be\/wordpress\/wp-json\/wp\/v2\/ppma_author?post=13647"}],"curies":[{"name":"wp","href":"https:\/\/api.w.org\/{rel}","templated":true}]}}