{"id":13221,"date":"2025-10-28T08:59:02","date_gmt":"2025-10-28T07:59:02","guid":{"rendered":"http:\/\/srhgx.be\/wordpress\/?p=13221"},"modified":"2025-10-28T08:59:03","modified_gmt":"2025-10-28T07:59:03","slug":"encyclopedie-prieur-la-taille-raisonnee-des-arbustes","status":"publish","type":"post","link":"http:\/\/srhgx.be\/wordpress\/encyclopedie-prieur-la-taille-raisonnee-des-arbustes\/","title":{"rendered":"Encyclop\u00e9die Prieur &#8211; La taille raisonn\u00e9e des arbustes"},"content":{"rendered":"\n<p class=\"has-neve-link-color-color has-text-color has-link-color has-large-font-size wp-elements-41e8de69e5ef04ff2d3ff847fc0d4485\"><strong>Pascal PRIEUR<\/strong><\/p>\n\n\n\n<p class=\"has-medium-font-size\"><strong>Octobre 2025\u00a0\u00a0\u00a0\u00a0\u00a0\u00a0\u00a0\u00a0\u00a0\u00a0\u00a0\u00a0\u00a0\u00a0\u00a0\u00a0\u00a0 39,90 \u20ac\u00a0\u00a0\u00a0\u00a0\u00a0\u00a0\u00a0\u00a0\u00a0\u00a0 <\/strong><\/p>\n\n\n\n<p class=\"has-medium-font-size\"><strong>\u00c9ditions\u00a0: Ulmer<\/strong>        <strong>ISBN\u00a0: 2379224145<\/strong><\/p>\n\n\n\n<figure class=\"wp-block-image size-full is-resized\"><img fetchpriority=\"high\" decoding=\"async\" width=\"308\" height=\"400\" src=\"http:\/\/srhgx.be\/wordpress\/wp-content\/uploads\/2025\/10\/image-18.png\" alt=\"\" class=\"wp-image-13222\" style=\"width:445px;height:auto\" srcset=\"http:\/\/srhgx.be\/wordpress\/wp-content\/uploads\/2025\/10\/image-18.png 308w, http:\/\/srhgx.be\/wordpress\/wp-content\/uploads\/2025\/10\/image-18-231x300.png 231w, http:\/\/srhgx.be\/wordpress\/wp-content\/uploads\/2025\/10\/image-18-200x260.png 200w\" sizes=\"(max-width: 308px) 100vw, 308px\" \/><\/figure>\n\n\n\n<p><strong>La r\u00e9f\u00e9rence sign\u00e9e Pascal Prieur, le sp\u00e9cialiste de la taille.<\/strong><\/p>\n\n\n\n<p>Cette encyclop\u00e9die, destin\u00e9 aux particuliers et aux professionnels, fruit d&rsquo;une longue exp\u00e9rience de terrain, pr\u00e9sente l&rsquo;architecture et la floraison des arbustes : un savoir scientifique et pragmatique pour pratiquer la taille raisonn\u00e9e. Un outil indispensable pour valoriser les arbustes. \u00a0\u00a0\u00a0Pr\u00e9face Gilles Cl\u00e9ment.<\/p>\n\n\n\n<p>Proposition p\u00e9dagogique in\u00e9dite, <strong>cette encyclop\u00e9die est la seule \u00e0 penser la taille des arbustes en fonction de leur architecture, de leur d\u00e9veloppement et de leur floraison, liant la th\u00e9orie botanique et scientifique \u00e0 la pratique jardini\u00e8re<\/strong>. Dans un langage pr\u00e9cis et accessible, Pascal Prieur, riche d&rsquo;une exp\u00e9rience de plus de trente ans, propose une synth\u00e8se rigoureuse qui facilite la gestion de la taille des arbustes dans les jardins priv\u00e9s comme dans les espaces publics. Il invite ainsi jardiniers, paysagistes, enseignants et amateurs \u00e9clair\u00e9s \u00e0 changer radicalement de regard sur les arbustes et la mani\u00e8re de les tailler afin de pr\u00e9server leur \u00e9quilibre et de valoriser leur beaut\u00e9 naturelle.<br><strong>Mieux conna\u00eetre les arbustes :<\/strong> une pr\u00e9sentation des diff\u00e9rentes architectures des arbustes (acrotones, basitones ou m\u00e9diatones) pour adapter les modes de taille en fonction de chaque esp\u00e8ce, de l&#8217;emplacement, de la saison et de l&rsquo;esth\u00e9tique recherch\u00e9e. Tout ce qu&rsquo;il faut savoir pour pratiquer la taille raisonn\u00e9e ou la non-taille, favoriser les floraisons et les silhouettes naturelles. R\u00e9sultat : des arbustes en bonne sant\u00e9 et plus r\u00e9silients face au changement climatique.<br><strong>100 fiches pratiques :<\/strong> forsythias, hortensias, seringats, spir\u00e9es, rosiers, plantes grimpantes&#8230; pour chaque plante, des informations pr\u00e9cises (architecture, gestion de la taille, \u00e9poque et mode de floraison, ce qu&rsquo;il faut \u00e9viter) pour apprendre \u00e0 bien tailler les arbustes les plus courants sans compromettre leur sant\u00e9 ni leur r\u00f4le \u00e9cologique.<br><strong>Plus de 300 sch\u00e9mas et 600 photos<\/strong> viennent valider une exp\u00e9rience et une expertise confront\u00e9es aux r\u00e9alit\u00e9s du terrain et font de cette encyclop\u00e9die la r\u00e9f\u00e9rence pour respecter au mieux la nature des arbustes et bien les g\u00e9rer en toutes circonstances.<\/p>\n\n\n\n<p><strong>Pour en savoir plus<\/strong><\/p>\n\n\n\n<p><a href=\"https:\/\/www.rtbf.be\/article\/l-encyclopedie-prieur-de-la-taille-raisonnee-le-nouveau-livre-de-pascal-prieur-11621761\">https:\/\/www.rtbf.be\/article\/l-encyclopedie-prieur-de-la-taille-raisonnee-le-nouveau-livre-de-pascal-prieur-11621761<\/a><\/p>\n\n\n\n<p><\/p>\n<div style=\"display:flex; gap:10px;justify-content:center\" class=\"wps-pgfw-pdf-generate-icon__wrapper-frontend\">\n\t\t<a  href=\"http:\/\/srhgx.be\/wordpress\/wp-json\/wp\/v2\/posts\/13221?action=genpdf&amp;id=13221\" class=\"pgfw-single-pdf-download-button\" ><img src=\"http:\/\/srhgx.be\/wordpress\/wp-content\/plugins\/pdf-generator-for-wp\/admin\/src\/images\/PDF_Tray.svg\" title=\"G\u00e9n\u00e9rer un PDF\" style=\"width:auto; height:45px;\"><\/a>\n\t\t<\/div>","protected":false},"excerpt":{"rendered":"<p>Pascal PRIEUR Octobre 2025\u00a0\u00a0\u00a0\u00a0\u00a0\u00a0\u00a0\u00a0\u00a0\u00a0\u00a0\u00a0\u00a0\u00a0\u00a0\u00a0\u00a0 39,90 \u20ac\u00a0\u00a0\u00a0\u00a0\u00a0\u00a0\u00a0\u00a0\u00a0\u00a0 \u00c9ditions\u00a0: Ulmer ISBN\u00a0: 2379224145 La r\u00e9f\u00e9rence sign\u00e9e Pascal Prieur, le sp\u00e9cialiste de la taille. Cette encyclop\u00e9die, destin\u00e9 aux particuliers et aux professionnels, fruit d&rsquo;une&hellip;&nbsp;<a href=\"http:\/\/srhgx.be\/wordpress\/encyclopedie-prieur-la-taille-raisonnee-des-arbustes\/\" rel=\"bookmark\">Lire la suite &raquo;<span class=\"screen-reader-text\">Encyclop\u00e9die Prieur &#8211; La taille raisonn\u00e9e des arbustes<\/span><\/a><\/p>\n","protected":false},"author":10,"featured_media":13222,"comment_status":"closed","ping_status":"closed","sticky":false,"template":"","format":"standard","meta":{"neve_meta_sidebar":"","neve_meta_container":"","neve_meta_enable_content_width":"","neve_meta_content_width":0,"neve_meta_title_alignment":"","neve_meta_author_avatar":"","neve_post_elements_order":"","neve_meta_disable_header":"","neve_meta_disable_footer":"","neve_meta_disable_title":"","footnotes":""},"categories":[146,110,1],"tags":[652,305,433,1410],"ppma_author":[447],"class_list":["post-13221","post","type-post","status-publish","format-standard","has-post-thumbnail","hentry","category-documents","category-livre","category-srhgx","tag-arbustes","tag-fiches","tag-taille","tag-taille-raisonnee"],"publishpress_future_action":{"enabled":false,"date":"2026-05-07 18:40:15","action":"change-status","newStatus":"draft","terms":[],"taxonomy":"category","extraData":[]},"publishpress_future_workflow_manual_trigger":{"enabledWorkflows":[]},"authors":[{"term_id":447,"user_id":10,"is_guest":0,"slug":"cblancke","display_name":"Christine BLANCKE","avatar_url":"https:\/\/secure.gravatar.com\/avatar\/973b599229553ee0b848ec49ca3de61a676ccbea8c5d03d2f477ac1a73794615?s=96&d=mm&r=g","1":"","2":"","3":"","4":"","5":"","6":"","7":"","8":""}],"_links":{"self":[{"href":"http:\/\/srhgx.be\/wordpress\/wp-json\/wp\/v2\/posts\/13221","targetHints":{"allow":["GET"]}}],"collection":[{"href":"http:\/\/srhgx.be\/wordpress\/wp-json\/wp\/v2\/posts"}],"about":[{"href":"http:\/\/srhgx.be\/wordpress\/wp-json\/wp\/v2\/types\/post"}],"author":[{"embeddable":true,"href":"http:\/\/srhgx.be\/wordpress\/wp-json\/wp\/v2\/users\/10"}],"replies":[{"embeddable":true,"href":"http:\/\/srhgx.be\/wordpress\/wp-json\/wp\/v2\/comments?post=13221"}],"version-history":[{"count":3,"href":"http:\/\/srhgx.be\/wordpress\/wp-json\/wp\/v2\/posts\/13221\/revisions"}],"predecessor-version":[{"id":13230,"href":"http:\/\/srhgx.be\/wordpress\/wp-json\/wp\/v2\/posts\/13221\/revisions\/13230"}],"wp:featuredmedia":[{"embeddable":true,"href":"http:\/\/srhgx.be\/wordpress\/wp-json\/wp\/v2\/media\/13222"}],"wp:attachment":[{"href":"http:\/\/srhgx.be\/wordpress\/wp-json\/wp\/v2\/media?parent=13221"}],"wp:term":[{"taxonomy":"category","embeddable":true,"href":"http:\/\/srhgx.be\/wordpress\/wp-json\/wp\/v2\/categories?post=13221"},{"taxonomy":"post_tag","embeddable":true,"href":"http:\/\/srhgx.be\/wordpress\/wp-json\/wp\/v2\/tags?post=13221"},{"taxonomy":"author","embeddable":true,"href":"http:\/\/srhgx.be\/wordpress\/wp-json\/wp\/v2\/ppma_author?post=13221"}],"curies":[{"name":"wp","href":"https:\/\/api.w.org\/{rel}","templated":true}]}}