{"id":12965,"date":"2025-08-11T11:44:20","date_gmt":"2025-08-11T09:44:20","guid":{"rendered":"http:\/\/srhgx.be\/wordpress\/?p=12965"},"modified":"2025-08-11T11:44:21","modified_gmt":"2025-08-11T09:44:21","slug":"les-plantes-aromatiques","status":"publish","type":"post","link":"http:\/\/srhgx.be\/wordpress\/les-plantes-aromatiques\/","title":{"rendered":"Les plantes aromatiques"},"content":{"rendered":"\n<p><strong>Les guides du jardinier-mara\u00eecher<\/strong><\/p>\n\n\n\n<p class=\"has-nv-dark-bg-color has-text-color has-link-color has-large-font-size wp-elements-03a6ddbc8352210d55bbc7bff30a036c\"><strong>Jean-Marie FORTIER<\/strong><\/p>\n\n\n\n<p class=\"has-medium-font-size\"><strong>Avril 2025\u00a0\u00a0\u00a0\u00a0\u00a0\u00a0\u00a0\u00a0\u00a0\u00a0\u00a0\u00a0\u00a0\u00a0 15,90 \u20ac<\/strong>\u00a0\u00a0\u00a0\u00a0\u00a0\u00a0\u00a0\u00a0\u00a0\u00a0\u00a0\u00a0\u00a0\u00a0\u00a0 <\/p>\n\n\n\n<p class=\"has-medium-font-size\"><strong>\u00c9diteur\u00a0: Delachaux et Niestl\u00e9<\/strong>     <strong>ISBN\u00a0: 2603032003<\/strong><\/p>\n\n\n\n<figure class=\"wp-block-image size-full\"><img fetchpriority=\"high\" decoding=\"async\" width=\"370\" height=\"370\" src=\"http:\/\/srhgx.be\/wordpress\/wp-content\/uploads\/2025\/08\/image-11.png\" alt=\"\" class=\"wp-image-12966\" srcset=\"http:\/\/srhgx.be\/wordpress\/wp-content\/uploads\/2025\/08\/image-11.png 370w, http:\/\/srhgx.be\/wordpress\/wp-content\/uploads\/2025\/08\/image-11-300x300.png 300w, http:\/\/srhgx.be\/wordpress\/wp-content\/uploads\/2025\/08\/image-11-150x150.png 150w, http:\/\/srhgx.be\/wordpress\/wp-content\/uploads\/2025\/08\/image-11-200x200.png 200w\" sizes=\"(max-width: 370px) 100vw, 370px\" \/><\/figure>\n\n\n\n<p>\u00ab En cuisine, elles subliment les pr\u00e9parations \u00e0 base de l\u00e9gumes, tout comme les plats traditionnels, exotiques ou gastronomiques ! \u00bb<\/p>\n\n\n\n<p><strong>Jean-Martin Fortier<\/strong> ne cultive pas que des l\u00e9gumes ! Fin gourmet et amateur d\u2019exp\u00e9riences culinaires \u2013 qu\u2019il partage au travers de son restaurant l\u2019Espace Old Mill, attenant \u00e0 sa micro-ferme au Qu\u00e9bec \u2013, il porte un int\u00e9r\u00eat et une attention particuli\u00e8re aux plantes aromatiques, tant au potager que dans l\u2019assiette. Pour les <strong>37 esp\u00e8ces aromatiques d\u00e9crites dans ce guide<\/strong>, il partage ses modes de cultures, ses tours de main et ses conseils pour r\u00e9ussir la culture, la r\u00e9colte et la conservation de ces plantes, dont les saveurs et les ar\u00f4mes exaltent les l\u00e9gumes et r\u00e9jouissent les papilles.<\/p>\n<div style=\"display:flex; gap:10px;justify-content:center\" class=\"wps-pgfw-pdf-generate-icon__wrapper-frontend\">\n\t\t<a  href=\"http:\/\/srhgx.be\/wordpress\/wp-json\/wp\/v2\/posts\/12965?action=genpdf&amp;id=12965\" class=\"pgfw-single-pdf-download-button\" ><img src=\"http:\/\/srhgx.be\/wordpress\/wp-content\/plugins\/pdf-generator-for-wp\/admin\/src\/images\/PDF_Tray.svg\" title=\"G\u00e9n\u00e9rer un PDF\" style=\"width:auto; height:45px;\"><\/a>\n\t\t<\/div>","protected":false},"excerpt":{"rendered":"<p>Les guides du jardinier-mara\u00eecher Jean-Marie FORTIER Avril 2025\u00a0\u00a0\u00a0\u00a0\u00a0\u00a0\u00a0\u00a0\u00a0\u00a0\u00a0\u00a0\u00a0\u00a0 15,90 \u20ac\u00a0\u00a0\u00a0\u00a0\u00a0\u00a0\u00a0\u00a0\u00a0\u00a0\u00a0\u00a0\u00a0\u00a0\u00a0 \u00c9diteur\u00a0: Delachaux et Niestl\u00e9 ISBN\u00a0: 2603032003 \u00ab En cuisine, elles subliment les pr\u00e9parations \u00e0 base de l\u00e9gumes, tout comme les&hellip;&nbsp;<a href=\"http:\/\/srhgx.be\/wordpress\/les-plantes-aromatiques\/\" rel=\"bookmark\">Lire la suite &raquo;<span class=\"screen-reader-text\">Les plantes aromatiques<\/span><\/a><\/p>\n","protected":false},"author":10,"featured_media":12966,"comment_status":"closed","ping_status":"closed","sticky":false,"template":"","format":"standard","meta":{"neve_meta_sidebar":"","neve_meta_container":"","neve_meta_enable_content_width":"","neve_meta_content_width":0,"neve_meta_title_alignment":"","neve_meta_author_avatar":"","neve_post_elements_order":"","neve_meta_disable_header":"","neve_meta_disable_footer":"","neve_meta_disable_title":"","footnotes":""},"categories":[146,110,1],"tags":[151,398,218],"ppma_author":[447],"class_list":["post-12965","post","type-post","status-publish","format-standard","has-post-thumbnail","hentry","category-documents","category-livre","category-srhgx","tag-cuisine","tag-legumes","tag-plantes-aromatiques"],"publishpress_future_action":{"enabled":false,"date":"2026-05-05 13:31:46","action":"change-status","newStatus":"draft","terms":[],"taxonomy":"category","extraData":[]},"publishpress_future_workflow_manual_trigger":{"enabledWorkflows":[]},"authors":[{"term_id":447,"user_id":10,"is_guest":0,"slug":"cblancke","display_name":"Christine BLANCKE","avatar_url":"https:\/\/secure.gravatar.com\/avatar\/973b599229553ee0b848ec49ca3de61a676ccbea8c5d03d2f477ac1a73794615?s=96&d=mm&r=g","1":"","2":"","3":"","4":"","5":"","6":"","7":"","8":""}],"_links":{"self":[{"href":"http:\/\/srhgx.be\/wordpress\/wp-json\/wp\/v2\/posts\/12965","targetHints":{"allow":["GET"]}}],"collection":[{"href":"http:\/\/srhgx.be\/wordpress\/wp-json\/wp\/v2\/posts"}],"about":[{"href":"http:\/\/srhgx.be\/wordpress\/wp-json\/wp\/v2\/types\/post"}],"author":[{"embeddable":true,"href":"http:\/\/srhgx.be\/wordpress\/wp-json\/wp\/v2\/users\/10"}],"replies":[{"embeddable":true,"href":"http:\/\/srhgx.be\/wordpress\/wp-json\/wp\/v2\/comments?post=12965"}],"version-history":[{"count":2,"href":"http:\/\/srhgx.be\/wordpress\/wp-json\/wp\/v2\/posts\/12965\/revisions"}],"predecessor-version":[{"id":12985,"href":"http:\/\/srhgx.be\/wordpress\/wp-json\/wp\/v2\/posts\/12965\/revisions\/12985"}],"wp:featuredmedia":[{"embeddable":true,"href":"http:\/\/srhgx.be\/wordpress\/wp-json\/wp\/v2\/media\/12966"}],"wp:attachment":[{"href":"http:\/\/srhgx.be\/wordpress\/wp-json\/wp\/v2\/media?parent=12965"}],"wp:term":[{"taxonomy":"category","embeddable":true,"href":"http:\/\/srhgx.be\/wordpress\/wp-json\/wp\/v2\/categories?post=12965"},{"taxonomy":"post_tag","embeddable":true,"href":"http:\/\/srhgx.be\/wordpress\/wp-json\/wp\/v2\/tags?post=12965"},{"taxonomy":"author","embeddable":true,"href":"http:\/\/srhgx.be\/wordpress\/wp-json\/wp\/v2\/ppma_author?post=12965"}],"curies":[{"name":"wp","href":"https:\/\/api.w.org\/{rel}","templated":true}]}}