{"id":11836,"date":"2024-12-07T09:42:58","date_gmt":"2024-12-07T08:42:58","guid":{"rendered":"http:\/\/srhgx.be\/wordpress\/?p=11836"},"modified":"2024-12-07T09:42:59","modified_gmt":"2024-12-07T08:42:59","slug":"lintelligence-des-plantes-en-question","status":"publish","type":"post","link":"http:\/\/srhgx.be\/wordpress\/lintelligence-des-plantes-en-question\/","title":{"rendered":"L\u2019intelligence des plantes en question"},"content":{"rendered":"\n<p class=\"has-nv-dark-bg-color has-text-color has-link-color has-large-font-size wp-elements-85128a0150da47e137cb43d37f4d085e\"><strong>Marc-Williams DEBONO<\/strong><\/p>\n\n\n\n<p class=\"has-medium-font-size\"><strong>Mars 2020\u00a0\u00a0\u00a0\u00a0\u00a0\u00a0\u00a0\u00a0\u00a0\u00a0\u00a0\u00a0\u00a0\u00a0 25 \u20ac\u00a0\u00a0\u00a0\u00a0\u00a0\u00a0\u00a0\u00a0\u00a0\u00a0\u00a0\u00a0\u00a0\u00a0 <\/strong><\/p>\n\n\n\n<p class=\"has-medium-font-size\"><strong>\u00c9ditions : Hermann<\/strong>     <strong>ISBN : 9791037003065<\/strong><\/p>\n\n\n\n<figure class=\"wp-block-image size-full is-resized\"><img fetchpriority=\"high\" decoding=\"async\" width=\"191\" height=\"264\" src=\"http:\/\/srhgx.be\/wordpress\/wp-content\/uploads\/2024\/12\/image-4.png\" alt=\"\" class=\"wp-image-11837\" style=\"width:307px;height:auto\"\/><\/figure>\n\n\n\n<p>Les plantes sont-elles des \u00eatres vivants intelligents ? <\/p>\n\n\n\n<p>Ce livre propose des points de vue crois\u00e9s sur cette question controvers\u00e9e. Ainsi, quand une plante grimpante se d\u00e9veloppe par essai et erreur, et qu\u2019elle est capable de changer de support pendant son d\u00e9veloppement, ou quand on entra\u00eene des pois \u00e0 associer une source de lumi\u00e8re avec un courant d\u2019air et que certains d\u2019entre eux s\u2019orientent ensuite vers le courant d\u2019air m\u00eame sans lumi\u00e8re, comment qualifier cela ? Dans les ann\u00e9es\u00a02000, une nouvelle discipline est apparue, la neurobiologie v\u00e9g\u00e9tale, qui n\u2019h\u00e9site pas \u00e0 \u00e9voquer l\u2019intelligence des plantes (Antony Trawavas) et souligner leur capacit\u00e9 \u00e0 jouer entre elles (Stefano Mancuso). Dans la m\u00eame veine, Marc-Williams Debono estime qu\u2019il existe une continuit\u00e9 entre notre intelligence et celle des plantes, car ces derni\u00e8res sont capables de r\u00e9soudre des probl\u00e8mes en temps r\u00e9el. Bien qu\u2019elles n\u2019aient ni cerveau ni aptitudes cognitives, elles sont toutefois dou\u00e9es de sensibilit\u00e9, de capacit\u00e9s de communication, de m\u00e9morisation et d\u2019apprentissage. Les plantes sont des organismes ancr\u00e9s dans un sol et un milieu : elles r\u00e9agissent aux <em>stimuli<\/em> externes et leurs fibres sont travers\u00e9es d\u2019impulsions \u00e9lectriques qui leur permettent de r\u00e9agir \u00e0 l\u2019environnement et modifier leur comportement. Ainsi, un arbre peut inhiber certaines de ses racines pour am\u00e9liorer leurs performances globales. Pour autant, selon le philosophe \u00c9tienne Tassin, parler d\u2019intelligence des plantes est abusif. Il n\u2019y a aucune intentionnalit\u00e9 chez les v\u00e9g\u00e9taux, et leur sensibilit\u00e9, leurs facult\u00e9s de communication et de m\u00e9morisation sont le pur produit d\u2019une adaptation au milieu. L\u2019intelligence, elle, est plus active, suppose de pouvoir relier entre eux des \u00e9l\u00e9ments \u00e9pars, ou encore d\u2019\u00eatre capable de se soustraire \u00e0 l\u2019environnement imm\u00e9diat. Ce que les plantes, justement, ne peuvent faire.<\/p>\n\n\n\n<p><strong>Marc-Williams Debono<\/strong>, neurobiologiste de formation, a fait des recherches pionni\u00e8res en \u00e9lectrophysiologie v\u00e9g\u00e9tale qui reviennent aujourd\u2019hui au c\u0153ur de l\u2019actualit\u00e9. Plus g\u00e9n\u00e9ralement, ses travaux sont centr\u00e9s sur la plasticit\u00e9 des syst\u00e8mes vivants et une vision transdisciplinaire du champ art-science-humanit\u00e9. \u00c0 ce titre, il est pr\u00e9sident fondateur de l\u2019association Plasticit\u00e9s Sciences Arts (PSA), o\u00f9 il dirige la revue <em>PLASTIR<\/em> depuis 2005, actuellement en charge du p\u00f4le Art &amp; Science IDF du collectif Culture 91 et membre du comit\u00e9 de pilotage de La Diagonale, universit\u00e9 Paris-Saclay.<\/p>\n\n\n\n<p><strong>La presse en parle<\/strong><\/p>\n\n\n\n<p><strong>Nature Science &amp; Soci\u00e9t\u00e9<\/strong> (Nat. Sc. Soc. 29, 2, 238-257 (2021)<\/p>\n\n\n\n<p>\u00ab Difficile de ne pas trouver cet ouvrage int\u00e9ressant tant les points de vue et les angles d\u2019entr\u00e9e sont vari\u00e9s ! Le ton est volontairement interdisciplinaire et c\u2019est heureux, car la science gagne \u00e0 \u00eatre partag\u00e9e et discut\u00e9e par d\u2019autres penseurs. La philosophie apporte ses m\u00e9thodes de pens\u00e9e \u00e9clairantes tandis que l\u2019art interroge les chercheurs&#8230; \u00bb &#8211; Catherine Lenne<\/p>\n\n\n\n<p><strong>Revue Anthropologie &amp; Soci\u00e9t\u00e9s<\/strong>, Universit\u00e9 de Laval (Qu\u00e9bec)<\/p>\n\n\n\n<p>\u00ab L\u2019ouvrage collectif dirig\u00e9 par Marc-Williams Debono, neurobiologiste de formation, se pose comme d\u00e9fi de donner un autre sens au concept d\u2019\u00ab intelligence \u00bb pour qu\u2019elle ne soit plus seulement humaine ou animale, mais aussi v\u00e9g\u00e9tale. L\u2019intelligence des plantes en question nous invite \u00e0 repenser la place du r\u00e8gne v\u00e9g\u00e9tal en transcendant la fa\u00e7on&#8230; \u00bb &#8211; Zhen Qin<\/p>\n\n\n\n<p><strong>Librairie Droz<\/strong>, Rev Th et Philosophie. 153, 1, 123-125.<\/p>\n\n\n\n<p>\u00ab Les dix contributions que rassemble ce volume s\u2019inscrivent dans la lign\u00e9e des recherches novatrices que l\u2019on poursuit depuis plusieurs d\u00e9cennies sur la complexit\u00e9 comportementale du monde v\u00e9g\u00e9tal. \u00bb &#8211; Jean Borel<\/p>\n\n\n\n<p><strong>Centre d&rsquo;\u00e9tudes et de Prospective VEILLE<\/strong><\/p>\n\n\n\n<p>\u00ab Depuis une vingtaine d&rsquo;ann\u00e9es, une partie de la botanique est en pleine r\u00e9volution : recherches scientifiques et livres \u00ab grand public \u00bb ont multipli\u00e9 les annonces sur la \u00ab m\u00e9moire des plantes \u00bb, la \u00ab communication des arbres \u00bb ou la \u00ab neurobiologie v\u00e9g\u00e9tale \u00bb &#8211; Bruno Herault<\/p>\n\n\n\n<p><strong>Revue de th\u00e9ologie et de philosophie<\/strong> &#8211; janvier 2021<\/p>\n\n\n\n<p>\u00ab \u00c9merveillement et responsabilit\u00e9 sont les deux mots qui montent \u00e0 l\u2019esprit \u00e0 la rencontre de ces essais, et nous ne pouvons que souhaiter que ces nouvelles perspectives sur le monde v\u00e9g\u00e9tal, dont notre vie plan\u00e9taire d\u00e9pend enti\u00e8rement, s\u2019int\u00e8grent progressivement aux programmes \u00e9ducatifs des jeunes g\u00e9n\u00e9rations \u00e0 venir. \u00bb &#8211; Jean Borel<\/p>\n\n\n\n<p><strong>Catalogue BPI<\/strong> &#8211; Centre Beaubourg<\/p>\n\n\n\n<p>\u00ab Ces contributions pluridisciplinaires de biologistes, d&rsquo;\u00e9cologues ou de g\u00e9n\u00e9ticiens tentent de r\u00e9pondre aux interrogations actuelles sur l&rsquo;intelligence des plantes dans une r\u00e9flexion commune avec les sciences humaines et la soci\u00e9t\u00e9. Elles montrent aussi comment cette r\u00e9flexion conduit \u00e0 des bouleversements sur la repr\u00e9sentation des \u00e9cosyst\u00e8mes comm \u00bb &#8211; Electre<\/p>\n\n\n\n<p><strong>Humanities<\/strong>, Arts and Society (UNESCO-MOST, MDA)<\/p>\n\n\n\n<p>\u00ab Are plants intelligent ? The new anthology \u00ab L\u2019intelligence des plantes en question \u00bb (The Intelligence of Plants in Question, published by Editions Hermann, 2020), tries to respond to the question in a transdisciplinary manner. \u00bb<\/p>\n\n\n\n<p><strong>Sciences humaines<\/strong><\/p>\n\n\n\n<p>\u00ab Les plantes sont-elles des \u00eatres vivants intelligents ? Ce livre propose des points de vue crois\u00e9s sur cette question controvers\u00e9e. Ainsi, quand une plante grimpante se d\u00e9veloppe par essai et erreur et qu\u2019elle est capable de changer de support pendant son d\u00e9veloppement ou quand on entra\u00eene des pois \u00e0 associer une source de lumi\u00e8re avec un courant \u00bb &#8211; R\u00e9gis Meyran<\/p>\n\n\n\n<p><strong>Tela Botanica<\/strong><\/p>\n\n\n\n<p>\u00ab A contrario de la majorit\u00e9 des livres abordant ce sujet passionnant, l\u2019auteur a pris le parti, plut\u00f4t que de d\u00e9velopper une th\u00e8se, de nous en donner une lecture transdisciplinaire et \u00e0 plusieurs entr\u00e9es. \u00bb<\/p>\n\n\n\n<figure class=\"wp-block-embed is-type-wp-embed is-provider-tela-botanica wp-block-embed-tela-botanica\"><div class=\"wp-block-embed__wrapper\">\n<blockquote class=\"wp-embedded-content\" data-secret=\"ftFq8I0WAs\"><a href=\"https:\/\/www.tela-botanica.org\/2021\/02\/lintelligence-des-plantes-en-question\/\">L&rsquo;intelligence des plantes en question<\/a><\/blockquote><iframe class=\"wp-embedded-content\" sandbox=\"allow-scripts\" security=\"restricted\" style=\"position: absolute; visibility: hidden;\" title=\"\u00ab\u00a0L&rsquo;intelligence des plantes en question\u00a0\u00bb &#8212; Tela Botanica\" src=\"https:\/\/www.tela-botanica.org\/2021\/02\/lintelligence-des-plantes-en-question\/embed\/#?secret=Y8FAaPPu0e#?secret=ftFq8I0WAs\" data-secret=\"ftFq8I0WAs\" width=\"600\" height=\"338\" frameborder=\"0\" marginwidth=\"0\" marginheight=\"0\" scrolling=\"no\"><\/iframe>\n<\/div><\/figure>\n\n\n\n<p><\/p>\n<div style=\"display:flex; gap:10px;justify-content:center\" class=\"wps-pgfw-pdf-generate-icon__wrapper-frontend\">\n\t\t<a  href=\"http:\/\/srhgx.be\/wordpress\/wp-json\/wp\/v2\/posts\/11836?action=genpdf&amp;id=11836\" class=\"pgfw-single-pdf-download-button\" ><img src=\"http:\/\/srhgx.be\/wordpress\/wp-content\/plugins\/pdf-generator-for-wp\/admin\/src\/images\/PDF_Tray.svg\" title=\"G\u00e9n\u00e9rer un PDF\" style=\"width:auto; height:45px;\"><\/a>\n\t\t<\/div>","protected":false},"excerpt":{"rendered":"<p>Marc-Williams DEBONO Mars 2020\u00a0\u00a0\u00a0\u00a0\u00a0\u00a0\u00a0\u00a0\u00a0\u00a0\u00a0\u00a0\u00a0\u00a0 25 \u20ac\u00a0\u00a0\u00a0\u00a0\u00a0\u00a0\u00a0\u00a0\u00a0\u00a0\u00a0\u00a0\u00a0\u00a0 \u00c9ditions : Hermann ISBN : 9791037003065 Les plantes sont-elles des \u00eatres vivants intelligents ? Ce livre propose des points de vue crois\u00e9s sur cette&hellip;&nbsp;<a href=\"http:\/\/srhgx.be\/wordpress\/lintelligence-des-plantes-en-question\/\" rel=\"bookmark\">Lire la suite &raquo;<span class=\"screen-reader-text\">L\u2019intelligence des plantes en question<\/span><\/a><\/p>\n","protected":false},"author":10,"featured_media":11837,"comment_status":"closed","ping_status":"closed","sticky":false,"template":"","format":"standard","meta":{"neve_meta_sidebar":"","neve_meta_container":"","neve_meta_enable_content_width":"","neve_meta_content_width":0,"neve_meta_title_alignment":"","neve_meta_author_avatar":"","neve_post_elements_order":"","neve_meta_disable_header":"","neve_meta_disable_footer":"","neve_meta_disable_title":"","footnotes":""},"categories":[146,110,1],"tags":[1015,1233,318],"ppma_author":[447],"class_list":["post-11836","post","type-post","status-publish","format-standard","has-post-thumbnail","hentry","category-documents","category-livre","category-srhgx","tag-intelligence","tag-intelligence-des-plantes","tag-plantes"],"publishpress_future_action":{"enabled":false,"date":"2026-05-08 12:49:41","action":"change-status","newStatus":"draft","terms":[],"taxonomy":"category","extraData":[]},"publishpress_future_workflow_manual_trigger":{"enabledWorkflows":[]},"authors":[{"term_id":447,"user_id":10,"is_guest":0,"slug":"cblancke","display_name":"Christine BLANCKE","avatar_url":"https:\/\/secure.gravatar.com\/avatar\/973b599229553ee0b848ec49ca3de61a676ccbea8c5d03d2f477ac1a73794615?s=96&d=mm&r=g","1":"","2":"","3":"","4":"","5":"","6":"","7":"","8":""}],"_links":{"self":[{"href":"http:\/\/srhgx.be\/wordpress\/wp-json\/wp\/v2\/posts\/11836","targetHints":{"allow":["GET"]}}],"collection":[{"href":"http:\/\/srhgx.be\/wordpress\/wp-json\/wp\/v2\/posts"}],"about":[{"href":"http:\/\/srhgx.be\/wordpress\/wp-json\/wp\/v2\/types\/post"}],"author":[{"embeddable":true,"href":"http:\/\/srhgx.be\/wordpress\/wp-json\/wp\/v2\/users\/10"}],"replies":[{"embeddable":true,"href":"http:\/\/srhgx.be\/wordpress\/wp-json\/wp\/v2\/comments?post=11836"}],"version-history":[{"count":2,"href":"http:\/\/srhgx.be\/wordpress\/wp-json\/wp\/v2\/posts\/11836\/revisions"}],"predecessor-version":[{"id":11862,"href":"http:\/\/srhgx.be\/wordpress\/wp-json\/wp\/v2\/posts\/11836\/revisions\/11862"}],"wp:featuredmedia":[{"embeddable":true,"href":"http:\/\/srhgx.be\/wordpress\/wp-json\/wp\/v2\/media\/11837"}],"wp:attachment":[{"href":"http:\/\/srhgx.be\/wordpress\/wp-json\/wp\/v2\/media?parent=11836"}],"wp:term":[{"taxonomy":"category","embeddable":true,"href":"http:\/\/srhgx.be\/wordpress\/wp-json\/wp\/v2\/categories?post=11836"},{"taxonomy":"post_tag","embeddable":true,"href":"http:\/\/srhgx.be\/wordpress\/wp-json\/wp\/v2\/tags?post=11836"},{"taxonomy":"author","embeddable":true,"href":"http:\/\/srhgx.be\/wordpress\/wp-json\/wp\/v2\/ppma_author?post=11836"}],"curies":[{"name":"wp","href":"https:\/\/api.w.org\/{rel}","templated":true}]}}