{"id":10778,"date":"2024-04-20T11:43:43","date_gmt":"2024-04-20T09:43:43","guid":{"rendered":"http:\/\/srhgx.be\/wordpress\/?p=10778"},"modified":"2024-04-20T11:43:44","modified_gmt":"2024-04-20T09:43:44","slug":"des-legumes-dans-mon-jardin-meme-en-hiver","status":"publish","type":"post","link":"http:\/\/srhgx.be\/wordpress\/des-legumes-dans-mon-jardin-meme-en-hiver\/","title":{"rendered":"Des l\u00e9gumes dans mon jardin, m\u00eame en hiver !"},"content":{"rendered":"\n<p class=\"has-nv-dark-bg-color has-text-color has-link-color has-large-font-size wp-elements-abe5b8b2182a6d35fce78c15b3fbf786\"><strong>Philippe ASSERAY<\/strong><\/p>\n\n\n\n<p class=\"has-medium-font-size\"><strong>Janvier 2024\u00a0\u00a0\u00a0\u00a0\u00a0\u00a0\u00a0\u00a0\u00a0\u00a0\u00a0 12,95 \u20ac\u00a0\u00a0\u00a0\u00a0\u00a0\u00a0\u00a0\u00a0\u00a0\u00a0 <\/strong><\/p>\n\n\n\n<p class=\"has-medium-font-size\"><strong>\u00c9diteur\u00a0: Rustica<\/strong>     <strong>ISBN\u00a0: 2815321947<\/strong><\/p>\n\n\n\n<figure class=\"wp-block-image size-full is-resized\"><img decoding=\"async\" width=\"195\" height=\"250\" src=\"http:\/\/srhgx.be\/wordpress\/wp-content\/uploads\/2024\/04\/image-9.png\" alt=\"\" class=\"wp-image-10779\" style=\"width:300px;height:auto\"\/><\/figure>\n\n\n\n<p>Des hivers plus doux, moins de gel\u00e9es matinales, alors pourquoi laisser nos potagers en jach\u00e8re sit\u00f4t l\u2019automne venu ?<br><br>Certains l\u00e9gumes peuvent tout \u00e0 fait cohabiter avec les frimas de l\u2019hiver\u2026 D\u2019autant que tunnels et voiles peuvent les prot\u00e9ger. Poireaux, choux (de toutes sortes), panais, m\u00e2che et radis japonais sont l\u00e0 pour nous r\u00e9galer !<br><br>Que vous ayez juste un carr\u00e9 potager ou un lopin de terre plus important, vous trouverez dans ce livre <strong>comment cultiver plus de 20 l\u00e9gumes en saison froide<\/strong>.<br><br>D\u00e9couvrez de nouvelles saveurs au c\u0153ur de l\u2019hiver !<\/p>\n<div style=\"display:flex; gap:10px;justify-content:center\" class=\"wps-pgfw-pdf-generate-icon__wrapper-frontend\">\n\t\t<a  href=\"http:\/\/srhgx.be\/wordpress\/wp-json\/wp\/v2\/posts\/10778?action=genpdf&amp;id=10778\" class=\"pgfw-single-pdf-download-button\" ><img src=\"http:\/\/srhgx.be\/wordpress\/wp-content\/plugins\/pdf-generator-for-wp\/admin\/src\/images\/PDF_Tray.svg\" title=\"G\u00e9n\u00e9rer un PDF\" style=\"width:auto; height:45px;\"><\/a>\n\t\t<\/div>","protected":false},"excerpt":{"rendered":"<p>Philippe ASSERAY Janvier 2024\u00a0\u00a0\u00a0\u00a0\u00a0\u00a0\u00a0\u00a0\u00a0\u00a0\u00a0 12,95 \u20ac\u00a0\u00a0\u00a0\u00a0\u00a0\u00a0\u00a0\u00a0\u00a0\u00a0 \u00c9diteur\u00a0: Rustica ISBN\u00a0: 2815321947 Des hivers plus doux, moins de gel\u00e9es matinales, alors pourquoi laisser nos potagers en jach\u00e8re sit\u00f4t l\u2019automne venu ? Certains&hellip;&nbsp;<a href=\"http:\/\/srhgx.be\/wordpress\/des-legumes-dans-mon-jardin-meme-en-hiver\/\" rel=\"bookmark\">Lire la suite &raquo;<span class=\"screen-reader-text\">Des l\u00e9gumes dans mon jardin, m\u00eame en hiver !<\/span><\/a><\/p>\n","protected":false},"author":10,"featured_media":783,"comment_status":"closed","ping_status":"closed","sticky":false,"template":"","format":"standard","meta":{"neve_meta_sidebar":"","neve_meta_container":"","neve_meta_enable_content_width":"","neve_meta_content_width":0,"neve_meta_title_alignment":"","neve_meta_author_avatar":"","neve_post_elements_order":"","neve_meta_disable_header":"","neve_meta_disable_footer":"","neve_meta_disable_title":"","footnotes":""},"categories":[146,110,1],"tags":[638,398,53],"ppma_author":[447],"class_list":["post-10778","post","type-post","status-publish","format-standard","has-post-thumbnail","hentry","category-documents","category-livre","category-srhgx","tag-hiver","tag-legumes","tag-potager"],"publishpress_future_action":{"enabled":false,"date":"2026-05-06 15:29:55","action":"change-status","newStatus":"draft","terms":[],"taxonomy":"category","extraData":[]},"publishpress_future_workflow_manual_trigger":{"enabledWorkflows":[]},"authors":[{"term_id":447,"user_id":10,"is_guest":0,"slug":"cblancke","display_name":"Christine BLANCKE","avatar_url":"https:\/\/secure.gravatar.com\/avatar\/973b599229553ee0b848ec49ca3de61a676ccbea8c5d03d2f477ac1a73794615?s=96&d=mm&r=g","1":"","2":"","3":"","4":"","5":"","6":"","7":"","8":""}],"_links":{"self":[{"href":"http:\/\/srhgx.be\/wordpress\/wp-json\/wp\/v2\/posts\/10778","targetHints":{"allow":["GET"]}}],"collection":[{"href":"http:\/\/srhgx.be\/wordpress\/wp-json\/wp\/v2\/posts"}],"about":[{"href":"http:\/\/srhgx.be\/wordpress\/wp-json\/wp\/v2\/types\/post"}],"author":[{"embeddable":true,"href":"http:\/\/srhgx.be\/wordpress\/wp-json\/wp\/v2\/users\/10"}],"replies":[{"embeddable":true,"href":"http:\/\/srhgx.be\/wordpress\/wp-json\/wp\/v2\/comments?post=10778"}],"version-history":[{"count":2,"href":"http:\/\/srhgx.be\/wordpress\/wp-json\/wp\/v2\/posts\/10778\/revisions"}],"predecessor-version":[{"id":10925,"href":"http:\/\/srhgx.be\/wordpress\/wp-json\/wp\/v2\/posts\/10778\/revisions\/10925"}],"wp:featuredmedia":[{"embeddable":true,"href":"http:\/\/srhgx.be\/wordpress\/wp-json\/wp\/v2\/media\/783"}],"wp:attachment":[{"href":"http:\/\/srhgx.be\/wordpress\/wp-json\/wp\/v2\/media?parent=10778"}],"wp:term":[{"taxonomy":"category","embeddable":true,"href":"http:\/\/srhgx.be\/wordpress\/wp-json\/wp\/v2\/categories?post=10778"},{"taxonomy":"post_tag","embeddable":true,"href":"http:\/\/srhgx.be\/wordpress\/wp-json\/wp\/v2\/tags?post=10778"},{"taxonomy":"author","embeddable":true,"href":"http:\/\/srhgx.be\/wordpress\/wp-json\/wp\/v2\/ppma_author?post=10778"}],"curies":[{"name":"wp","href":"https:\/\/api.w.org\/{rel}","templated":true}]}}