{"id":10389,"date":"2024-02-06T09:19:09","date_gmt":"2024-02-06T08:19:09","guid":{"rendered":"http:\/\/srhgx.be\/wordpress\/?p=10389"},"modified":"2024-02-06T09:20:57","modified_gmt":"2024-02-06T08:20:57","slug":"le-ver-de-terre-maillon-essentiel-et-menace-de-la-biodiversite","status":"publish","type":"post","link":"http:\/\/srhgx.be\/wordpress\/le-ver-de-terre-maillon-essentiel-et-menace-de-la-biodiversite\/","title":{"rendered":"Le ver de terre, maillon essentiel et menac\u00e9 de la biodiversit\u00e9"},"content":{"rendered":"\n<p><a href=\"https:\/\/www.rtbf.be\/article\/le-ver-de-terre-maillon-essentiel-et-menace-de-la-biodiversite-11181064\">https:\/\/www.rtbf.be\/article\/le-ver-de-terre-maillon-essentiel-et-menace-de-la-biodiversite-11181064<\/a>    ( article RTBF du 11 avril 2023).<\/p>\n\n\n\n<p class=\"has-neve-link-color-color has-text-color has-link-color has-medium-font-size wp-elements-f3f27ee30406cb5829c66e0d795c8d86\"><strong>Le 10\/02\/2024 de 15h \u00e0 17h : Les vers de terre par Mr Gentil<\/strong>. Cette conf\u00e9rence aura lieu dans la salle de P\u00e9dologie, Avenue Mar\u00e9chal Juin n\u00b01 \u00e0 5030 Gembloux.<\/p>\n\n\n\n<p><strong>La journ\u00e9e internationale du ver de terre<\/strong> <strong>a lieu le 21 octobre<\/strong> ! <\/p>\n\n\n\n<p>Cet animal \u00e9tait le pr\u00e9f\u00e9r\u00e9 de Charles Darwin et pour cause, son bel app\u00e9tit lui permet d\u2019ing\u00e9rer vingt fois son poids au quotidien et ses d\u00e9jections sont un bienfait pour la terre.<\/p>\n\n\n\n<p>C\u00e9l\u00e9br\u00e9 par <strong>Aristote<\/strong>, animal sacr\u00e9 pour <strong>Cl\u00e9op\u00e2tre<\/strong>, \u00e9tudi\u00e9 par <strong>Darwin<\/strong>, <strong>le ver de terre joue un r\u00f4le essentiel dans la sant\u00e9 des sols et de la biodiversit\u00e9. Mais il voit aujourd&rsquo;hui sa survie menac\u00e9e notamment par l&rsquo;agriculture intensive.<\/strong><\/p>\n\n\n\n<p>Les gens \u00ab\u00a0sont sensibles \u00e0 la condition animale des chiens et des chats. \u00c0 la rigueur \u00e0 celle des \u00e9l\u00e9phants, des dauphins et des loups, parce que \u00e7a leur rappelle vaguement un dessin anim\u00e9\u00a0\u00bb. Mais le ver de terre, \u00ab\u00a0comment pourraient-ils le conna\u00eetre puisqu&rsquo;ils vivent loin de la terre ?\u00a0\u00bb, s&rsquo;interroge l&rsquo;auteur et ancien agronome fran\u00e7ais <strong>Christophe Gatineau<\/strong>, qui publie en avril en France un deuxi\u00e8me ouvrage consacr\u00e9 \u00e0 l&rsquo;invert\u00e9br\u00e9.<\/p>\n\n\n\n<p><strong>Ils soignent les sols et prot\u00e8gent la biodiversit\u00e9<\/strong><\/p>\n\n\n\n<p>Sa fonction est pourtant primordiale. \u00ab\u00a0Ils sont ing\u00e9nieurs, digesteurs, nourrisseurs, laboureurs, rajeunisseurs\u00a0\u00bb des sols et sont ainsi \u00e0 la source du cycle de la nutrition, \u00e9num\u00e8re l&rsquo;ex-agronome de 61 ans, dont le premier \u00ab\u00a0Eloge du ver\u00a0\u00bb paru en 2018 avait remport\u00e9 un grand succ\u00e8s en librairie en France.<\/p>\n\n\n\n<p>Fils d&rsquo;agriculteurs devenu \u00e9crivain, Christophe Gatineau cultive aujourd&rsquo;hui pour le plaisir son potager en Haute-Vienne, dans le centre de la France. Chaque jour, au bout de sa binette, il croise son animal pr\u00e9f\u00e9r\u00e9, sorti des profondeurs.<\/p>\n\n\n\n<p>Mais, pr\u00e9vient-il, il y a vers de terre et vers de terre. <strong>En France, il en existe 150 esp\u00e8ces, et 6000 \u00e0 7000 dans le monde<\/strong>. Parmi les lombrics communs, il faut distinguer en surface les \u00e9pig\u00e9s, aussi appel\u00e9s vers de compost, les endog\u00e9s qui restent dans le sol et, plus en profondeur, les an\u00e9ciques.<\/p>\n\n\n\n<p>\u00ab\u00a0Les stars du sol, ce sont eux. A travers leurs galeries verticales, l&rsquo;eau va pouvoir s&rsquo;infiltrer. Ils ont donc un impact direct sur la porosit\u00e9 des sols. Ils participent aussi au recyclage des nutriments pour nourrir les plantes via leurs excr\u00e9ments\u00a0\u00bb, explique-t-il. Gatineau.<\/p>\n\n\n\n<p>Christophe Gatineau : \u00ab\u00a0On a eu un contact\u00a0\u00bb<\/p>\n\n\n\n<p>Pour celui qui est \u00ab\u00a0n\u00e9 au cul des vers de terre\u00a0\u00bb dans la campagne vend\u00e9enne, dans l&rsquo;ouest de la France, le d\u00e9clic est intervenu \u00e0 l&rsquo;occasion d&rsquo;une rencontre un peu particuli\u00e8re. \u00ab\u00a0Je croise un matin un ver de terre, je remarque qu&rsquo;il a un petit brin d&rsquo;herbe dans la bouche. Et b\u00eatement, je tire pour lui enlever. Et l\u00e0, \u00e7a dure 1\/100e de seconde, on a eu un contact : quand j&rsquo;ai voulu lui prendre, en ayant un petit mouvement de recul, il m&rsquo;a dit non. Moi, j&rsquo;ai bascul\u00e9 et \u00e0 partir de ce moment-l\u00e0, je me suis mis \u00e0 \u00e9crire sur les vers de terre et \u00e0 d\u00e9fendre leur cause.\u00a0\u00bb<\/p>\n\n\n\n<p>Depuis, <strong>Christophe Gatineau a endoss\u00e9 le r\u00f4le d&rsquo;avocat des ann\u00e9lides<\/strong>. Blog, livres, lettres aux politiques, il ne m\u00e9nage pas ses efforts.<\/p>\n\n\n\n<p>Car l&rsquo;heure est grave, souligne-t-il. \u00ab\u00a0Quand j&rsquo;\u00e9tais plus jeune, il y avait de la vie dans les sols, dans l&rsquo;eau, tout \u00e7a semblait \u00e9ternel, \u00e9tabli. Et puis, un jour, il y a eu moins de vie et les vers de terre ont commenc\u00e9 \u00e0 dispara\u00eetre. En une g\u00e9n\u00e9ration, toutes mes images d&rsquo;enfance ont disparu.\u00a0\u00bb<\/p>\n\n\n\n<p><strong>Ils se font de plus en plus rares<\/strong>.<\/p>\n\n\n\n<p>En cause, selon lui, <strong>l&rsquo;\u00e9volution des pratiques agricoles<\/strong>. \u00ab\u00a0A partir du moment o\u00f9 des sols vont \u00eatre labour\u00e9s r\u00e9guli\u00e8rement, o\u00f9 la chimie va \u00eatre employ\u00e9e, bien \u00e9videmment, ce n&rsquo;est pas propice aux vers de terre.\u00a0\u00bb<\/p>\n\n\n\n<p>\u00ab\u00a0Il y a un empoisonnement \u00e0 long terme et ils meurent de faim.\u00a0\u00bb<\/p>\n\n\n\n<p>\u00ab\u00a0Pour donner un ordre de grandeur, <strong>dans les sols (cultiv\u00e9s), il y a 50\/60 ans, on estimait les populations \u00e0 une tonne d&rsquo;animaux vifs (par hectare<\/strong>), <strong>aujourd&rsquo;hui, on est \u00e0 200 kg, parfois moins<\/strong>.\u00a0\u00bb<\/p>\n\n\n\n<p>Le <strong>r\u00e9chauffement climatique<\/strong> joue \u00e9galement car \u00ab\u00a0pour que les vers de terre puissent se nourrir et vivre correctement, il leur faut un certain taux d&rsquo;humidit\u00e9 dans l&rsquo;air et dans le sol\u00a0\u00bb.<\/p>\n\n\n\n<p>Premier pas pour redonner ses lettres de noblesse et de meilleures chances de survie \u00e0 l&rsquo;invert\u00e9br\u00e9 : la cr\u00e9ation d&rsquo;un statut juridique, estime l&rsquo;agronome. \u00ab\u00a0Le ver de terre n&rsquo;existe pas au regard de la loi. (&#8230;) A partir du moment o\u00f9 la loi le reconna\u00eetra, on pourra peut-\u00eatre faire \u00e9voluer les outils agricoles, \u00e9valuer les pesticides&#8230; La base, c&rsquo;est la reconnaissance. Sinon, vous n&rsquo;existez pas\u00a0\u00bb, souligne M. Gatineau.<\/p>\n\n\n\n<p><\/p>\n\n\n\n<p><\/p>\n\n\n\n<p><\/p>\n<div style=\"display:flex; gap:10px;justify-content:center\" class=\"wps-pgfw-pdf-generate-icon__wrapper-frontend\">\n\t\t<a  href=\"http:\/\/srhgx.be\/wordpress\/wp-json\/wp\/v2\/posts\/10389?action=genpdf&amp;id=10389\" class=\"pgfw-single-pdf-download-button\" ><img src=\"http:\/\/srhgx.be\/wordpress\/wp-content\/plugins\/pdf-generator-for-wp\/admin\/src\/images\/PDF_Tray.svg\" title=\"G\u00e9n\u00e9rer un PDF\" style=\"width:auto; height:45px;\"><\/a>\n\t\t<\/div>","protected":false},"excerpt":{"rendered":"<p>https:\/\/www.rtbf.be\/article\/le-ver-de-terre-maillon-essentiel-et-menace-de-la-biodiversite-11181064 ( article RTBF du 11 avril 2023). Le 10\/02\/2024 de 15h \u00e0 17h : Les vers de terre par Mr Gentil. Cette conf\u00e9rence aura lieu dans la salle de&hellip;&nbsp;<a href=\"http:\/\/srhgx.be\/wordpress\/le-ver-de-terre-maillon-essentiel-et-menace-de-la-biodiversite\/\" rel=\"bookmark\">Lire la suite &raquo;<span class=\"screen-reader-text\">Le ver de terre, maillon essentiel et menac\u00e9 de la biodiversit\u00e9<\/span><\/a><\/p>\n","protected":false},"author":10,"featured_media":0,"comment_status":"closed","ping_status":"closed","sticky":false,"template":"","format":"standard","meta":{"neve_meta_sidebar":"","neve_meta_container":"","neve_meta_enable_content_width":"","neve_meta_content_width":0,"neve_meta_title_alignment":"","neve_meta_author_avatar":"","neve_post_elements_order":"","neve_meta_disable_header":"","neve_meta_disable_footer":"","neve_meta_disable_title":"","footnotes":""},"categories":[1],"tags":[],"ppma_author":[447],"class_list":["post-10389","post","type-post","status-publish","format-standard","hentry","category-srhgx"],"publishpress_future_action":{"enabled":false,"date":"2026-05-07 09:22:08","action":"change-status","newStatus":"draft","terms":[],"taxonomy":"category","extraData":[]},"publishpress_future_workflow_manual_trigger":{"enabledWorkflows":[]},"authors":[{"term_id":447,"user_id":10,"is_guest":0,"slug":"cblancke","display_name":"Christine BLANCKE","avatar_url":"https:\/\/secure.gravatar.com\/avatar\/973b599229553ee0b848ec49ca3de61a676ccbea8c5d03d2f477ac1a73794615?s=96&d=mm&r=g","1":"","2":"","3":"","4":"","5":"","6":"","7":"","8":""}],"_links":{"self":[{"href":"http:\/\/srhgx.be\/wordpress\/wp-json\/wp\/v2\/posts\/10389","targetHints":{"allow":["GET"]}}],"collection":[{"href":"http:\/\/srhgx.be\/wordpress\/wp-json\/wp\/v2\/posts"}],"about":[{"href":"http:\/\/srhgx.be\/wordpress\/wp-json\/wp\/v2\/types\/post"}],"author":[{"embeddable":true,"href":"http:\/\/srhgx.be\/wordpress\/wp-json\/wp\/v2\/users\/10"}],"replies":[{"embeddable":true,"href":"http:\/\/srhgx.be\/wordpress\/wp-json\/wp\/v2\/comments?post=10389"}],"version-history":[{"count":3,"href":"http:\/\/srhgx.be\/wordpress\/wp-json\/wp\/v2\/posts\/10389\/revisions"}],"predecessor-version":[{"id":10421,"href":"http:\/\/srhgx.be\/wordpress\/wp-json\/wp\/v2\/posts\/10389\/revisions\/10421"}],"wp:attachment":[{"href":"http:\/\/srhgx.be\/wordpress\/wp-json\/wp\/v2\/media?parent=10389"}],"wp:term":[{"taxonomy":"category","embeddable":true,"href":"http:\/\/srhgx.be\/wordpress\/wp-json\/wp\/v2\/categories?post=10389"},{"taxonomy":"post_tag","embeddable":true,"href":"http:\/\/srhgx.be\/wordpress\/wp-json\/wp\/v2\/tags?post=10389"},{"taxonomy":"author","embeddable":true,"href":"http:\/\/srhgx.be\/wordpress\/wp-json\/wp\/v2\/ppma_author?post=10389"}],"curies":[{"name":"wp","href":"https:\/\/api.w.org\/{rel}","templated":true}]}}