{"id":10300,"date":"2024-01-28T10:31:57","date_gmt":"2024-01-28T09:31:57","guid":{"rendered":"http:\/\/srhgx.be\/wordpress\/?p=10300"},"modified":"2024-01-28T10:31:59","modified_gmt":"2024-01-28T09:31:59","slug":"sante-et-sagesse-de-la-terre-les-fruits-oublies","status":"publish","type":"post","link":"http:\/\/srhgx.be\/wordpress\/sante-et-sagesse-de-la-terre-les-fruits-oublies\/","title":{"rendered":"Sant\u00e9 et sagesse de la terre\u00a0\u00a0\u00a0\u00a0\u00a0\u00a0\u00a0                          Les fruits oubli\u00e9s"},"content":{"rendered":"\n<p class=\"has-nv-dark-bg-color has-text-color has-link-color has-large-font-size wp-elements-250ce6948fa44e17f33af14beac752b1\"><strong>Rapha\u00ebl COLICCI<\/strong><\/p>\n\n\n\n<p class=\"has-nv-dark-bg-color has-text-color has-link-color has-large-font-size wp-elements-55195a96b4fe61cab987039aa928e7c1\"><strong>Annie CASSEZ<\/strong><\/p>\n\n\n\n<p class=\"has-nv-dark-bg-color has-text-color has-link-color has-large-font-size wp-elements-42a87d02d82e0cf0d45a17f85d570709\"><strong>France GUILLAIN<\/strong><\/p>\n\n\n\n<p class=\"has-nv-dark-bg-color has-text-color has-link-color has-large-font-size wp-elements-9a91f23eb4800c6e26f74bb36fc16782\"><strong>Pierre RABHI<\/strong><\/p>\n\n\n\n<p class=\"has-medium-font-size\"><strong>Mai 2022\u00a0\u00a0\u00a0\u00a0\u00a0\u00a0\u00a0\u00a0\u00a0\u00a0\u00a0\u00a0\u00a0\u00a0\u00a0 30 \u20ac\u00a0\u00a0\u00a0\u00a0\u00a0\u00a0\u00a0        <\/strong><\/p>\n\n\n\n<p class=\"has-medium-font-size\"><strong>\u00c9diteur\u00a0: Museo\u00a0\u00a0<\/strong>     <strong>ISBN\u00a0: 2373751003<\/strong><\/p>\n\n\n\n<figure class=\"wp-block-image size-full is-resized\"><img fetchpriority=\"high\" decoding=\"async\" width=\"225\" height=\"225\" src=\"http:\/\/srhgx.be\/wordpress\/wp-content\/uploads\/2024\/01\/image-26.png\" alt=\"\" class=\"wp-image-10302\" style=\"width:342px;height:auto\" srcset=\"http:\/\/srhgx.be\/wordpress\/wp-content\/uploads\/2024\/01\/image-26.png 225w, http:\/\/srhgx.be\/wordpress\/wp-content\/uploads\/2024\/01\/image-26-150x150.png 150w, http:\/\/srhgx.be\/wordpress\/wp-content\/uploads\/2024\/01\/image-26-200x200.png 200w\" sizes=\"(max-width: 225px) 100vw, 225px\" \/><\/figure>\n\n\n\n<p>Paysan, th\u00e9rapeute et chercheur install\u00e9 dans l\u2019H\u00e9rault depuis 1989, Rapha\u00ebl Colicci nous offre \u00e0 travers ce livre le fruit de ses exp\u00e9riences et de son engagement concret de plus de 50 ans. Dans sa ferme qui soigne il est arriv\u00e9, gr\u00e2ce \u00e0 sa passion et sa clairvoyance, a recr\u00e9\u00e9 une oasis de diversit\u00e9 d\u2019o\u00f9 proviennent des fruits et l\u00e9gumes d\u00e9licieux, aux qualit\u00e9s nutritives et m\u00e9dicinales remarquables. Il nous prouve ainsi que tout est possible pour r\u00e9parer la terre et les humains.<\/p>\n\n\n\n<p>Dans la premi\u00e8re partie de l\u2019ouvrage, vous trouverez le r\u00e9cit de ses d\u00e9buts, de son projet pour la sauvegarde de la biodiversit\u00e9 alimentaire ainsi que la pr\u00e9sentation des conservatoires qu\u2019il a constitu\u00e9 dans ce sens.<\/p>\n\n\n\n<p>Il revient ensuite sur les plantes nourrici\u00e8res qu\u2019il sauvegarde, et d\u00e9taille pour chacune d\u2019elles, leur berceau d\u2019origine, leurs valeurs nutritionnelles, leurs vertus m\u00e9dicinales et leurs usages.&nbsp; Le tout est magnifiquement illustr\u00e9 par Annie Cassez.<\/p>\n\n\n\n<p>Dans ce livre, vous (re)d\u00e9couvrirez des plantes telles que : l\u2019asperge, le chardon-marie, le cerisier, le goji, le pistachier, le sureau noir, le yacon, l\u2019am\u00e9lanchier, l\u2019argousier\u2026 et bien d\u2019autres !<\/p>\n\n\n\n<p>Ce livre est l&rsquo;histoire de la rencontre entre un homme et un r\u00eave.\u00a0 Paysan, th\u00e9rapeute et chercheur, il intervient en 1975 dans le premier h\u00f4pital de m\u00e9decine holistique \u00e0 Londres.\u00a0 Gr\u00e2ce \u00e0 sa passion et sa clairvoyance, Rapha\u00ebl a plant\u00e9 sur une terre st\u00e9rile un conservatoire d&rsquo;oliviers, de grenadiers, de vignes., des esp\u00e8ces rustiques, cultiv\u00e9es en biodynamie.<\/p>\n\n\n\n<p>Rapha\u00ebl Colicci cultive une grande diversit\u00e9 de plantes (fruit et l\u00e9gumes principalement) dont la plupart en conservatoire. Il sauvegarde ainsi des vari\u00e9t\u00e9s dont il connait et utilise les propri\u00e9t\u00e9s. Ses m\u00e9tiers de chercheur et th\u00e9rapeute l&rsquo;ont invit\u00e9 \u00e0 bien s\u00e9lectionner les cultivars propices aux utilisations m\u00e9dicinales. Par exemple, pour l&rsquo;alo\u00e9 vera, il conseille d&rsquo;utiliser une vari\u00e9t\u00e9 (Aloe arborescens) certes 5 fois moins productive que la vari\u00e9t\u00e9 la plus cultiv\u00e9e (Aloe barbadensis), mais c&rsquo;est parce qu&rsquo;elle poss\u00e8de une concentration en principes actifs beaucoup plus importante !<\/p>\n\n\n\n<p>Pour les fruitiers, il indique ses vari\u00e9t\u00e9s pr\u00e9f\u00e9r\u00e9es.<\/p>\n\n\n\n<p>Vu qu&rsquo;il cultive depuis plus de 30 ans sur sa ferme, cela lui donne une grande expertise sur ce qu&rsquo;est une \u00ab\u00a0bonne vari\u00e9t\u00e9\u00a0\u00bb (r\u00e9sistance aux ravageurs, qualit\u00e9 organoleptique, rusticit\u00e9).<\/p>\n\n\n\n<p>Dans ce livre, vous (re)d\u00e9couvrirez des plantes telles que : cerisier, abricotier. asiminier, az\u00e9rolier. asperge, souchet, armoise annuelle, yacon. olivier, pacanier et bien d&rsquo;autres ! <\/p>\n\n\n\n<p><strong>La ferme qui soigne<\/strong> <\/p>\n\n\n\n<figure class=\"wp-block-embed is-type-video is-provider-youtube wp-block-embed-youtube wp-embed-aspect-16-9 wp-has-aspect-ratio\"><div class=\"wp-block-embed__wrapper\">\n<div class=\"nv-iframe-embed\"><iframe title=\"La ferme qui soigne - Bande annonce FR\" width=\"1200\" height=\"675\" src=\"https:\/\/www.youtube.com\/embed\/QvCZbvdSEv4?feature=oembed\" frameborder=\"0\" allow=\"accelerometer; autoplay; clipboard-write; encrypted-media; gyroscope; picture-in-picture; web-share\" allowfullscreen><\/iframe><\/div>\n<\/div><\/figure>\n\n\n\n<p><strong>La ferme qui soigne<\/strong><\/p>\n\n\n\n<p><strong>Documentaire r\u00e9alis\u00e9 par Caroline Breton \u2022 \u00c9crit par Caroline Breton<\/strong><\/p>\n\n\n\n<p><strong>France \u2022 2021<\/strong> \u2022 78 minutes \u2022 Full HD \u2022 Couleur<\/p>\n\n\n\n<figure class=\"wp-block-image size-full\"><img decoding=\"async\" width=\"325\" height=\"434\" src=\"http:\/\/srhgx.be\/wordpress\/wp-content\/uploads\/2024\/01\/image-27.png\" alt=\"\" class=\"wp-image-10303\" srcset=\"http:\/\/srhgx.be\/wordpress\/wp-content\/uploads\/2024\/01\/image-27.png 325w, http:\/\/srhgx.be\/wordpress\/wp-content\/uploads\/2024\/01\/image-27-225x300.png 225w, http:\/\/srhgx.be\/wordpress\/wp-content\/uploads\/2024\/01\/image-27-200x267.png 200w\" sizes=\"(max-width: 325px) 100vw, 325px\" \/><\/figure>\n\n\n\n<p><strong>Rapha\u00ebl Colicci<\/strong> est un peu touche-\u00e0-tout : th\u00e9rapeute, paysan, apiculteur, passionn\u00e9 de fruits oubli\u00e9s, formateur, conf\u00e9rencier&#8230; sans cesse en train de se poser des questions, mais surtout de chercher des solutions ! Cela fait pr\u00e8s de 50 ans qu\u2019il a relev\u00e9 ses manches \u00e0 la recherche de propositions concr\u00e8tes pour habiter une terre vivante et g\u00e9n\u00e9reuse. Il cultive des vari\u00e9t\u00e9s anciennes de fruits et l\u00e9gumes qui ont du go\u00fbt, sont r\u00e9sistantes au froid, ont peu besoin d\u2019eau, mais surtout sont riches en polyph\u00e9nol et antioxydant, de vraies bombes de sant\u00e9 pour l\u2019Homme ! L\u2019Olive, le Kaki, le Souchet, l\u2019Asimine, la Grenade, le Chardon-Marie, l\u2019Artemisia annua, les fruits oubli\u00e9s, sont d\u2019incroyables alicaments (aliments &#8211; m\u00e9dicaments) aux vertus exceptionnelles.<\/p>\n\n\n\n<p><strong>Bien se nourrir, c\u2019est se soigner&nbsp;:<\/strong><\/p>\n\n\n\n<p><strong>Edgar Morin (sociologue et philosophe<\/strong>),<\/p>\n\n\n\n<p><strong>Pierre Rabhi (auteur, paysan et penseur)<\/strong>, &nbsp;&nbsp;&nbsp;&nbsp;&nbsp;&nbsp;&nbsp;&nbsp;&nbsp;&nbsp;&nbsp;&nbsp;&nbsp;&nbsp;&nbsp;&nbsp;&nbsp;&nbsp;&nbsp;&nbsp;&nbsp;&nbsp;&nbsp;&nbsp;&nbsp;&nbsp;&nbsp;&nbsp;&nbsp;&nbsp;&nbsp;&nbsp;&nbsp;&nbsp;&nbsp;&nbsp;&nbsp;&nbsp;&nbsp;&nbsp;&nbsp;&nbsp;&nbsp;&nbsp;&nbsp;&nbsp;&nbsp;&nbsp;&nbsp;&nbsp;&nbsp;&nbsp;&nbsp;&nbsp;&nbsp;&nbsp;&nbsp;&nbsp;&nbsp;&nbsp;&nbsp;&nbsp;&nbsp;&nbsp;&nbsp;<\/p>\n\n\n\n<p><strong>Professeur Henri Joyeux (canc\u00e9rologue et chirurgien),<\/strong><\/p>\n\n\n\n<p><strong>Ernst Z\u00fcrcher (ing\u00e9nieur forestier),<\/strong><\/p>\n\n\n\n<p><strong>Babeth Colicci (agro-th\u00e9rapeute),<\/strong> &nbsp;&nbsp;&nbsp;&nbsp;&nbsp;&nbsp;&nbsp;&nbsp;&nbsp;&nbsp;&nbsp;&nbsp;&nbsp;&nbsp;&nbsp;&nbsp;&nbsp;&nbsp;&nbsp;&nbsp;&nbsp;&nbsp;&nbsp;&nbsp;&nbsp;&nbsp;&nbsp;&nbsp;&nbsp;&nbsp;&nbsp;&nbsp;&nbsp;&nbsp;&nbsp;&nbsp;&nbsp;&nbsp;&nbsp;&nbsp;&nbsp;&nbsp;&nbsp;&nbsp;&nbsp;&nbsp;&nbsp;&nbsp;&nbsp;&nbsp;&nbsp;&nbsp;&nbsp;&nbsp;&nbsp;&nbsp;&nbsp;&nbsp;&nbsp;&nbsp;&nbsp;&nbsp;&nbsp;&nbsp;&nbsp;&nbsp;&nbsp;&nbsp;&nbsp;&nbsp;&nbsp;&nbsp;&nbsp;&nbsp;&nbsp;&nbsp;&nbsp;&nbsp;&nbsp;&nbsp;&nbsp;&nbsp;&nbsp;&nbsp;&nbsp;&nbsp;&nbsp;&nbsp;<\/p>\n\n\n\n<p><strong>Sara Po\u00ebt (naturopathe)<\/strong> amis proches de Rapha\u00ebl Colicci, partagent leurs points de vue sur cette qu\u00eate fondamentale.<\/p>\n<div style=\"display:flex; gap:10px;justify-content:center\" class=\"wps-pgfw-pdf-generate-icon__wrapper-frontend\">\n\t\t<a  href=\"http:\/\/srhgx.be\/wordpress\/wp-json\/wp\/v2\/posts\/10300?action=genpdf&amp;id=10300\" class=\"pgfw-single-pdf-download-button\" ><img src=\"http:\/\/srhgx.be\/wordpress\/wp-content\/plugins\/pdf-generator-for-wp\/admin\/src\/images\/PDF_Tray.svg\" title=\"G\u00e9n\u00e9rer un PDF\" style=\"width:auto; height:45px;\"><\/a>\n\t\t<\/div>","protected":false},"excerpt":{"rendered":"<p>Rapha\u00ebl COLICCI Annie CASSEZ France GUILLAIN Pierre RABHI Mai 2022\u00a0\u00a0\u00a0\u00a0\u00a0\u00a0\u00a0\u00a0\u00a0\u00a0\u00a0\u00a0\u00a0\u00a0\u00a0 30 \u20ac\u00a0\u00a0\u00a0\u00a0\u00a0\u00a0\u00a0 \u00c9diteur\u00a0: Museo\u00a0\u00a0 ISBN\u00a0: 2373751003 Paysan, th\u00e9rapeute et chercheur install\u00e9 dans l\u2019H\u00e9rault depuis 1989, Rapha\u00ebl Colicci nous offre \u00e0&hellip;&nbsp;<a href=\"http:\/\/srhgx.be\/wordpress\/sante-et-sagesse-de-la-terre-les-fruits-oublies\/\" rel=\"bookmark\">Lire la suite &raquo;<span class=\"screen-reader-text\">Sant\u00e9 et sagesse de la terre\u00a0\u00a0\u00a0\u00a0\u00a0\u00a0\u00a0                          Les fruits oubli\u00e9s<\/span><\/a><\/p>\n","protected":false},"author":10,"featured_media":478,"comment_status":"closed","ping_status":"closed","sticky":false,"template":"","format":"standard","meta":{"neve_meta_sidebar":"","neve_meta_container":"","neve_meta_enable_content_width":"","neve_meta_content_width":0,"neve_meta_title_alignment":"","neve_meta_author_avatar":"","neve_post_elements_order":"","neve_meta_disable_header":"","neve_meta_disable_footer":"","neve_meta_disable_title":"","footnotes":""},"categories":[146,110,1],"tags":[1063,242,514,1062,398],"ppma_author":[447],"class_list":["post-10300","post","type-post","status-publish","format-standard","has-post-thumbnail","hentry","category-documents","category-livre","category-srhgx","tag-aloe-vera","tag-biodiversite","tag-fruits","tag-fruits-oublies","tag-legumes"],"publishpress_future_action":{"enabled":false,"date":"2026-05-09 11:50:20","action":"change-status","newStatus":"draft","terms":[],"taxonomy":"category","extraData":[]},"publishpress_future_workflow_manual_trigger":{"enabledWorkflows":[]},"authors":[{"term_id":447,"user_id":10,"is_guest":0,"slug":"cblancke","display_name":"Christine BLANCKE","avatar_url":"https:\/\/secure.gravatar.com\/avatar\/973b599229553ee0b848ec49ca3de61a676ccbea8c5d03d2f477ac1a73794615?s=96&d=mm&r=g","1":"","2":"","3":"","4":"","5":"","6":"","7":"","8":""}],"_links":{"self":[{"href":"http:\/\/srhgx.be\/wordpress\/wp-json\/wp\/v2\/posts\/10300","targetHints":{"allow":["GET"]}}],"collection":[{"href":"http:\/\/srhgx.be\/wordpress\/wp-json\/wp\/v2\/posts"}],"about":[{"href":"http:\/\/srhgx.be\/wordpress\/wp-json\/wp\/v2\/types\/post"}],"author":[{"embeddable":true,"href":"http:\/\/srhgx.be\/wordpress\/wp-json\/wp\/v2\/users\/10"}],"replies":[{"embeddable":true,"href":"http:\/\/srhgx.be\/wordpress\/wp-json\/wp\/v2\/comments?post=10300"}],"version-history":[{"count":2,"href":"http:\/\/srhgx.be\/wordpress\/wp-json\/wp\/v2\/posts\/10300\/revisions"}],"predecessor-version":[{"id":10326,"href":"http:\/\/srhgx.be\/wordpress\/wp-json\/wp\/v2\/posts\/10300\/revisions\/10326"}],"wp:featuredmedia":[{"embeddable":true,"href":"http:\/\/srhgx.be\/wordpress\/wp-json\/wp\/v2\/media\/478"}],"wp:attachment":[{"href":"http:\/\/srhgx.be\/wordpress\/wp-json\/wp\/v2\/media?parent=10300"}],"wp:term":[{"taxonomy":"category","embeddable":true,"href":"http:\/\/srhgx.be\/wordpress\/wp-json\/wp\/v2\/categories?post=10300"},{"taxonomy":"post_tag","embeddable":true,"href":"http:\/\/srhgx.be\/wordpress\/wp-json\/wp\/v2\/tags?post=10300"},{"taxonomy":"author","embeddable":true,"href":"http:\/\/srhgx.be\/wordpress\/wp-json\/wp\/v2\/ppma_author?post=10300"}],"curies":[{"name":"wp","href":"https:\/\/api.w.org\/{rel}","templated":true}]}}