{"id":10168,"date":"2024-01-07T09:58:56","date_gmt":"2024-01-07T08:58:56","guid":{"rendered":"http:\/\/srhgx.be\/wordpress\/?p=10168"},"modified":"2024-01-07T09:58:58","modified_gmt":"2024-01-07T08:58:58","slug":"la-legende-du-nouvel-an-racontee-dans-les-vallees-italiennes-de-comasco","status":"publish","type":"post","link":"http:\/\/srhgx.be\/wordpress\/la-legende-du-nouvel-an-racontee-dans-les-vallees-italiennes-de-comasco\/","title":{"rendered":"La l\u00e9gende du Nouvel An racont\u00e9e dans les vall\u00e9es italiennes de Comasco"},"content":{"rendered":"\n<p>Une l\u00e9gende du Nouvel An, qui se raconte encore dans les vall\u00e9es italiennes de Comasco (dans la province de C\u00f4me dans la r\u00e9gion de Lombardie), raconte l&rsquo;histoire d&rsquo;un avare et d&rsquo;un pauvre et rappelle l&rsquo;histoire de <strong>Charles Dickens<\/strong> qui met en sc\u00e8ne le riche et avare Scrooge <\/p>\n\n\n\n<figure class=\"wp-block-image size-full\"><img fetchpriority=\"high\" decoding=\"async\" width=\"194\" height=\"259\" src=\"http:\/\/srhgx.be\/wordpress\/wp-content\/uploads\/2023\/12\/Sans-titre-5.jpg\" alt=\"\" class=\"wp-image-10170\" \/><\/figure>\n\n\n\n<p><strong>Le dr\u00f4le de No\u00ebl de SCROOGE<\/strong><\/p>\n\n\n\n<p>En vertu de cette histoire, dans ces lieux, le soir du Nouvel An, les habitants accrochaient un b\u00e2ton, un sac et un morceau de pain \u00e0 la porte des fermes.     <\/p>\n\n\n\n<p><strong>Pour quelle raison ?<\/strong>                                                                                                                                     <\/p>\n\n\n\n<p><strong>Histoire d&rsquo;un avare et d&rsquo;un mendiant<\/strong><\/p>\n\n\n\n<p>La l\u00e9gende du Nouvel An raconte qu&rsquo;il y a bien longtemps, par une froide soir\u00e9e de r\u00e9veillon, alors que tout le monde faisait la f\u00eate chez soi, l&rsquo;avare Tobias comptait son argent dans un coin de sa maison, lorsqu&rsquo;il entendit frapper \u00e0 la porte. L&rsquo;homme, quelque peu contrari\u00e9, apr\u00e8s avoir seulement recouvert les ducats d&rsquo;un linge, alla ouvrir la porte.<\/p>\n\n\n\n<p>Imm\u00e9diatement, il fut frapp\u00e9 par une rafale de vent glacial. Puis, il aper\u00e7ut, devant lui, au milieu de la temp\u00eate de neige, un pauvre homme qui se tenait \u00e0 peine debout et, malgr\u00e9 le froid, ne portait m\u00eame pas de manteau ou quoi que ce soit de similaire. Le pauvre homme se pr\u00e9sentait comme un voyageur \u00e9gar\u00e9, \u00e0 la recherche d&rsquo;un abri, et demandait l&rsquo;aum\u00f4ne pour pouvoir dormir dans une grange. Tobias, sans montrer le moindre signe de piti\u00e9, refusa de l&rsquo;h\u00e9berger au motif qu&rsquo;il ne permettait \u00e0 personne de dormir dans sa grange. D\u2019ailleurs, sans h\u00e9sitation, il lui a ordonn\u00e9 de partir.<\/p>\n\n\n\n<p>Le pauvre homme demanda alors au moins une cro\u00fbte de pain, un sac ou au moins un chiffon avec lequel il pourrait se couvrir, ou un b\u00e2ton sur lequel s&rsquo;appuyer, mais il re\u00e7ut un autre refus brusque. Tobias, sans y r\u00e9fl\u00e9chir \u00e0 deux fois, ferma la porte de la maison au nez du mendiant et revint \u00e0 son argent. Mais une am\u00e8re surprise l&rsquo;attendait : sous le drap, au lieu de ses ducats bien-aim\u00e9s, il ne trouva qu&rsquo;une poign\u00e9e de feuilles s\u00e8ches. Son pr\u00e9cieux argent avait soudainement disparu comme neige au soleil.<\/p>\n\n\n\n<p>Son d\u00e9sespoir \u00e9tait si grand qu\u2019il le conduisit \u00e0 la folie. Tobias terminait ses journ\u00e9es en errant dans ses vall\u00e9es natales et en racontant \u00e0 tout le monde son malheur. Depuis, le soir du Nouvel An, les habitants ont pris l&rsquo;habitude d&rsquo;accrocher un sac, un b\u00e2ton et un morceau de pain sur le pas de leur porte.<\/p>\n<div style=\"display:flex; gap:10px;justify-content:center\" class=\"wps-pgfw-pdf-generate-icon__wrapper-frontend\">\n\t\t<a  href=\"http:\/\/srhgx.be\/wordpress\/wp-json\/wp\/v2\/posts\/10168?action=genpdf&amp;id=10168\" class=\"pgfw-single-pdf-download-button\" ><img src=\"http:\/\/srhgx.be\/wordpress\/wp-content\/plugins\/pdf-generator-for-wp\/admin\/src\/images\/PDF_Tray.svg\" title=\"G\u00e9n\u00e9rer un PDF\" style=\"width:auto; height:45px;\"><\/a>\n\t\t<\/div>","protected":false},"excerpt":{"rendered":"<p>Une l\u00e9gende du Nouvel An, qui se raconte encore dans les vall\u00e9es italiennes de Comasco (dans la province de C\u00f4me dans la r\u00e9gion de Lombardie), raconte l&rsquo;histoire d&rsquo;un avare et&hellip;&nbsp;<a href=\"http:\/\/srhgx.be\/wordpress\/la-legende-du-nouvel-an-racontee-dans-les-vallees-italiennes-de-comasco\/\" rel=\"bookmark\">Lire la suite &raquo;<span class=\"screen-reader-text\">La l\u00e9gende du Nouvel An racont\u00e9e dans les vall\u00e9es italiennes de Comasco<\/span><\/a><\/p>\n","protected":false},"author":10,"featured_media":0,"comment_status":"closed","ping_status":"closed","sticky":false,"template":"","format":"standard","meta":{"neve_meta_sidebar":"","neve_meta_container":"","neve_meta_enable_content_width":"","neve_meta_content_width":0,"neve_meta_title_alignment":"","neve_meta_author_avatar":"","neve_post_elements_order":"","neve_meta_disable_header":"","neve_meta_disable_footer":"","neve_meta_disable_title":"","footnotes":""},"categories":[146,420,1],"tags":[1050,1049],"ppma_author":[447],"class_list":["post-10168","post","type-post","status-publish","format-standard","hentry","category-documents","category-spectacles-expositions","category-srhgx","tag-legende","tag-nouvel-an"],"publishpress_future_action":{"enabled":false,"date":"2026-05-06 12:50:28","action":"change-status","newStatus":"draft","terms":[],"taxonomy":"category","extraData":[]},"publishpress_future_workflow_manual_trigger":{"enabledWorkflows":[]},"authors":[{"term_id":447,"user_id":10,"is_guest":0,"slug":"cblancke","display_name":"Christine BLANCKE","avatar_url":"https:\/\/secure.gravatar.com\/avatar\/973b599229553ee0b848ec49ca3de61a676ccbea8c5d03d2f477ac1a73794615?s=96&d=mm&r=g","1":"","2":"","3":"","4":"","5":"","6":"","7":"","8":""}],"_links":{"self":[{"href":"http:\/\/srhgx.be\/wordpress\/wp-json\/wp\/v2\/posts\/10168","targetHints":{"allow":["GET"]}}],"collection":[{"href":"http:\/\/srhgx.be\/wordpress\/wp-json\/wp\/v2\/posts"}],"about":[{"href":"http:\/\/srhgx.be\/wordpress\/wp-json\/wp\/v2\/types\/post"}],"author":[{"embeddable":true,"href":"http:\/\/srhgx.be\/wordpress\/wp-json\/wp\/v2\/users\/10"}],"replies":[{"embeddable":true,"href":"http:\/\/srhgx.be\/wordpress\/wp-json\/wp\/v2\/comments?post=10168"}],"version-history":[{"count":1,"href":"http:\/\/srhgx.be\/wordpress\/wp-json\/wp\/v2\/posts\/10168\/revisions"}],"predecessor-version":[{"id":10171,"href":"http:\/\/srhgx.be\/wordpress\/wp-json\/wp\/v2\/posts\/10168\/revisions\/10171"}],"wp:attachment":[{"href":"http:\/\/srhgx.be\/wordpress\/wp-json\/wp\/v2\/media?parent=10168"}],"wp:term":[{"taxonomy":"category","embeddable":true,"href":"http:\/\/srhgx.be\/wordpress\/wp-json\/wp\/v2\/categories?post=10168"},{"taxonomy":"post_tag","embeddable":true,"href":"http:\/\/srhgx.be\/wordpress\/wp-json\/wp\/v2\/tags?post=10168"},{"taxonomy":"author","embeddable":true,"href":"http:\/\/srhgx.be\/wordpress\/wp-json\/wp\/v2\/ppma_author?post=10168"}],"curies":[{"name":"wp","href":"https:\/\/api.w.org\/{rel}","templated":true}]}}