{"id":10051,"date":"2023-12-15T08:49:51","date_gmt":"2023-12-15T07:49:51","guid":{"rendered":"http:\/\/srhgx.be\/wordpress\/?p=10051"},"modified":"2023-12-15T08:49:52","modified_gmt":"2023-12-15T07:49:52","slug":"jardiner-comme-un-pro","status":"publish","type":"post","link":"http:\/\/srhgx.be\/wordpress\/jardiner-comme-un-pro\/","title":{"rendered":"Jardiner comme un pro"},"content":{"rendered":"\n<p><strong>Guide pratique pour l&rsquo;am\u00e9nagement et l&rsquo;entretien du jardin<\/strong><\/p>\n\n\n\n<p class=\"has-neve-link-color-color has-text-color has-link-color has-large-font-size wp-elements-0a5bcd1514f9485e5af59c59a7fbd72e\"><strong>Olivier DEKEYSER<\/strong><\/p>\n\n\n\n<p class=\"has-medium-font-size\"><strong>Novembre 2023\u00a0\u00a0\u00a0\u00a0\u00a0\u00a0\u00a0\u00a0 27 \u20ac\u00a0\u00a0\u00a0\u00a0\u00a0\u00a0\u00a0 <\/strong><\/p>\n\n\n\n<p class=\"has-medium-font-size\"><strong>\u00c9diteur\u00a0: Eyrolles<\/strong>        <strong>ISBN\u00a0: 2416010433<\/strong><\/p>\n\n\n\n<figure class=\"wp-block-image size-full is-resized\"><img decoding=\"async\" width=\"145\" height=\"185\" src=\"http:\/\/srhgx.be\/wordpress\/wp-content\/uploads\/2023\/12\/image-1.png\" alt=\"\" class=\"wp-image-10052\" style=\"width:310px;height:auto\"\/><\/figure>\n\n\n\n<p>Quoi de plus normal que de vouloir acqu\u00e9rir les bonnes connaissances horticoles pour travailler intelligemment et avec plaisir dans un jardin&nbsp;!&nbsp; &nbsp;&nbsp;&nbsp;&nbsp;&nbsp;&nbsp;&nbsp;&nbsp;&nbsp;&nbsp;&nbsp;&nbsp;&nbsp;&nbsp;&nbsp;&nbsp;&nbsp;&nbsp;&nbsp;&nbsp;&nbsp;&nbsp;&nbsp;&nbsp;&nbsp;&nbsp;&nbsp;&nbsp;&nbsp;&nbsp;&nbsp;&nbsp;&nbsp;&nbsp;&nbsp;&nbsp;&nbsp;&nbsp;&nbsp;&nbsp;&nbsp;&nbsp;&nbsp;&nbsp;&nbsp;&nbsp;&nbsp;&nbsp;&nbsp;&nbsp;&nbsp;&nbsp;&nbsp;&nbsp;&nbsp;&nbsp;&nbsp;&nbsp;&nbsp;&nbsp;&nbsp;&nbsp;&nbsp;&nbsp;&nbsp;&nbsp;&nbsp;&nbsp;&nbsp;&nbsp;&nbsp;&nbsp;&nbsp;&nbsp;&nbsp;&nbsp;&nbsp;&nbsp;&nbsp;&nbsp;&nbsp;&nbsp;&nbsp;&nbsp;&nbsp;&nbsp;&nbsp;&nbsp;&nbsp;&nbsp;&nbsp;&nbsp;&nbsp;&nbsp;&nbsp;&nbsp;&nbsp;&nbsp;&nbsp;&nbsp;&nbsp;&nbsp;&nbsp;&nbsp;&nbsp;&nbsp;&nbsp;&nbsp;&nbsp;&nbsp;&nbsp;&nbsp;&nbsp;&nbsp;&nbsp;&nbsp;&nbsp;&nbsp;&nbsp;&nbsp;&nbsp;&nbsp;<\/p>\n\n\n\n<p>Ce livre 100 % pratique, unique en son genre, est construit sur des pas \u00e0 pas didactiques tr\u00e8s illustr\u00e9s (pr\u00e8s de de 1 300 photos et sch\u00e9mas\u00a0!). Il accompagnera le jardinier amateur dans toutes ses t\u00e2ches et tous ses gestes, du choix des outils et des graines \u00e0 la cr\u00e9ation d&rsquo;un petit jardin, de massifs vari\u00e9s ou d&rsquo;un potager, de la plantation \u00e0 l&rsquo;entretien d&rsquo;une pelouse, de la multiplication des plantes \u00e0 la taille des haies et des fruitiers, de la gestion de l&rsquo;eau au jardin \u00e0 la cr\u00e9ation d&rsquo;un \u00e9tang, de la mise en place d&rsquo;all\u00e9es ou de charmants petits sentiers presque invisibles sous les arbustes d&rsquo;ombre, etc. <\/p>\n\n\n\n<p>Un livre pour les jardiniers amateurs,\u00a0\u00e9clair\u00e9s ou plus d\u00e9butants, mais passionn\u00e9s et qui ont les mains dans la terre\u00a0! Que vous ayez un petit ou un grand jardin, un potager ou des massifs fleuris, une vaste \u00e9tendue bois\u00e9e ou une prairie, ce livre vous offrira tout ce dont vous avez besoin pour aider la nature \u00e0 s&rsquo;\u00e9panouir en harmonie avec votre projet et l&rsquo;apprivoiser avec respect.<\/p>\n\n\n\n<p>Apr\u00e8s avoir v\u00e9cu une partie de sa jeunesse dans une ferme familiale sp\u00e9cialis\u00e9e dans la floriculture, le mara\u00eechage, la fruiticulture et l&rsquo;\u00e9levage, <strong>Olivier Dekeyser<\/strong> <strong>g\u00e8re aujourd&rsquo;hui ses propres terres, travaille avec des professionnels ind\u00e9pendants comme lui<\/strong> (cr\u00e9ation de parcs, de piscines \u00e9cologiques, reboisement) et <strong>enseigne les techniques horticoles en Belgique<\/strong>. Il a \u00e9galement une seconde casquette&nbsp;: <strong>dipl\u00f4m\u00e9 en arts plastiques-publicit\u00e9<\/strong> de l&rsquo;enseignement sup\u00e9rieur St-Luc \u00e0 Bruxelles, il travaille depuis toujours comme cr\u00e9atif, publicitaire, auteur, dessinateur et coloriste.<\/p>\n<div style=\"display:flex; gap:10px;justify-content:center\" class=\"wps-pgfw-pdf-generate-icon__wrapper-frontend\">\n\t\t<a  href=\"http:\/\/srhgx.be\/wordpress\/wp-json\/wp\/v2\/posts\/10051?action=genpdf&amp;id=10051\" class=\"pgfw-single-pdf-download-button\" ><img src=\"http:\/\/srhgx.be\/wordpress\/wp-content\/plugins\/pdf-generator-for-wp\/admin\/src\/images\/PDF_Tray.svg\" title=\"G\u00e9n\u00e9rer un PDF\" style=\"width:auto; height:45px;\"><\/a>\n\t\t<\/div>","protected":false},"excerpt":{"rendered":"<p>Guide pratique pour l&rsquo;am\u00e9nagement et l&rsquo;entretien du jardin Olivier DEKEYSER Novembre 2023\u00a0\u00a0\u00a0\u00a0\u00a0\u00a0\u00a0\u00a0 27 \u20ac\u00a0\u00a0\u00a0\u00a0\u00a0\u00a0\u00a0 \u00c9diteur\u00a0: Eyrolles ISBN\u00a0: 2416010433 Quoi de plus normal que de vouloir acqu\u00e9rir les bonnes connaissances horticoles&hellip;&nbsp;<a href=\"http:\/\/srhgx.be\/wordpress\/jardiner-comme-un-pro\/\" rel=\"bookmark\">Lire la suite &raquo;<span class=\"screen-reader-text\">Jardiner comme un pro<\/span><\/a><\/p>\n","protected":false},"author":10,"featured_media":783,"comment_status":"closed","ping_status":"closed","sticky":false,"template":"","format":"standard","meta":{"neve_meta_sidebar":"","neve_meta_container":"","neve_meta_enable_content_width":"","neve_meta_content_width":0,"neve_meta_title_alignment":"","neve_meta_author_avatar":"","neve_post_elements_order":"","neve_meta_disable_header":"","neve_meta_disable_footer":"","neve_meta_disable_title":"","footnotes":""},"categories":[146,110,1],"tags":[119,53],"ppma_author":[447],"class_list":["post-10051","post","type-post","status-publish","format-standard","has-post-thumbnail","hentry","category-documents","category-livre","category-srhgx","tag-jardinage","tag-potager"],"publishpress_future_action":{"enabled":false,"date":"2026-05-04 18:11:51","action":"change-status","newStatus":"draft","terms":[],"taxonomy":"category","extraData":[]},"publishpress_future_workflow_manual_trigger":{"enabledWorkflows":[]},"authors":[{"term_id":447,"user_id":10,"is_guest":0,"slug":"cblancke","display_name":"Christine BLANCKE","avatar_url":"https:\/\/secure.gravatar.com\/avatar\/973b599229553ee0b848ec49ca3de61a676ccbea8c5d03d2f477ac1a73794615?s=96&d=mm&r=g","1":"","2":"","3":"","4":"","5":"","6":"","7":"","8":""}],"_links":{"self":[{"href":"http:\/\/srhgx.be\/wordpress\/wp-json\/wp\/v2\/posts\/10051","targetHints":{"allow":["GET"]}}],"collection":[{"href":"http:\/\/srhgx.be\/wordpress\/wp-json\/wp\/v2\/posts"}],"about":[{"href":"http:\/\/srhgx.be\/wordpress\/wp-json\/wp\/v2\/types\/post"}],"author":[{"embeddable":true,"href":"http:\/\/srhgx.be\/wordpress\/wp-json\/wp\/v2\/users\/10"}],"replies":[{"embeddable":true,"href":"http:\/\/srhgx.be\/wordpress\/wp-json\/wp\/v2\/comments?post=10051"}],"version-history":[{"count":2,"href":"http:\/\/srhgx.be\/wordpress\/wp-json\/wp\/v2\/posts\/10051\/revisions"}],"predecessor-version":[{"id":10086,"href":"http:\/\/srhgx.be\/wordpress\/wp-json\/wp\/v2\/posts\/10051\/revisions\/10086"}],"wp:featuredmedia":[{"embeddable":true,"href":"http:\/\/srhgx.be\/wordpress\/wp-json\/wp\/v2\/media\/783"}],"wp:attachment":[{"href":"http:\/\/srhgx.be\/wordpress\/wp-json\/wp\/v2\/media?parent=10051"}],"wp:term":[{"taxonomy":"category","embeddable":true,"href":"http:\/\/srhgx.be\/wordpress\/wp-json\/wp\/v2\/categories?post=10051"},{"taxonomy":"post_tag","embeddable":true,"href":"http:\/\/srhgx.be\/wordpress\/wp-json\/wp\/v2\/tags?post=10051"},{"taxonomy":"author","embeddable":true,"href":"http:\/\/srhgx.be\/wordpress\/wp-json\/wp\/v2\/ppma_author?post=10051"}],"curies":[{"name":"wp","href":"https:\/\/api.w.org\/{rel}","templated":true}]}}